{"id":15108,"date":"2017-11-21T12:11:19","date_gmt":"2017-11-21T16:11:19","guid":{"rendered":"http:\/\/blogdalucianaoliveira.com.br\/blog\/?p=15108"},"modified":"2017-11-21T12:11:19","modified_gmt":"2017-11-21T16:11:19","slug":"o-recado-importante-e-o-desimportante","status":"publish","type":"post","link":"http:\/\/blogdalucianaoliveira.com.br\/blog\/2017\/11\/21\/o-recado-importante-e-o-desimportante\/","title":{"rendered":"O recado importante e o desimportante"},"content":{"rendered":"<p><img data-recalc-dims=\"1\" loading=\"lazy\" decoding=\"async\" data-attachment-id=\"15109\" data-permalink=\"http:\/\/blogdalucianaoliveira.com.br\/blog\/2017\/11\/21\/o-recado-importante-e-o-desimportante\/6f7466be-182b-46a1-a509-160c5784d654\/\" data-orig-file=\"https:\/\/i0.wp.com\/blogdalucianaoliveira.com.br\/blog\/wp-content\/uploads\/2017\/11\/6F7466BE-182B-46A1-A509-160C5784D654.png?fit=695%2C713\" data-orig-size=\"695,713\" data-comments-opened=\"0\" data-image-meta=\"{&quot;aperture&quot;:&quot;0&quot;,&quot;credit&quot;:&quot;&quot;,&quot;camera&quot;:&quot;&quot;,&quot;caption&quot;:&quot;&quot;,&quot;created_timestamp&quot;:&quot;0&quot;,&quot;copyright&quot;:&quot;&quot;,&quot;focal_length&quot;:&quot;0&quot;,&quot;iso&quot;:&quot;0&quot;,&quot;shutter_speed&quot;:&quot;0&quot;,&quot;title&quot;:&quot;&quot;,&quot;orientation&quot;:&quot;0&quot;}\" data-image-title=\"6F7466BE-182B-46A1-A509-160C5784D654\" data-image-description=\"\" data-image-caption=\"\" data-medium-file=\"https:\/\/i0.wp.com\/blogdalucianaoliveira.com.br\/blog\/wp-content\/uploads\/2017\/11\/6F7466BE-182B-46A1-A509-160C5784D654.png?fit=292%2C300\" data-large-file=\"https:\/\/i0.wp.com\/blogdalucianaoliveira.com.br\/blog\/wp-content\/uploads\/2017\/11\/6F7466BE-182B-46A1-A509-160C5784D654.png?fit=600%2C616\" src=\"https:\/\/i0.wp.com\/blogdalucianaoliveira.com.br\/blog\/wp-content\/uploads\/2017\/11\/6F7466BE-182B-46A1-A509-160C5784D654.png?resize=600%2C616\" alt=\"6F7466BE-182B-46A1-A509-160C5784D654\" width=\"600\" height=\"616\" class=\"alignnone size-full wp-image-15109\" srcset=\"https:\/\/i0.wp.com\/blogdalucianaoliveira.com.br\/blog\/wp-content\/uploads\/2017\/11\/6F7466BE-182B-46A1-A509-160C5784D654.png?w=695 695w, https:\/\/i0.wp.com\/blogdalucianaoliveira.com.br\/blog\/wp-content\/uploads\/2017\/11\/6F7466BE-182B-46A1-A509-160C5784D654.png?resize=292%2C300 292w\" sizes=\"auto, (max-width: 600px) 100vw, 600px\" \/><\/p>\n<p>\u00d3 gente, o vereador Marcelo Cruz tem um recado pra sociedade que representa. <\/p>\n<p>E eu outro. <!--more--><\/p>\n<p>O meu \u00e9 que o &#8216;Projeto Casamento Comunit\u00e1rio&#8217; ser\u00e1 realizado em Porto Velho pela Defensoria Publica do Estado. <\/p>\n<p>E casais do mesmo sexo podem casar, tal como permite a legisla\u00e7\u00e3o do pa\u00eds. <\/p>\n<p>Ser\u00e3o ofertadas 300 vagas para os casais interessados. Inscri\u00e7\u00e3o ser\u00e1 realizada dia 8 e 9 de dezembro e custa R$ 15.<\/p>\n<p>Se o vereador n\u00e3o aprova, que se dane! \ud83e\udd23 E est\u00e1 devidamente esclarecido que ele defende os direitos de quem pensa como ele. <\/p>\n<p>E que bom que h\u00e1 na C\u00e2mara, vereadores que se submetem \u00e0 lei e o direito de todos.<\/p>\n<p><img data-recalc-dims=\"1\" loading=\"lazy\" decoding=\"async\" data-attachment-id=\"15110\" data-permalink=\"http:\/\/blogdalucianaoliveira.com.br\/blog\/2017\/11\/21\/o-recado-importante-e-o-desimportante\/25767668-c380-442f-ad72-5d459ba92250\/\" data-orig-file=\"https:\/\/i0.wp.com\/blogdalucianaoliveira.com.br\/blog\/wp-content\/uploads\/2017\/11\/25767668-C380-442F-AD72-5D459BA92250.jpeg?fit=640%2C1136\" data-orig-size=\"640,1136\" data-comments-opened=\"0\" data-image-meta=\"{&quot;aperture&quot;:&quot;0&quot;,&quot;credit&quot;:&quot;&quot;,&quot;camera&quot;:&quot;&quot;,&quot;caption&quot;:&quot;&quot;,&quot;created_timestamp&quot;:&quot;0&quot;,&quot;copyright&quot;:&quot;&quot;,&quot;focal_length&quot;:&quot;0&quot;,&quot;iso&quot;:&quot;0&quot;,&quot;shutter_speed&quot;:&quot;0&quot;,&quot;title&quot;:&quot;&quot;,&quot;orientation&quot;:&quot;1&quot;}\" data-image-title=\"25767668-C380-442F-AD72-5D459BA92250\" data-image-description=\"\" data-image-caption=\"\" data-medium-file=\"https:\/\/i0.wp.com\/blogdalucianaoliveira.com.br\/blog\/wp-content\/uploads\/2017\/11\/25767668-C380-442F-AD72-5D459BA92250.jpeg?fit=169%2C300\" data-large-file=\"https:\/\/i0.wp.com\/blogdalucianaoliveira.com.br\/blog\/wp-content\/uploads\/2017\/11\/25767668-C380-442F-AD72-5D459BA92250.jpeg?fit=577%2C1024\" src=\"https:\/\/i0.wp.com\/blogdalucianaoliveira.com.br\/blog\/wp-content\/uploads\/2017\/11\/25767668-C380-442F-AD72-5D459BA92250.jpeg?resize=600%2C1065\" alt=\"25767668-C380-442F-AD72-5D459BA92250\" width=\"600\" height=\"1065\" class=\"alignnone size-full wp-image-15110\" srcset=\"https:\/\/i0.wp.com\/blogdalucianaoliveira.com.br\/blog\/wp-content\/uploads\/2017\/11\/25767668-C380-442F-AD72-5D459BA92250.jpeg?w=640 640w, https:\/\/i0.wp.com\/blogdalucianaoliveira.com.br\/blog\/wp-content\/uploads\/2017\/11\/25767668-C380-442F-AD72-5D459BA92250.jpeg?resize=169%2C300 169w, https:\/\/i0.wp.com\/blogdalucianaoliveira.com.br\/blog\/wp-content\/uploads\/2017\/11\/25767668-C380-442F-AD72-5D459BA92250.jpeg?resize=577%2C1024 577w\" sizes=\"auto, (max-width: 600px) 100vw, 600px\" \/><\/p>\n<p>Segundo publicou o G1, \u201cDe acordo com a DPE-RO, ser\u00e3o ofertadas 300 vagas para casais e o valor da inscri\u00e7\u00e3o \u00e9 de R$ 15. Para se inscrever, os candidatos precisam se encaminhar at\u00e9 a sede da Defensoria, localizada na Rua Padre Chiquinho, Bairro Pedrinhas. Os candidatos que ir\u00e3o se inscrever podem ter renda de at\u00e9 dois sal\u00e1rios m\u00ednimos.<\/p>\n<p>Os interessados precisam apresentar a certid\u00e3o de nascimento para os solteiros, certid\u00e3o de casamento com averba\u00e7\u00e3o de div\u00f3rcio atualizada e certid\u00e3o de casamento com anota\u00e7\u00e3o de \u00f3bito e todos os documentos originais.<\/p>\n<p>J\u00e1 para as testemunhas s\u00e3o necess\u00e1rios o CPF, RG ou a Carteira Nacional de Habilita\u00e7\u00e3o (CNH), com orginais e c\u00f3pias. Ap\u00f3s a triagem os casamentos ser\u00e3o realizado no dia 3 de mar\u00e7o de 2018, em uma faculdade particular da cidade.\u201d<\/p>\n","protected":false},"excerpt":{"rendered":"<p>\u00d3 gente, o vereador Marcelo Cruz tem um recado pra sociedade que representa. E eu outro.<\/p>\n","protected":false},"author":1,"featured_media":0,"comment_status":"closed","ping_status":"open","sticky":false,"template":"","format":"standard","meta":{"_exactmetrics_skip_tracking":false,"_exactmetrics_sitenote_active":false,"_exactmetrics_sitenote_note":"","_exactmetrics_sitenote_category":0,"jetpack_post_was_ever_published":false,"_jetpack_newsletter_access":"","_jetpack_dont_email_post_to_subs":false,"_jetpack_newsletter_tier_id":0,"_jetpack_memberships_contains_paywalled_content":false,"_jetpack_memberships_contains_paid_content":false,"footnotes":"","jetpack_publicize_message":"","jetpack_publicize_feature_enabled":true,"jetpack_social_post_already_shared":true,"jetpack_social_options":{"image_generator_settings":{"template":"highway","enabled":false},"version":2}},"categories":[1],"tags":[],"class_list":["post-15108","post","type-post","status-publish","format-standard","hentry","category-notas"],"jetpack_publicize_connections":[],"jetpack_sharing_enabled":true,"jetpack_featured_media_url":"","jetpack_shortlink":"https:\/\/wp.me\/p7wKYW-3VG","jetpack-related-posts":[],"_links":{"self":[{"href":"http:\/\/blogdalucianaoliveira.com.br\/blog\/wp-json\/wp\/v2\/posts\/15108","targetHints":{"allow":["GET"]}}],"collection":[{"href":"http:\/\/blogdalucianaoliveira.com.br\/blog\/wp-json\/wp\/v2\/posts"}],"about":[{"href":"http:\/\/blogdalucianaoliveira.com.br\/blog\/wp-json\/wp\/v2\/types\/post"}],"author":[{"embeddable":true,"href":"http:\/\/blogdalucianaoliveira.com.br\/blog\/wp-json\/wp\/v2\/users\/1"}],"replies":[{"embeddable":true,"href":"http:\/\/blogdalucianaoliveira.com.br\/blog\/wp-json\/wp\/v2\/comments?post=15108"}],"version-history":[{"count":1,"href":"http:\/\/blogdalucianaoliveira.com.br\/blog\/wp-json\/wp\/v2\/posts\/15108\/revisions"}],"predecessor-version":[{"id":15111,"href":"http:\/\/blogdalucianaoliveira.com.br\/blog\/wp-json\/wp\/v2\/posts\/15108\/revisions\/15111"}],"wp:attachment":[{"href":"http:\/\/blogdalucianaoliveira.com.br\/blog\/wp-json\/wp\/v2\/media?parent=15108"}],"wp:term":[{"taxonomy":"category","embeddable":true,"href":"http:\/\/blogdalucianaoliveira.com.br\/blog\/wp-json\/wp\/v2\/categories?post=15108"},{"taxonomy":"post_tag","embeddable":true,"href":"http:\/\/blogdalucianaoliveira.com.br\/blog\/wp-json\/wp\/v2\/tags?post=15108"}],"curies":[{"name":"wp","href":"https:\/\/api.w.org\/{rel}","templated":true}]}}