{"id":15118,"date":"2017-11-22T15:15:49","date_gmt":"2017-11-22T19:15:49","guid":{"rendered":"http:\/\/blogdalucianaoliveira.com.br\/blog\/?p=15118"},"modified":"2017-11-22T16:21:46","modified_gmt":"2017-11-22T20:21:46","slug":"camara-simula-palestra-para-promover-projeto-contra-diversidade-de-genero-nas-escolas","status":"publish","type":"post","link":"http:\/\/blogdalucianaoliveira.com.br\/blog\/2017\/11\/22\/camara-simula-palestra-para-promover-projeto-contra-diversidade-de-genero-nas-escolas\/","title":{"rendered":"C\u00c2MARA SIMULA PALESTRA PARA PROMOVER PROJETO CONTRA DIVERSIDADE DE G\u00caNERO NAS ESCOLAS"},"content":{"rendered":"<p><img data-recalc-dims=\"1\" loading=\"lazy\" decoding=\"async\" data-attachment-id=\"15119\" data-permalink=\"http:\/\/blogdalucianaoliveira.com.br\/blog\/2017\/11\/22\/camara-simula-palestra-para-promover-projeto-contra-diversidade-de-genero-nas-escolas\/jorn\/\" data-orig-file=\"https:\/\/i0.wp.com\/blogdalucianaoliveira.com.br\/blog\/wp-content\/uploads\/2017\/11\/jorn.jpg?fit=720%2C960\" data-orig-size=\"720,960\" data-comments-opened=\"0\" data-image-meta=\"{&quot;aperture&quot;:&quot;0&quot;,&quot;credit&quot;:&quot;&quot;,&quot;camera&quot;:&quot;&quot;,&quot;caption&quot;:&quot;&quot;,&quot;created_timestamp&quot;:&quot;0&quot;,&quot;copyright&quot;:&quot;&quot;,&quot;focal_length&quot;:&quot;0&quot;,&quot;iso&quot;:&quot;0&quot;,&quot;shutter_speed&quot;:&quot;0&quot;,&quot;title&quot;:&quot;&quot;,&quot;orientation&quot;:&quot;0&quot;}\" data-image-title=\"jorn\" data-image-description=\"\" data-image-caption=\"\" data-medium-file=\"https:\/\/i0.wp.com\/blogdalucianaoliveira.com.br\/blog\/wp-content\/uploads\/2017\/11\/jorn.jpg?fit=225%2C300\" data-large-file=\"https:\/\/i0.wp.com\/blogdalucianaoliveira.com.br\/blog\/wp-content\/uploads\/2017\/11\/jorn.jpg?fit=600%2C800\" src=\"https:\/\/i0.wp.com\/blogdalucianaoliveira.com.br\/blog\/wp-content\/uploads\/2017\/11\/jorn.jpg?resize=600%2C800\" alt=\"jorn\" width=\"600\" height=\"800\" class=\"alignnone size-full wp-image-15119\" srcset=\"https:\/\/i0.wp.com\/blogdalucianaoliveira.com.br\/blog\/wp-content\/uploads\/2017\/11\/jorn.jpg?w=720 720w, https:\/\/i0.wp.com\/blogdalucianaoliveira.com.br\/blog\/wp-content\/uploads\/2017\/11\/jorn.jpg?resize=225%2C300 225w\" sizes=\"auto, (max-width: 600px) 100vw, 600px\" \/><\/p>\n<p>Na manh\u00e3 desta quarta-feira, 22, o legislativo municipal da Capital realizou uma Sess\u00e3o Especial que teria como tema de palestra a restrutura\u00e7\u00e3o familiar. <\/p>\n<p>A bem da verdade, o palestrante s\u00f3 tratou da pol\u00eamica quest\u00e3o sobre ensinar ou n\u00e3o o respeito \u00e0 diversidade de g\u00eanero nas escolas. Seu discurso foi contra pensamentos de intelectuais de esquerda e sobre como crian\u00e7as devem aprender a lidar com a sexualidade nas salas de aula.<\/p>\n<p>Foi um culto evang\u00e9lico, seguido de palestra e depoimentos contra o debate sobre a diversidade sexual e familiar para crian\u00e7as na rede p\u00fablica de ensino.<!--more--><\/p>\n<p>Sem a devida divulga\u00e7\u00e3o, n\u00e3o compareceram sequer os interessados em defender a padroniza\u00e7\u00e3o do conceito de fam\u00edlia sob a \u00f3tica do fundamentalismo religioso.<\/p>\n<p>Poucos vereadores e na galeria, apenas 8 pessoas presenciaram a discuss\u00e3o vazia de dados cient\u00edficos.<\/p>\n<p>S\u00f3 duas vozes dissonantes na sess\u00e3o e sem convite, a da respons\u00e1vel por este blog, como ativista do Centro de Defesa da Crian\u00e7a e do Adolescente Maria dos Anjos (Cedeca) e da advogada Mar\u00edlia Benincasa, da Comiss\u00e3o da Diversidade Sexual da OAB-RO.<\/p>\n<p>Foi como estarmos num bote, em mar revolto, cercadas de tubar\u00f5es. <\/p>\n<div class=\"fb-video\" data-allowfullscreen=\"true\" data-href=\"https:\/\/www.facebook.com\/luciana.oliveira.75457\/videos\/1624336427642254\/\"><\/div>\n<p>O secret\u00e1rio municipal de educa\u00e7\u00e3o fez uma declara\u00e7\u00e3o l\u00facida, esclarecedora, para acalmar os \u00e2nimos.<\/p>\n<p>Mas, foi inevit\u00e1vel o confronto nervoso de posi\u00e7\u00f5es, afinal, a discuss\u00e3o girou em torno de uma quest\u00e3o que n\u00e3o existe, a ideologia de g\u00eanero.<\/p>\n<p>O que naturalmente ocorre com o passar dos tempos \u00e9 a adequa\u00e7\u00e3o\/amplia\u00e7\u00e3o dos debates em sala de aula sobre a pluralidade familiar e a diversidade de g\u00eaneros quando se fala de fam\u00edlia e sexualidade a adolescentes.<\/p>\n<p>E isso ocorre n\u00e3o s\u00f3 por mudan\u00e7as de comportamento, mas por for\u00e7a de novos entendimentos jur\u00eddicos.<\/p>\n<p>Se foram reconhecidas no ordenamento jur\u00eddico a uni\u00e3o est\u00e1vel homoafetiva, a ado\u00e7\u00e3o por homossexuais e a chamada fam\u00edlia parental, n\u00e3o pode a C\u00e2mara de Porto Velho promover um debate s\u00f3 com evang\u00e9licos em campanha para fazer prevalecer o conceito de fam\u00edlia desta parcela da sociedade.<\/p>\n<p>S\u00e3o v\u00e1rias as estruturas familiares que gozam de direitos tanto quanto uma fam\u00edlia que se forma com um homem e uma mulher.<\/p>\n<p>O que o vereador autor do projeto quer, \u00e9 impedir que essa realidade seja debatida nas escolas. Ele e todos que o apoiam contra o debate sobre a pluralidade de g\u00eaneros.<br \/>\nAli\u00e1s, Transexuais e travestis tamb\u00e9m podem ter o nome social inclu\u00eddo no documento de Cadastro de Pessoas F\u00edsicas (CPF). \u00c9 s\u00f3 procurar uma unidade de atendimento da Receita Federal e pedir a inclus\u00e3o.<br \/>\nMarilia Benincasa esclareceu todas as mudan\u00e7as que ampliaram direitos aos chamados LGBTs, e por isso, destacou que sendo realidade, n\u00e3o pode este ser um tema tratado como tabu.<\/p>\n<div class=\"fb-video\" data-allowfullscreen=\"true\" data-href=\"https:\/\/www.facebook.com\/luciana.oliveira.75457\/videos\/1624262304316333\/\"><\/div>\n<p>Se a Constitui\u00e7\u00e3o Federal diz que todos s\u00e3o iguais perante a lei, sem distin\u00e7\u00e3o de qualquer natureza e que a igualdade deve ser promovida, o debate sobre pluralidade familiar e de g\u00eanero n\u00e3o pode ser inibido.<\/p>\n<p>Outro projeto que causa pol\u00eamica \u00e9 o Escola Sem Partido, que acaba influenciando em qualquer discuss\u00e3o sobre fam\u00edlia e material did\u00e1tico.<\/p>\n<p>O movimento Professores Contra o Escola sem Partido criou um mapa para demonstrar onde tramitam projetos que cerceiam a liberdade de estudantes e professores.<\/p>\n<p>\u201cNos 27 estados, 15 t\u00eam projetos tramitando em Assembleias Legislativas que prop\u00f5em \u201cescola sem partido\u201d, \u201cescola livre\u201d ou ainda, no caso de Pernambuco, a proibi\u00e7\u00e3o de \u201cqualquer tem\u00e1tica relacionada a ideologia de g\u00eanero\u201d. Os projetos em \u00e2mbito municipal somam 66, em cidades em 22 estados. Em todas as esferas, apenas nove j\u00e1 foram de fato aprovados.\u201d<\/p>\n<p>A sess\u00e3o de hoje na C\u00e2mara poderia ser \u00fatil se houvesse participa\u00e7\u00e3o de especialistas em educa\u00e7\u00e3o e de representantes dos Minist\u00e9rios P\u00fablicos Estadual e Federal que j\u00e1 disseram por que o debate sobre diversidade de g\u00eanero n\u00e3o pode ser limitado por conceitos religiosos.<\/p>\n<p>Foi um fiasco quanto \u00e0 expectativa de mobiliza\u00e7\u00e3o dos que apoiam o projeto do vereador Marcelo Cruz e absolutamente ineficaz para dissolver a pol\u00eamica.<\/p>\n<p>Pela falta de pluralidade de ideais, foi uma manh\u00e3 de desperd\u00edcio de dinheiro p\u00fablico na C\u00e2mara, afinal, foi feito por e para um grupo de evang\u00e9licos que defendem a limita\u00e7\u00e3o do ensino a um modelo familiar desconectado da realidade.<\/p>\n<p>Se querem qualificar o debate necess\u00e1rio para esclarecer os limites legais a projetos estapaf\u00fardios, promovam uma audi\u00eancia p\u00fablica democr\u00e1tica e com ampla divulga\u00e7\u00e3o.<br \/>\nN\u00e3o ocupem o legislativo municipal para fazer campanha da ideologia do retrocesso.<\/p>\n<p>A vereadora Cristiane Lopes disse que a \u2018casa do povo\u2019 \u00e9 aberta a todos, mas s\u00f3 os evang\u00e9licos foram devidamente convidados para debater um tema que interessa a todos. \u00c9 o direito de todos terem direitos que est\u00e1 em jogo.<\/p>\n<p>Convoquem todos e todas e o plen\u00e1rio n\u00e3o estar\u00e1 decorado s\u00f3 com jornais da Igreja Universal do Reino de Deus. <\/p>\n","protected":false},"excerpt":{"rendered":"<p>Na manh\u00e3 desta quarta-feira, 22, o legislativo municipal da Capital realizou uma Sess\u00e3o Especial que teria como tema de palestra a restrutura\u00e7\u00e3o familiar. A bem da verdade, o palestrante s\u00f3 tratou da pol\u00eamica quest\u00e3o sobre ensinar ou n\u00e3o o respeito \u00e0 diversidade de g\u00eanero nas escolas. Seu discurso foi contra pensamentos de intelectuais de esquerda&#8230;<a class=\"more-link\" href=\"http:\/\/blogdalucianaoliveira.com.br\/blog\/2017\/11\/22\/camara-simula-palestra-para-promover-projeto-contra-diversidade-de-genero-nas-escolas\/\">Continue a leitura <span class=\"meta-nav\">&raquo;<\/span><\/a><\/p>\n","protected":false},"author":1,"featured_media":0,"comment_status":"closed","ping_status":"open","sticky":false,"template":"","format":"standard","meta":{"_exactmetrics_skip_tracking":false,"_exactmetrics_sitenote_active":false,"_exactmetrics_sitenote_note":"","_exactmetrics_sitenote_category":0,"jetpack_post_was_ever_published":false,"_jetpack_newsletter_access":"","_jetpack_dont_email_post_to_subs":false,"_jetpack_newsletter_tier_id":0,"_jetpack_memberships_contains_paywalled_content":false,"_jetpack_memberships_contains_paid_content":false,"footnotes":"","jetpack_publicize_message":"","jetpack_publicize_feature_enabled":true,"jetpack_social_post_already_shared":true,"jetpack_social_options":{"image_generator_settings":{"template":"highway","enabled":false},"version":2}},"categories":[1],"tags":[],"class_list":["post-15118","post","type-post","status-publish","format-standard","hentry","category-notas"],"jetpack_publicize_connections":[],"jetpack_sharing_enabled":true,"jetpack_featured_media_url":"","jetpack_shortlink":"https:\/\/wp.me\/p7wKYW-3VQ","jetpack-related-posts":[],"_links":{"self":[{"href":"http:\/\/blogdalucianaoliveira.com.br\/blog\/wp-json\/wp\/v2\/posts\/15118","targetHints":{"allow":["GET"]}}],"collection":[{"href":"http:\/\/blogdalucianaoliveira.com.br\/blog\/wp-json\/wp\/v2\/posts"}],"about":[{"href":"http:\/\/blogdalucianaoliveira.com.br\/blog\/wp-json\/wp\/v2\/types\/post"}],"author":[{"embeddable":true,"href":"http:\/\/blogdalucianaoliveira.com.br\/blog\/wp-json\/wp\/v2\/users\/1"}],"replies":[{"embeddable":true,"href":"http:\/\/blogdalucianaoliveira.com.br\/blog\/wp-json\/wp\/v2\/comments?post=15118"}],"version-history":[{"count":6,"href":"http:\/\/blogdalucianaoliveira.com.br\/blog\/wp-json\/wp\/v2\/posts\/15118\/revisions"}],"predecessor-version":[{"id":15125,"href":"http:\/\/blogdalucianaoliveira.com.br\/blog\/wp-json\/wp\/v2\/posts\/15118\/revisions\/15125"}],"wp:attachment":[{"href":"http:\/\/blogdalucianaoliveira.com.br\/blog\/wp-json\/wp\/v2\/media?parent=15118"}],"wp:term":[{"taxonomy":"category","embeddable":true,"href":"http:\/\/blogdalucianaoliveira.com.br\/blog\/wp-json\/wp\/v2\/categories?post=15118"},{"taxonomy":"post_tag","embeddable":true,"href":"http:\/\/blogdalucianaoliveira.com.br\/blog\/wp-json\/wp\/v2\/tags?post=15118"}],"curies":[{"name":"wp","href":"https:\/\/api.w.org\/{rel}","templated":true}]}}