{"id":15126,"date":"2017-11-22T16:54:53","date_gmt":"2017-11-22T20:54:53","guid":{"rendered":"http:\/\/blogdalucianaoliveira.com.br\/blog\/?p=15126"},"modified":"2017-11-22T16:54:53","modified_gmt":"2017-11-22T20:54:53","slug":"bolivia-e-o-pais-que-mais-reduziu-a-desigualdade-salarial-na-america-latina","status":"publish","type":"post","link":"http:\/\/blogdalucianaoliveira.com.br\/blog\/2017\/11\/22\/bolivia-e-o-pais-que-mais-reduziu-a-desigualdade-salarial-na-america-latina\/","title":{"rendered":"Bol\u00edvia \u00e9 o pa\u00eds que mais reduziu a desigualdade salarial na Am\u00e9rica Latina"},"content":{"rendered":"<p><img data-recalc-dims=\"1\" loading=\"lazy\" decoding=\"async\" data-attachment-id=\"15127\" data-permalink=\"http:\/\/blogdalucianaoliveira.com.br\/blog\/2017\/11\/22\/bolivia-e-o-pais-que-mais-reduziu-a-desigualdade-salarial-na-america-latina\/bo-2\/\" data-orig-file=\"https:\/\/i0.wp.com\/blogdalucianaoliveira.com.br\/blog\/wp-content\/uploads\/2017\/11\/bo.jpg?fit=640%2C344\" data-orig-size=\"640,344\" data-comments-opened=\"0\" data-image-meta=\"{&quot;aperture&quot;:&quot;0&quot;,&quot;credit&quot;:&quot;&quot;,&quot;camera&quot;:&quot;&quot;,&quot;caption&quot;:&quot;&quot;,&quot;created_timestamp&quot;:&quot;0&quot;,&quot;copyright&quot;:&quot;&quot;,&quot;focal_length&quot;:&quot;0&quot;,&quot;iso&quot;:&quot;0&quot;,&quot;shutter_speed&quot;:&quot;0&quot;,&quot;title&quot;:&quot;&quot;,&quot;orientation&quot;:&quot;0&quot;}\" data-image-title=\"bo\" data-image-description=\"\" data-image-caption=\"\" data-medium-file=\"https:\/\/i0.wp.com\/blogdalucianaoliveira.com.br\/blog\/wp-content\/uploads\/2017\/11\/bo.jpg?fit=300%2C161\" data-large-file=\"https:\/\/i0.wp.com\/blogdalucianaoliveira.com.br\/blog\/wp-content\/uploads\/2017\/11\/bo.jpg?fit=600%2C323\" src=\"https:\/\/i0.wp.com\/blogdalucianaoliveira.com.br\/blog\/wp-content\/uploads\/2017\/11\/bo.jpg?resize=600%2C323\" alt=\"bo\" width=\"600\" height=\"323\" class=\"alignnone size-full wp-image-15127\" srcset=\"https:\/\/i0.wp.com\/blogdalucianaoliveira.com.br\/blog\/wp-content\/uploads\/2017\/11\/bo.jpg?w=640 640w, https:\/\/i0.wp.com\/blogdalucianaoliveira.com.br\/blog\/wp-content\/uploads\/2017\/11\/bo.jpg?resize=300%2C161 300w, https:\/\/i0.wp.com\/blogdalucianaoliveira.com.br\/blog\/wp-content\/uploads\/2017\/11\/bo.jpg?resize=558%2C300 558w\" sizes=\"auto, (max-width: 600px) 100vw, 600px\" \/><\/p>\n<p>Educa\u00e7\u00e3o, aumento do sal\u00e1rio m\u00ednimo e formaliza\u00e7\u00e3o do trabalho influ\u00edram no resultado, segundo o Banco Mundial<\/p>\n<p>No Brasil De Fato,com Notas Periodismo Popular &#8211; Um relat\u00f3rio do Banco Mundial publicado, na semana passada, informa que, nos \u00faltimos anos, a Bol\u00edvia atingiu o melhor desempenho na redu\u00e7\u00e3o da diferen\u00e7a salarial entre os pa\u00edses da Am\u00e9rica Latina.<!--more--><\/p>\n<p>Segundo o coeficiente Gini, par\u00e2metro utilizado na pesquisa, a desigualdade de sal\u00e1rios no pa\u00eds que, em 2003, correspondia a 0,53, agora est\u00e1 em 0,44. O coeficiente de Gini indica um n\u00famero entre 0 e 1, onde 0 corresponde ao melhor indicador, ou seja, a igualdade absoluta; e 1, o pior.<\/p>\n<p>Segundo a pesquisa, este avan\u00e7o se deve principalmente a tr\u00eas aspectos: ao desenvolvimento educacional, ao aumento real do sal\u00e1rio m\u00ednimo nacional e a uma maior formaliza\u00e7\u00e3o do trabalho.<\/p>\n<p>At\u00e9 2005, um ano antes da vit\u00f3ria do atual presidente do pa\u00eds, Evo Morales, o sal\u00e1rio m\u00ednimo nacional era de 440 pesos bolivianos, o que equivale a cerca de 200 reais.<\/p>\n<p>Em 2017, o sal\u00e1rio m\u00ednimo passou a ser 2 mil pesos, equivalente a 940 reais, o que representa um aumento de 400%, enquanto a infla\u00e7\u00e3o anual m\u00e9dia durante esses anos foi de 6%.<\/p>\n<p>O ministro de Trabalho, Emprego e Previd\u00eancia Social, H\u00e9ctor Hinojosa, pontuou que o aumento salarial foi estabelecido como pol\u00edtica de Estado. &#8220;O sal\u00e1rio \u00e9 um mecanismo que dinamiza a economia, \u00e9 uma parte fundamental do nosso modelo, que se sustenta no mercado interno, e \u00e9 preciso dinamiz\u00e1-lo&#8221;, explicou.<\/p>\n<p>O ministro ainda destacou as pol\u00edticas de redu\u00e7\u00e3o do desemprego e afirmou que o governo pretende reduzir a taxa de desemprego a 3,5% antes do final do ano. &#8220;Quando iniciamos o Programa de Apoio ao Emprego [em 2012], a taxa de desemprego estava em 4,5%&#8221;, relembrou. Hinojosa esclareceu que &#8220;com este investimento que estamos fazendo, em quatro ou cinco meses de atividade, chegaremos a 3,5%. \u00c9 o que calculamos&#8221;, disse.<\/p>\n<p>Como aponta o Banco Mundial, a formaliza\u00e7\u00e3o do trabalho &#8211; em uma economia com uma forte tradi\u00e7\u00e3o de trabalho informal &#8211; tamb\u00e9m contribuiu para melhorar os indicadores salariais e a qualidade educacional, considerada &#8220;fundamental para criar habilidades que levem a sal\u00e1rios mais altos e meios de subsist\u00eancia sustent\u00e1veis&#8221;.<\/p>\n<p>O crescimento econ\u00f4mico anual de 4% tamb\u00e9m influiu na redu\u00e7\u00e3o da desigualdade salarial, pois facilitou a distribui\u00e7\u00e3o e a implementa\u00e7\u00e3o de pol\u00edticas p\u00fablicas progressivas. O vice-ministro do Or\u00e7amento e da Contabilidade Fiscal do pa\u00eds, Jaime Dur\u00e1n Chuquimia, assegurou que espera que a Bol\u00edvia &#8220;continue nessa din\u00e2mica para dignificar os sal\u00e1rios dos trabalhadores bolivianos\u201d.<\/p>\n<p>Edi\u00e7\u00e3o: Simone Freire | Tradu\u00e7\u00e3o: Luiza Man\u00e7ano<\/p>\n","protected":false},"excerpt":{"rendered":"<p>Educa\u00e7\u00e3o, aumento do sal\u00e1rio m\u00ednimo e formaliza\u00e7\u00e3o do trabalho influ\u00edram no resultado, segundo o Banco Mundial No Brasil De Fato,com Notas Periodismo Popular &#8211; Um relat\u00f3rio do Banco Mundial publicado, na semana passada, informa que, nos \u00faltimos anos, a Bol\u00edvia atingiu o melhor desempenho na redu\u00e7\u00e3o da diferen\u00e7a salarial entre os pa\u00edses da Am\u00e9rica Latina.<\/p>\n","protected":false},"author":1,"featured_media":0,"comment_status":"closed","ping_status":"open","sticky":false,"template":"","format":"standard","meta":{"_exactmetrics_skip_tracking":false,"_exactmetrics_sitenote_active":false,"_exactmetrics_sitenote_note":"","_exactmetrics_sitenote_category":0,"jetpack_post_was_ever_published":false,"_jetpack_newsletter_access":"","_jetpack_dont_email_post_to_subs":false,"_jetpack_newsletter_tier_id":0,"_jetpack_memberships_contains_paywalled_content":false,"_jetpack_memberships_contains_paid_content":false,"footnotes":"","jetpack_publicize_message":"","jetpack_publicize_feature_enabled":true,"jetpack_social_post_already_shared":true,"jetpack_social_options":{"image_generator_settings":{"template":"highway","enabled":false},"version":2}},"categories":[1],"tags":[],"class_list":["post-15126","post","type-post","status-publish","format-standard","hentry","category-notas"],"jetpack_publicize_connections":[],"jetpack_sharing_enabled":true,"jetpack_featured_media_url":"","jetpack_shortlink":"https:\/\/wp.me\/p7wKYW-3VY","jetpack-related-posts":[],"_links":{"self":[{"href":"http:\/\/blogdalucianaoliveira.com.br\/blog\/wp-json\/wp\/v2\/posts\/15126","targetHints":{"allow":["GET"]}}],"collection":[{"href":"http:\/\/blogdalucianaoliveira.com.br\/blog\/wp-json\/wp\/v2\/posts"}],"about":[{"href":"http:\/\/blogdalucianaoliveira.com.br\/blog\/wp-json\/wp\/v2\/types\/post"}],"author":[{"embeddable":true,"href":"http:\/\/blogdalucianaoliveira.com.br\/blog\/wp-json\/wp\/v2\/users\/1"}],"replies":[{"embeddable":true,"href":"http:\/\/blogdalucianaoliveira.com.br\/blog\/wp-json\/wp\/v2\/comments?post=15126"}],"version-history":[{"count":1,"href":"http:\/\/blogdalucianaoliveira.com.br\/blog\/wp-json\/wp\/v2\/posts\/15126\/revisions"}],"predecessor-version":[{"id":15128,"href":"http:\/\/blogdalucianaoliveira.com.br\/blog\/wp-json\/wp\/v2\/posts\/15126\/revisions\/15128"}],"wp:attachment":[{"href":"http:\/\/blogdalucianaoliveira.com.br\/blog\/wp-json\/wp\/v2\/media?parent=15126"}],"wp:term":[{"taxonomy":"category","embeddable":true,"href":"http:\/\/blogdalucianaoliveira.com.br\/blog\/wp-json\/wp\/v2\/categories?post=15126"},{"taxonomy":"post_tag","embeddable":true,"href":"http:\/\/blogdalucianaoliveira.com.br\/blog\/wp-json\/wp\/v2\/tags?post=15126"}],"curies":[{"name":"wp","href":"https:\/\/api.w.org\/{rel}","templated":true}]}}