{"id":15139,"date":"2017-11-23T14:23:41","date_gmt":"2017-11-23T18:23:41","guid":{"rendered":"http:\/\/blogdalucianaoliveira.com.br\/blog\/?p=15139"},"modified":"2017-11-23T15:05:28","modified_gmt":"2017-11-23T19:05:28","slug":"encurralada-por-seguranca-de-temer-so-por-causa-de-uma-camiseta","status":"publish","type":"post","link":"http:\/\/blogdalucianaoliveira.com.br\/blog\/2017\/11\/23\/encurralada-por-seguranca-de-temer-so-por-causa-de-uma-camiseta\/","title":{"rendered":"ENCURRALADA POR SEGURAN\u00c7A DE TEMER S\u00d3 POR CAUSA DE UMA CAMISETA"},"content":{"rendered":"<p><img data-recalc-dims=\"1\" loading=\"lazy\" decoding=\"async\" data-attachment-id=\"15140\" data-permalink=\"http:\/\/blogdalucianaoliveira.com.br\/blog\/2017\/11\/23\/encurralada-por-seguranca-de-temer-so-por-causa-de-uma-camiseta\/cercada\/\" data-orig-file=\"https:\/\/i0.wp.com\/blogdalucianaoliveira.com.br\/blog\/wp-content\/uploads\/2017\/11\/cercada.jpg?fit=960%2C539\" data-orig-size=\"960,539\" data-comments-opened=\"0\" data-image-meta=\"{&quot;aperture&quot;:&quot;0&quot;,&quot;credit&quot;:&quot;&quot;,&quot;camera&quot;:&quot;&quot;,&quot;caption&quot;:&quot;&quot;,&quot;created_timestamp&quot;:&quot;0&quot;,&quot;copyright&quot;:&quot;&quot;,&quot;focal_length&quot;:&quot;0&quot;,&quot;iso&quot;:&quot;0&quot;,&quot;shutter_speed&quot;:&quot;0&quot;,&quot;title&quot;:&quot;&quot;,&quot;orientation&quot;:&quot;0&quot;}\" data-image-title=\"cercada\" data-image-description=\"\" data-image-caption=\"\" data-medium-file=\"https:\/\/i0.wp.com\/blogdalucianaoliveira.com.br\/blog\/wp-content\/uploads\/2017\/11\/cercada.jpg?fit=300%2C168\" data-large-file=\"https:\/\/i0.wp.com\/blogdalucianaoliveira.com.br\/blog\/wp-content\/uploads\/2017\/11\/cercada.jpg?fit=600%2C337\" class=\"alignnone size-full wp-image-15140\" src=\"https:\/\/i0.wp.com\/blogdalucianaoliveira.com.br\/blog\/wp-content\/uploads\/2017\/11\/cercada.jpg?resize=600%2C337\" alt=\"cercada\" width=\"600\" height=\"337\" srcset=\"https:\/\/i0.wp.com\/blogdalucianaoliveira.com.br\/blog\/wp-content\/uploads\/2017\/11\/cercada.jpg?w=960 960w, https:\/\/i0.wp.com\/blogdalucianaoliveira.com.br\/blog\/wp-content\/uploads\/2017\/11\/cercada.jpg?resize=300%2C168 300w, https:\/\/i0.wp.com\/blogdalucianaoliveira.com.br\/blog\/wp-content\/uploads\/2017\/11\/cercada.jpg?resize=768%2C431 768w, https:\/\/i0.wp.com\/blogdalucianaoliveira.com.br\/blog\/wp-content\/uploads\/2017\/11\/cercada.jpg?resize=534%2C300 534w\" sizes=\"auto, (max-width: 600px) 100vw, 600px\" \/><\/p>\n<p>&nbsp;<\/p>\n<p>A intimida\u00e7\u00e3o ao meu trabalho jornal\u00edstico ocorreu na inaugura\u00e7\u00e3o do Hospital de C\u00e2ncer da Amaz\u00f4nia, inaugurado com a presen\u00e7a do presidente golpista Michel Temer e quase toda a bancada federal rondoniense, al\u00e9m do presidente da Assembleia Legislativa, da C\u00e2mara de Vereadores, prefeito da capital e governador.<\/p>\n<p>Como colunista do portal de not\u00edcias Brasil 247, passei pelo credenciamento como jornalista e tive a bolsa revistada para ter acesso \u00e0 \u00e1rea destinada \u00e0 imprensa.<!--more--><\/p>\n<p>Tudo certo, n\u00e3o fosse a camiseta com os dizeres: Fora Temer. Um ato solit\u00e1rio e pac\u00edfico, incapaz de amea\u00e7ar a ordem no recinto.<\/p>\n<p>A cada passo, um olhar de estranheza e intimida\u00e7\u00e3o.<\/p>\n<p>Somente pessoas autorizadas e a imprensa puderam acompanhar o evento num audit\u00f3rio, justamente para que s\u00f3 os aplausos a Temer sejam mostrados nos ve\u00edculos de comunica\u00e7\u00e3o.<\/p>\n<p>Ouvi por duas horas os discursos enfadonhos de pol\u00edticos, muitos investigados por corrup\u00e7\u00e3o.<\/p>\n<p>Registrei, anotei, fiz o que todo jornalista foi fazer l\u00e1.<\/p>\n<p>A diferen\u00e7a \u00e9 que permaneci submetida ao constrangimento dos agentes da seguran\u00e7a do presidente.<\/p>\n<p>Pela primeira vez em 26 anos de jornalismo senti ao cobrir um evento, a viola\u00e7\u00e3o das garantias constitucionais de liberdade de imprensa e de express\u00e3o.<\/p>\n<p><img data-recalc-dims=\"1\" loading=\"lazy\" decoding=\"async\" data-attachment-id=\"15151\" data-permalink=\"http:\/\/blogdalucianaoliveira.com.br\/blog\/2017\/11\/23\/encurralada-por-seguranca-de-temer-so-por-causa-de-uma-camiseta\/f0330fcd-9818-43dc-9fa0-a663e694e5f2\/\" data-orig-file=\"https:\/\/i0.wp.com\/blogdalucianaoliveira.com.br\/blog\/wp-content\/uploads\/2017\/11\/F0330FCD-9818-43DC-9FA0-A663E694E5F2.jpeg?fit=1280%2C720\" data-orig-size=\"1280,720\" data-comments-opened=\"0\" data-image-meta=\"{&quot;aperture&quot;:&quot;0&quot;,&quot;credit&quot;:&quot;&quot;,&quot;camera&quot;:&quot;&quot;,&quot;caption&quot;:&quot;&quot;,&quot;created_timestamp&quot;:&quot;0&quot;,&quot;copyright&quot;:&quot;&quot;,&quot;focal_length&quot;:&quot;0&quot;,&quot;iso&quot;:&quot;0&quot;,&quot;shutter_speed&quot;:&quot;0&quot;,&quot;title&quot;:&quot;&quot;,&quot;orientation&quot;:&quot;1&quot;}\" data-image-title=\"F0330FCD-9818-43DC-9FA0-A663E694E5F2\" data-image-description=\"\" data-image-caption=\"\" data-medium-file=\"https:\/\/i0.wp.com\/blogdalucianaoliveira.com.br\/blog\/wp-content\/uploads\/2017\/11\/F0330FCD-9818-43DC-9FA0-A663E694E5F2.jpeg?fit=300%2C169\" data-large-file=\"https:\/\/i0.wp.com\/blogdalucianaoliveira.com.br\/blog\/wp-content\/uploads\/2017\/11\/F0330FCD-9818-43DC-9FA0-A663E694E5F2.jpeg?fit=600%2C338\" src=\"https:\/\/i0.wp.com\/blogdalucianaoliveira.com.br\/blog\/wp-content\/uploads\/2017\/11\/F0330FCD-9818-43DC-9FA0-A663E694E5F2.jpeg?resize=600%2C338\" alt=\"F0330FCD-9818-43DC-9FA0-A663E694E5F2\" width=\"600\" height=\"338\" class=\"alignnone size-full wp-image-15151\" srcset=\"https:\/\/i0.wp.com\/blogdalucianaoliveira.com.br\/blog\/wp-content\/uploads\/2017\/11\/F0330FCD-9818-43DC-9FA0-A663E694E5F2.jpeg?w=1280 1280w, https:\/\/i0.wp.com\/blogdalucianaoliveira.com.br\/blog\/wp-content\/uploads\/2017\/11\/F0330FCD-9818-43DC-9FA0-A663E694E5F2.jpeg?resize=300%2C169 300w, https:\/\/i0.wp.com\/blogdalucianaoliveira.com.br\/blog\/wp-content\/uploads\/2017\/11\/F0330FCD-9818-43DC-9FA0-A663E694E5F2.jpeg?resize=768%2C432 768w, https:\/\/i0.wp.com\/blogdalucianaoliveira.com.br\/blog\/wp-content\/uploads\/2017\/11\/F0330FCD-9818-43DC-9FA0-A663E694E5F2.jpeg?resize=1024%2C576 1024w, https:\/\/i0.wp.com\/blogdalucianaoliveira.com.br\/blog\/wp-content\/uploads\/2017\/11\/F0330FCD-9818-43DC-9FA0-A663E694E5F2.jpeg?resize=533%2C300 533w, https:\/\/i0.wp.com\/blogdalucianaoliveira.com.br\/blog\/wp-content\/uploads\/2017\/11\/F0330FCD-9818-43DC-9FA0-A663E694E5F2.jpeg?w=1200 1200w\" sizes=\"auto, (max-width: 600px) 100vw, 600px\" \/><\/p>\n<p><img data-recalc-dims=\"1\" loading=\"lazy\" decoding=\"async\" data-attachment-id=\"15152\" data-permalink=\"http:\/\/blogdalucianaoliveira.com.br\/blog\/2017\/11\/23\/encurralada-por-seguranca-de-temer-so-por-causa-de-uma-camiseta\/127cb2c8-cf37-4cf9-bc46-710db9447309\/\" data-orig-file=\"https:\/\/i0.wp.com\/blogdalucianaoliveira.com.br\/blog\/wp-content\/uploads\/2017\/11\/127CB2C8-CF37-4CF9-BC46-710DB9447309.jpeg?fit=1280%2C720\" data-orig-size=\"1280,720\" data-comments-opened=\"0\" data-image-meta=\"{&quot;aperture&quot;:&quot;0&quot;,&quot;credit&quot;:&quot;&quot;,&quot;camera&quot;:&quot;&quot;,&quot;caption&quot;:&quot;&quot;,&quot;created_timestamp&quot;:&quot;0&quot;,&quot;copyright&quot;:&quot;&quot;,&quot;focal_length&quot;:&quot;0&quot;,&quot;iso&quot;:&quot;0&quot;,&quot;shutter_speed&quot;:&quot;0&quot;,&quot;title&quot;:&quot;&quot;,&quot;orientation&quot;:&quot;1&quot;}\" data-image-title=\"127CB2C8-CF37-4CF9-BC46-710DB9447309\" data-image-description=\"\" data-image-caption=\"\" data-medium-file=\"https:\/\/i0.wp.com\/blogdalucianaoliveira.com.br\/blog\/wp-content\/uploads\/2017\/11\/127CB2C8-CF37-4CF9-BC46-710DB9447309.jpeg?fit=300%2C169\" data-large-file=\"https:\/\/i0.wp.com\/blogdalucianaoliveira.com.br\/blog\/wp-content\/uploads\/2017\/11\/127CB2C8-CF37-4CF9-BC46-710DB9447309.jpeg?fit=600%2C338\" src=\"https:\/\/i0.wp.com\/blogdalucianaoliveira.com.br\/blog\/wp-content\/uploads\/2017\/11\/127CB2C8-CF37-4CF9-BC46-710DB9447309.jpeg?resize=600%2C338\" alt=\"127CB2C8-CF37-4CF9-BC46-710DB9447309\" width=\"600\" height=\"338\" class=\"alignnone size-full wp-image-15152\" srcset=\"https:\/\/i0.wp.com\/blogdalucianaoliveira.com.br\/blog\/wp-content\/uploads\/2017\/11\/127CB2C8-CF37-4CF9-BC46-710DB9447309.jpeg?w=1280 1280w, https:\/\/i0.wp.com\/blogdalucianaoliveira.com.br\/blog\/wp-content\/uploads\/2017\/11\/127CB2C8-CF37-4CF9-BC46-710DB9447309.jpeg?resize=300%2C169 300w, https:\/\/i0.wp.com\/blogdalucianaoliveira.com.br\/blog\/wp-content\/uploads\/2017\/11\/127CB2C8-CF37-4CF9-BC46-710DB9447309.jpeg?resize=768%2C432 768w, https:\/\/i0.wp.com\/blogdalucianaoliveira.com.br\/blog\/wp-content\/uploads\/2017\/11\/127CB2C8-CF37-4CF9-BC46-710DB9447309.jpeg?resize=1024%2C576 1024w, https:\/\/i0.wp.com\/blogdalucianaoliveira.com.br\/blog\/wp-content\/uploads\/2017\/11\/127CB2C8-CF37-4CF9-BC46-710DB9447309.jpeg?resize=533%2C300 533w, https:\/\/i0.wp.com\/blogdalucianaoliveira.com.br\/blog\/wp-content\/uploads\/2017\/11\/127CB2C8-CF37-4CF9-BC46-710DB9447309.jpeg?w=1200 1200w\" sizes=\"auto, (max-width: 600px) 100vw, 600px\" \/><\/p>\n<p>Ao sair antecipadamente para evitar o ca\u00f3tico tr\u00e2nsito que se formou ao longo da BR-364, uma agente da seguran\u00e7a me seguiu e perguntou onde eu estava indo.<\/p>\n<p>Respondi que ia embora, pois j\u00e1 tinha feito meu trabalho. N\u00e3o satisfeita, perguntou qual caminho tomaria para sair do local.<\/p>\n<p>Virei \u00e0s costas e fui seguida por outros cinco agentes at\u00e9 poucos metros da entrada do local. Um deles, me acompanhou at\u00e9 o fim e me pediu desculpas. Me disse ainda um \u201ctamo junto\u201d, em refer\u00eancia \u00e0 camiseta que eu usei com a inten\u00e7\u00e3o de protestar e n\u00e3o de provocar desordem.<\/p>\n<div class=\"fb-post\" data-href=\"https:\/\/www.facebook.com\/luciana.oliveira.75457\/posts\/1625692344173329\" data-width=\"552\"><\/div>\n<p>As fotos em que apare\u00e7o encurralada e seguida por seguran\u00e7as de Temer ao fazer meu trabalho foram feitas por colegas de imprensa que testemunharam o fato injustific\u00e1vel.<\/p>\n<p><img data-recalc-dims=\"1\" loading=\"lazy\" decoding=\"async\" data-attachment-id=\"15143\" data-permalink=\"http:\/\/blogdalucianaoliveira.com.br\/blog\/2017\/11\/23\/encurralada-por-seguranca-de-temer-so-por-causa-de-uma-camiseta\/b829a75a-9feb-4ddb-8f88-a909ae38b751\/\" data-orig-file=\"https:\/\/i0.wp.com\/blogdalucianaoliveira.com.br\/blog\/wp-content\/uploads\/2017\/11\/B829A75A-9FEB-4DDB-8F88-A909AE38B751.jpeg?fit=1280%2C885\" data-orig-size=\"1280,885\" data-comments-opened=\"0\" data-image-meta=\"{&quot;aperture&quot;:&quot;0&quot;,&quot;credit&quot;:&quot;&quot;,&quot;camera&quot;:&quot;&quot;,&quot;caption&quot;:&quot;&quot;,&quot;created_timestamp&quot;:&quot;0&quot;,&quot;copyright&quot;:&quot;&quot;,&quot;focal_length&quot;:&quot;0&quot;,&quot;iso&quot;:&quot;0&quot;,&quot;shutter_speed&quot;:&quot;0&quot;,&quot;title&quot;:&quot;&quot;,&quot;orientation&quot;:&quot;1&quot;}\" data-image-title=\"B829A75A-9FEB-4DDB-8F88-A909AE38B751\" data-image-description=\"\" data-image-caption=\"\" data-medium-file=\"https:\/\/i0.wp.com\/blogdalucianaoliveira.com.br\/blog\/wp-content\/uploads\/2017\/11\/B829A75A-9FEB-4DDB-8F88-A909AE38B751.jpeg?fit=300%2C207\" data-large-file=\"https:\/\/i0.wp.com\/blogdalucianaoliveira.com.br\/blog\/wp-content\/uploads\/2017\/11\/B829A75A-9FEB-4DDB-8F88-A909AE38B751.jpeg?fit=600%2C415\" src=\"https:\/\/i0.wp.com\/blogdalucianaoliveira.com.br\/blog\/wp-content\/uploads\/2017\/11\/B829A75A-9FEB-4DDB-8F88-A909AE38B751.jpeg?resize=600%2C415\" alt=\"B829A75A-9FEB-4DDB-8F88-A909AE38B751\" width=\"600\" height=\"415\" class=\"alignnone size-full wp-image-15143\" srcset=\"https:\/\/i0.wp.com\/blogdalucianaoliveira.com.br\/blog\/wp-content\/uploads\/2017\/11\/B829A75A-9FEB-4DDB-8F88-A909AE38B751.jpeg?w=1280 1280w, https:\/\/i0.wp.com\/blogdalucianaoliveira.com.br\/blog\/wp-content\/uploads\/2017\/11\/B829A75A-9FEB-4DDB-8F88-A909AE38B751.jpeg?resize=300%2C207 300w, https:\/\/i0.wp.com\/blogdalucianaoliveira.com.br\/blog\/wp-content\/uploads\/2017\/11\/B829A75A-9FEB-4DDB-8F88-A909AE38B751.jpeg?resize=768%2C531 768w, https:\/\/i0.wp.com\/blogdalucianaoliveira.com.br\/blog\/wp-content\/uploads\/2017\/11\/B829A75A-9FEB-4DDB-8F88-A909AE38B751.jpeg?resize=1024%2C708 1024w, https:\/\/i0.wp.com\/blogdalucianaoliveira.com.br\/blog\/wp-content\/uploads\/2017\/11\/B829A75A-9FEB-4DDB-8F88-A909AE38B751.jpeg?resize=434%2C300 434w, https:\/\/i0.wp.com\/blogdalucianaoliveira.com.br\/blog\/wp-content\/uploads\/2017\/11\/B829A75A-9FEB-4DDB-8F88-A909AE38B751.jpeg?w=1200 1200w\" sizes=\"auto, (max-width: 600px) 100vw, 600px\" \/><\/p>\n<p><img data-recalc-dims=\"1\" loading=\"lazy\" decoding=\"async\" data-attachment-id=\"15144\" data-permalink=\"http:\/\/blogdalucianaoliveira.com.br\/blog\/2017\/11\/23\/encurralada-por-seguranca-de-temer-so-por-causa-de-uma-camiseta\/ff2cf870-0dfb-48b1-92cb-429dad1764aa\/\" data-orig-file=\"https:\/\/i0.wp.com\/blogdalucianaoliveira.com.br\/blog\/wp-content\/uploads\/2017\/11\/FF2CF870-0DFB-48B1-92CB-429DAD1764AA.jpeg?fit=987%2C1280\" data-orig-size=\"987,1280\" data-comments-opened=\"0\" data-image-meta=\"{&quot;aperture&quot;:&quot;0&quot;,&quot;credit&quot;:&quot;&quot;,&quot;camera&quot;:&quot;&quot;,&quot;caption&quot;:&quot;&quot;,&quot;created_timestamp&quot;:&quot;0&quot;,&quot;copyright&quot;:&quot;&quot;,&quot;focal_length&quot;:&quot;0&quot;,&quot;iso&quot;:&quot;0&quot;,&quot;shutter_speed&quot;:&quot;0&quot;,&quot;title&quot;:&quot;&quot;,&quot;orientation&quot;:&quot;1&quot;}\" data-image-title=\"FF2CF870-0DFB-48B1-92CB-429DAD1764AA\" data-image-description=\"\" data-image-caption=\"\" data-medium-file=\"https:\/\/i0.wp.com\/blogdalucianaoliveira.com.br\/blog\/wp-content\/uploads\/2017\/11\/FF2CF870-0DFB-48B1-92CB-429DAD1764AA.jpeg?fit=231%2C300\" data-large-file=\"https:\/\/i0.wp.com\/blogdalucianaoliveira.com.br\/blog\/wp-content\/uploads\/2017\/11\/FF2CF870-0DFB-48B1-92CB-429DAD1764AA.jpeg?fit=600%2C778\" src=\"https:\/\/i0.wp.com\/blogdalucianaoliveira.com.br\/blog\/wp-content\/uploads\/2017\/11\/FF2CF870-0DFB-48B1-92CB-429DAD1764AA.jpeg?resize=600%2C778\" alt=\"FF2CF870-0DFB-48B1-92CB-429DAD1764AA\" width=\"600\" height=\"778\" class=\"alignnone size-full wp-image-15144\" srcset=\"https:\/\/i0.wp.com\/blogdalucianaoliveira.com.br\/blog\/wp-content\/uploads\/2017\/11\/FF2CF870-0DFB-48B1-92CB-429DAD1764AA.jpeg?w=987 987w, https:\/\/i0.wp.com\/blogdalucianaoliveira.com.br\/blog\/wp-content\/uploads\/2017\/11\/FF2CF870-0DFB-48B1-92CB-429DAD1764AA.jpeg?resize=231%2C300 231w, https:\/\/i0.wp.com\/blogdalucianaoliveira.com.br\/blog\/wp-content\/uploads\/2017\/11\/FF2CF870-0DFB-48B1-92CB-429DAD1764AA.jpeg?resize=768%2C996 768w, https:\/\/i0.wp.com\/blogdalucianaoliveira.com.br\/blog\/wp-content\/uploads\/2017\/11\/FF2CF870-0DFB-48B1-92CB-429DAD1764AA.jpeg?resize=790%2C1024 790w\" sizes=\"auto, (max-width: 600px) 100vw, 600px\" \/><\/p>\n<p>&nbsp;<\/p>\n<p>Hoje eu, amanh\u00e3 quantos jornalistas mais?<\/p>\n<p>Nem Michel Temer, nem todo o forte aparato de seguran\u00e7a, nem seus asseclas e muito menos a bancada federal de Rond\u00f4nia me submeteram ao medo de informar e protestar contra o governo golpista e corrupto.<\/p>\n<p>Da pr\u00f3xima vez irei com a mesma camiseta e at\u00e9 para facilitar protestos, j\u00e1 que sou a vigiada com tanto rigor por tantos agentes de seguran\u00e7a.<\/p>\n<p>Fui e voltei sozinha do circo montado para aplaudir Temer, com a cara, a coragem e a camiseta de luta.<\/p>\n<p>Fora Temer!<\/p>\n<p>Fora essa bancada federal que usou palavras como gratid\u00e3o e ben\u00e7\u00e3o divina para celebrar a vinda do presidente golpista.<\/p>\n<p>Dos 18 pol\u00edticos que o ladearam, contei 4 que n\u00e3o t\u00eam processos na justi\u00e7a.<\/p>\n<p>Estavam l\u00e1, o senador Valdir Raupp que \u00e9 r\u00e9u na Lava Jato, o senador Ivo Cassol que foi condenado \u00e0 unanimidade por fraude em licita\u00e7\u00f5es e deputados investigados por v\u00e1rios il\u00edcitos.<\/p>\n<p>Mas, a minha camiseta \u00e9 que sugeriu perigo.<\/p>\n<p>&nbsp;<\/p>\n<div class=\"fb-video\" data-allowfullscreen=\"true\" data-href=\"https:\/\/www.facebook.com\/luciana.oliveira.75457\/videos\/1625677674174796\/\"><\/div>\n<p>&nbsp;<\/p>\n<p>&nbsp;<\/p>\n<p>&nbsp;<\/p>\n<p>&nbsp;<\/p>\n<p>&nbsp;<\/p>\n<p>&nbsp;<\/p>\n<p>&nbsp;<\/p>\n<p>&nbsp;<\/p>\n<p>&nbsp;<\/p>\n<p>&nbsp;<\/p>\n","protected":false},"excerpt":{"rendered":"<p>&nbsp; A intimida\u00e7\u00e3o ao meu trabalho jornal\u00edstico ocorreu na inaugura\u00e7\u00e3o do Hospital de C\u00e2ncer da Amaz\u00f4nia, inaugurado com a presen\u00e7a do presidente golpista Michel Temer e quase toda a bancada federal rondoniense, al\u00e9m do presidente da Assembleia Legislativa, da C\u00e2mara de Vereadores, prefeito da capital e governador. Como colunista do portal de not\u00edcias Brasil 247,&#8230;<a class=\"more-link\" href=\"http:\/\/blogdalucianaoliveira.com.br\/blog\/2017\/11\/23\/encurralada-por-seguranca-de-temer-so-por-causa-de-uma-camiseta\/\">Continue a leitura <span class=\"meta-nav\">&raquo;<\/span><\/a><\/p>\n","protected":false},"author":1,"featured_media":0,"comment_status":"closed","ping_status":"open","sticky":false,"template":"","format":"standard","meta":{"_exactmetrics_skip_tracking":false,"_exactmetrics_sitenote_active":false,"_exactmetrics_sitenote_note":"","_exactmetrics_sitenote_category":0,"jetpack_post_was_ever_published":false,"_jetpack_newsletter_access":"","_jetpack_dont_email_post_to_subs":false,"_jetpack_newsletter_tier_id":0,"_jetpack_memberships_contains_paywalled_content":false,"_jetpack_memberships_contains_paid_content":false,"footnotes":"","jetpack_publicize_message":"","jetpack_publicize_feature_enabled":true,"jetpack_social_post_already_shared":true,"jetpack_social_options":{"image_generator_settings":{"template":"highway","enabled":false},"version":2}},"categories":[1],"tags":[],"class_list":["post-15139","post","type-post","status-publish","format-standard","hentry","category-notas"],"jetpack_publicize_connections":[],"jetpack_sharing_enabled":true,"jetpack_featured_media_url":"","jetpack_shortlink":"https:\/\/wp.me\/p7wKYW-3Wb","jetpack-related-posts":[],"_links":{"self":[{"href":"http:\/\/blogdalucianaoliveira.com.br\/blog\/wp-json\/wp\/v2\/posts\/15139","targetHints":{"allow":["GET"]}}],"collection":[{"href":"http:\/\/blogdalucianaoliveira.com.br\/blog\/wp-json\/wp\/v2\/posts"}],"about":[{"href":"http:\/\/blogdalucianaoliveira.com.br\/blog\/wp-json\/wp\/v2\/types\/post"}],"author":[{"embeddable":true,"href":"http:\/\/blogdalucianaoliveira.com.br\/blog\/wp-json\/wp\/v2\/users\/1"}],"replies":[{"embeddable":true,"href":"http:\/\/blogdalucianaoliveira.com.br\/blog\/wp-json\/wp\/v2\/comments?post=15139"}],"version-history":[{"count":8,"href":"http:\/\/blogdalucianaoliveira.com.br\/blog\/wp-json\/wp\/v2\/posts\/15139\/revisions"}],"predecessor-version":[{"id":15153,"href":"http:\/\/blogdalucianaoliveira.com.br\/blog\/wp-json\/wp\/v2\/posts\/15139\/revisions\/15153"}],"wp:attachment":[{"href":"http:\/\/blogdalucianaoliveira.com.br\/blog\/wp-json\/wp\/v2\/media?parent=15139"}],"wp:term":[{"taxonomy":"category","embeddable":true,"href":"http:\/\/blogdalucianaoliveira.com.br\/blog\/wp-json\/wp\/v2\/categories?post=15139"},{"taxonomy":"post_tag","embeddable":true,"href":"http:\/\/blogdalucianaoliveira.com.br\/blog\/wp-json\/wp\/v2\/tags?post=15139"}],"curies":[{"name":"wp","href":"https:\/\/api.w.org\/{rel}","templated":true}]}}