{"id":15154,"date":"2017-11-23T16:43:21","date_gmt":"2017-11-23T20:43:21","guid":{"rendered":"http:\/\/blogdalucianaoliveira.com.br\/blog\/?p=15154"},"modified":"2017-11-23T16:52:10","modified_gmt":"2017-11-23T20:52:10","slug":"ro-temer-e-recebido-com-bajulacao-por-politicos-enrolados-na-justica","status":"publish","type":"post","link":"http:\/\/blogdalucianaoliveira.com.br\/blog\/2017\/11\/23\/ro-temer-e-recebido-com-bajulacao-por-politicos-enrolados-na-justica\/","title":{"rendered":"RO: TEMER \u00c9 RECEBIDO COM BAJULA\u00c7\u00c3O POR POL\u00cdTICOS ENROLADOS NA JUSTI\u00c7A"},"content":{"rendered":"<p><img data-recalc-dims=\"1\" loading=\"lazy\" decoding=\"async\" data-attachment-id=\"15155\" data-permalink=\"http:\/\/blogdalucianaoliveira.com.br\/blog\/2017\/11\/23\/ro-temer-e-recebido-com-bajulacao-por-politicos-enrolados-na-justica\/tete1\/\" data-orig-file=\"https:\/\/i0.wp.com\/blogdalucianaoliveira.com.br\/blog\/wp-content\/uploads\/2017\/11\/tete1.jpg?fit=728%2C410\" data-orig-size=\"728,410\" data-comments-opened=\"0\" data-image-meta=\"{&quot;aperture&quot;:&quot;0&quot;,&quot;credit&quot;:&quot;&quot;,&quot;camera&quot;:&quot;&quot;,&quot;caption&quot;:&quot;&quot;,&quot;created_timestamp&quot;:&quot;0&quot;,&quot;copyright&quot;:&quot;&quot;,&quot;focal_length&quot;:&quot;0&quot;,&quot;iso&quot;:&quot;0&quot;,&quot;shutter_speed&quot;:&quot;0&quot;,&quot;title&quot;:&quot;&quot;,&quot;orientation&quot;:&quot;1&quot;}\" data-image-title=\"tete1\" data-image-description=\"\" data-image-caption=\"\" data-medium-file=\"https:\/\/i0.wp.com\/blogdalucianaoliveira.com.br\/blog\/wp-content\/uploads\/2017\/11\/tete1.jpg?fit=300%2C169\" data-large-file=\"https:\/\/i0.wp.com\/blogdalucianaoliveira.com.br\/blog\/wp-content\/uploads\/2017\/11\/tete1.jpg?fit=600%2C338\" src=\"https:\/\/i0.wp.com\/blogdalucianaoliveira.com.br\/blog\/wp-content\/uploads\/2017\/11\/tete1.jpg?resize=600%2C338\" alt=\"tete1\" width=\"600\" height=\"338\" class=\"alignnone size-full wp-image-15155\" srcset=\"https:\/\/i0.wp.com\/blogdalucianaoliveira.com.br\/blog\/wp-content\/uploads\/2017\/11\/tete1.jpg?w=728 728w, https:\/\/i0.wp.com\/blogdalucianaoliveira.com.br\/blog\/wp-content\/uploads\/2017\/11\/tete1.jpg?resize=300%2C169 300w, https:\/\/i0.wp.com\/blogdalucianaoliveira.com.br\/blog\/wp-content\/uploads\/2017\/11\/tete1.jpg?resize=533%2C300 533w\" sizes=\"auto, (max-width: 600px) 100vw, 600px\" \/><\/p>\n<p>Poucos passaram pela revista e credenciamento para ver de perto o presidente golpista e acusado de corrup\u00e7\u00e3o, Michel Temer, inaugurar o Hospital de Amor da Amaz\u00f4nia, uma extens\u00e3o do Hospital do C\u00e2ncer de Barretos.<\/p>\n<p>O aparato de seguran\u00e7a foi pequeno e fr\u00e1gil, mas suficiente para fazer com que a imprensa rondoniense registrasse s\u00f3 aplausos e elogios a Temer.<!--more--><\/p>\n<p>Praticamente toda a bancada federal de Rond\u00f4nia acompanhou a inaugura\u00e7\u00e3o, al\u00e9m do presidente da Assembleia Legislativa do Estado, do presidente da C\u00e2mara de Vereadores, prefeito da capital e governador.<\/p>\n<p>Dos 18 pol\u00edticos que o ladearam, 4 que n\u00e3o t\u00eam processos na justi\u00e7a.<\/p>\n<p>Estavam o senador Valdir Raupp (PMDB-RO) que \u00e9 r\u00e9u na Lava Jato, o senador Ivo Cassol (PP-RO) que foi condenado \u00e0 unanimidade no Supremo Tribunal Federal por fraude em licita\u00e7\u00f5es e deputados que processados por v\u00e1rios tipos de il\u00edcitos.<\/p>\n<p>Todos que usaram o microfone se apropriaram da palavra \u2018amor\u2019 que identifica o hospital, para agradecer o que o presidente tem feito pelo estado e pelo pa\u00eds.<\/p>\n<p>Todos ignoraram completamente que a for\u00e7a propulsora das reformas desse governo \u00e9 o desprezo com os mais pobres para manter privil\u00e9gios dos mais ricos.<\/p>\n<p>Faltou amor quando o presidente ileg\u00edtimo mandou e o legislativo aprovou o congelamento de gastos em servi\u00e7os essenciais por 20 anos.<\/p>\n<p>Faltou amor nas reformas trabalhista e da previd\u00eancia, que extinguem direitos conquistados com muita luta por d\u00e9cadas.<\/p>\n<p>Temer chamou de \u201cextraordin\u00e1rias\u201d as reformas e disse que sempre foram um anseio da sociedade.<\/p>\n<p>Disse isso, ciente de que ambas as reformas t\u00eam reprova\u00e7\u00e3o popular quase absoluta desde que foram encaminhadas.<\/p>\n<p>\u201cEu atendo o postulado da sociedade brasileira com o apoio do Congresso Nacional. \u00c9 isso que pode reunificar, unir o pa\u00eds\u201d, ressaltou.<\/p>\n<p>Isso, vindo do presidente com a maior rejei\u00e7\u00e3o da hist\u00f3ria da pol\u00edtica brasileira, soaria como uma afronta e resultaria em protestos se n\u00e3o tivesse sido impedida a participa\u00e7\u00e3o do povo no audit\u00f3rio. <\/p>\n<p>Temer mente, por onde vai, foge do povo e mente.<\/p>\n<p>Henrique Prata, que sempre gozou de prest\u00edgio no comando Hospital de C\u00e2ncer de Barretos, pareceu nanico ao endeusar o presidente que foi denunciado pela Procuradoria Geral da Rep\u00fablica como chefe de quadrilha.<\/p>\n<p>\u201cUm homem t\u00e3o simples, t\u00e3o humilde. Nossas av\u00f3s eram devotas de S\u00e3o Pedro. Ele me recebeu no dia de S\u00e3o Pedro e herdamos a devo\u00e7\u00e3o\u201d.<\/p>\n<p>Por esse elogio, Michel Temer elegeu a palavra \u201creligiosidade\u201d para definir sua passagem por Rond\u00f4nia.<\/p>\n<p>Foi um evento para deixar claro que o presidente alvo de duas den\u00fancias por corrup\u00e7\u00e3o, tem apoio.<\/p>\n<p>Ao menos, apoio de parlamentares e asseclas que como ele, n\u00e3o amam os brasileiros que mais precisam de pol\u00edticas p\u00fablicas que reduzam a desigualdade social.<\/p>\n","protected":false},"excerpt":{"rendered":"<p>Poucos passaram pela revista e credenciamento para ver de perto o presidente golpista e acusado de corrup\u00e7\u00e3o, Michel Temer, inaugurar o Hospital de Amor da Amaz\u00f4nia, uma extens\u00e3o do Hospital do C\u00e2ncer de Barretos. O aparato de seguran\u00e7a foi pequeno e fr\u00e1gil, mas suficiente para fazer com que a imprensa rondoniense registrasse s\u00f3 aplausos e&#8230;<a class=\"more-link\" href=\"http:\/\/blogdalucianaoliveira.com.br\/blog\/2017\/11\/23\/ro-temer-e-recebido-com-bajulacao-por-politicos-enrolados-na-justica\/\">Continue a leitura <span class=\"meta-nav\">&raquo;<\/span><\/a><\/p>\n","protected":false},"author":1,"featured_media":0,"comment_status":"closed","ping_status":"open","sticky":false,"template":"","format":"standard","meta":{"_exactmetrics_skip_tracking":false,"_exactmetrics_sitenote_active":false,"_exactmetrics_sitenote_note":"","_exactmetrics_sitenote_category":0,"jetpack_post_was_ever_published":false,"_jetpack_newsletter_access":"","_jetpack_dont_email_post_to_subs":false,"_jetpack_newsletter_tier_id":0,"_jetpack_memberships_contains_paywalled_content":false,"_jetpack_memberships_contains_paid_content":false,"footnotes":"","jetpack_publicize_message":"","jetpack_publicize_feature_enabled":true,"jetpack_social_post_already_shared":true,"jetpack_social_options":{"image_generator_settings":{"template":"highway","enabled":false},"version":2}},"categories":[1],"tags":[],"class_list":["post-15154","post","type-post","status-publish","format-standard","hentry","category-notas"],"jetpack_publicize_connections":[],"jetpack_sharing_enabled":true,"jetpack_featured_media_url":"","jetpack_shortlink":"https:\/\/wp.me\/p7wKYW-3Wq","jetpack-related-posts":[],"_links":{"self":[{"href":"http:\/\/blogdalucianaoliveira.com.br\/blog\/wp-json\/wp\/v2\/posts\/15154","targetHints":{"allow":["GET"]}}],"collection":[{"href":"http:\/\/blogdalucianaoliveira.com.br\/blog\/wp-json\/wp\/v2\/posts"}],"about":[{"href":"http:\/\/blogdalucianaoliveira.com.br\/blog\/wp-json\/wp\/v2\/types\/post"}],"author":[{"embeddable":true,"href":"http:\/\/blogdalucianaoliveira.com.br\/blog\/wp-json\/wp\/v2\/users\/1"}],"replies":[{"embeddable":true,"href":"http:\/\/blogdalucianaoliveira.com.br\/blog\/wp-json\/wp\/v2\/comments?post=15154"}],"version-history":[{"count":5,"href":"http:\/\/blogdalucianaoliveira.com.br\/blog\/wp-json\/wp\/v2\/posts\/15154\/revisions"}],"predecessor-version":[{"id":15160,"href":"http:\/\/blogdalucianaoliveira.com.br\/blog\/wp-json\/wp\/v2\/posts\/15154\/revisions\/15160"}],"wp:attachment":[{"href":"http:\/\/blogdalucianaoliveira.com.br\/blog\/wp-json\/wp\/v2\/media?parent=15154"}],"wp:term":[{"taxonomy":"category","embeddable":true,"href":"http:\/\/blogdalucianaoliveira.com.br\/blog\/wp-json\/wp\/v2\/categories?post=15154"},{"taxonomy":"post_tag","embeddable":true,"href":"http:\/\/blogdalucianaoliveira.com.br\/blog\/wp-json\/wp\/v2\/tags?post=15154"}],"curies":[{"name":"wp","href":"https:\/\/api.w.org\/{rel}","templated":true}]}}