{"id":15161,"date":"2017-11-24T09:13:09","date_gmt":"2017-11-24T13:13:09","guid":{"rendered":"http:\/\/blogdalucianaoliveira.com.br\/blog\/?p=15161"},"modified":"2017-11-24T09:13:09","modified_gmt":"2017-11-24T13:13:09","slug":"como-o-liberal-bolsonaro-enriqueceu-com-sua-familia-mamando-no-poder-publico","status":"publish","type":"post","link":"http:\/\/blogdalucianaoliveira.com.br\/blog\/2017\/11\/24\/como-o-liberal-bolsonaro-enriqueceu-com-sua-familia-mamando-no-poder-publico\/","title":{"rendered":"Como o \u201cliberal\u201d Bolsonaro enriqueceu com sua fam\u00edlia mamando no poder p\u00fablico"},"content":{"rendered":"<p><img data-recalc-dims=\"1\" loading=\"lazy\" decoding=\"async\" data-attachment-id=\"15162\" data-permalink=\"http:\/\/blogdalucianaoliveira.com.br\/blog\/2017\/11\/24\/como-o-liberal-bolsonaro-enriqueceu-com-sua-familia-mamando-no-poder-publico\/bols\/\" data-orig-file=\"https:\/\/i0.wp.com\/blogdalucianaoliveira.com.br\/blog\/wp-content\/uploads\/2017\/11\/bols.jpg?fit=600%2C338\" data-orig-size=\"600,338\" data-comments-opened=\"0\" data-image-meta=\"{&quot;aperture&quot;:&quot;0&quot;,&quot;credit&quot;:&quot;&quot;,&quot;camera&quot;:&quot;&quot;,&quot;caption&quot;:&quot;&quot;,&quot;created_timestamp&quot;:&quot;0&quot;,&quot;copyright&quot;:&quot;&quot;,&quot;focal_length&quot;:&quot;0&quot;,&quot;iso&quot;:&quot;0&quot;,&quot;shutter_speed&quot;:&quot;0&quot;,&quot;title&quot;:&quot;&quot;,&quot;orientation&quot;:&quot;0&quot;}\" data-image-title=\"bols\" data-image-description=\"\" data-image-caption=\"\" data-medium-file=\"https:\/\/i0.wp.com\/blogdalucianaoliveira.com.br\/blog\/wp-content\/uploads\/2017\/11\/bols.jpg?fit=300%2C169\" data-large-file=\"https:\/\/i0.wp.com\/blogdalucianaoliveira.com.br\/blog\/wp-content\/uploads\/2017\/11\/bols.jpg?fit=600%2C338\" src=\"https:\/\/i0.wp.com\/blogdalucianaoliveira.com.br\/blog\/wp-content\/uploads\/2017\/11\/bols.jpg?resize=600%2C338\" alt=\"bols\" width=\"600\" height=\"338\" class=\"alignnone size-full wp-image-15162\" srcset=\"https:\/\/i0.wp.com\/blogdalucianaoliveira.com.br\/blog\/wp-content\/uploads\/2017\/11\/bols.jpg?w=600 600w, https:\/\/i0.wp.com\/blogdalucianaoliveira.com.br\/blog\/wp-content\/uploads\/2017\/11\/bols.jpg?resize=300%2C169 300w, https:\/\/i0.wp.com\/blogdalucianaoliveira.com.br\/blog\/wp-content\/uploads\/2017\/11\/bols.jpg?resize=533%2C300 533w\" sizes=\"auto, (max-width: 600px) 100vw, 600px\" \/><\/p>\n<p>No DCM, por Marcos Sacramento &#8211; Dono de pautas gen\u00e9ricas e de apelo popular como \u201ccombate \u00e0 corrup\u00e7\u00e3o\u201d, defesa dos \u201cvalores crist\u00e3os\u201d e de leis mais r\u00edgidas para punir criminosos, Jair Bolsonaro \u00e9 \u00eddolo de uma massa pouco instru\u00edda politicamente e revoltada com o que ele chama de \u201cpol\u00edticos tradicionais\u201d.<!--more--><\/p>\n<p>Contudo, uma an\u00e1lise nas \u00faltimas declara\u00e7\u00f5es de bens do deputado federal indica que o maior compromisso do patriarca do cl\u00e3 pol\u00edtico Bolsonaro \u00e9 com a pr\u00f3pria sa\u00fade financeira.<\/p>\n<p>De acordo com dados do TSE, entre os pleitos de 2010 e 2014 a renda do parlamentar subiu 97%, j\u00e1 levando em considera\u00e7\u00e3o os efeitos da infla\u00e7\u00e3o sobre o valor declarado em 2010.<\/p>\n<p>Em 2010, a renda por ele declarada foi de R$ 826.670,46. Quatro anos mais tarde, saltou para R$ 2.074.692,43, valor que inclui cinco im\u00f3veis, entre os quais dois que n\u00e3o constavam na declara\u00e7\u00e3o anterior.<\/p>\n<p>S\u00e3o duas casas localizadas na Barra da Tijuca, no Rio de Janeiro. Uma est\u00e1 registrada com o valor de R$ 400 mil e a outra de R$ 500 mil, bem abaixo do pre\u00e7o m\u00e9dio dos im\u00f3veis na regi\u00e3o repleta de mans\u00f5es.<\/p>\n<p>A diferen\u00e7a entre os valores no documento apresentado \u00e0 Justi\u00e7a Eleitoral e o pre\u00e7o de mercado \u00e9 comum nas declara\u00e7\u00f5es de bens dos pol\u00edticos e est\u00e1 dentro de legisla\u00e7\u00e3o, que permite a declara\u00e7\u00e3o do valor constatado durante aquisi\u00e7\u00e3o do bem, sem exigir a atualiza\u00e7\u00e3o nos casos de valoriza\u00e7\u00e3o.<\/p>\n<p>Este detalhe n\u00e3o indica irregularidades por parte de Bolsonaro, embora mostre que na realidade ele \u00e9 mais rico do que a sua declara\u00e7\u00e3o de bens deixa a entender.<\/p>\n<p>Bolsonaro pode ser grosseiro e pr\u00f3digo em solu\u00e7\u00f5es est\u00fapidas para os problemas do pa\u00eds, mas de bobo n\u00e3o tem nada. Pelo que a evolu\u00e7\u00e3o do seu patrim\u00f4nio demonstra, ser o \u00eddolo de uma multid\u00e3o de marmanjos e de um punhado de mulheres \u00e9 um excelente neg\u00f3cio.<\/p>\n<p>Eleito vereador pelo Rio de Janeiro em 1988, no rastro da fama conquistada em reivindica\u00e7\u00f5es salariais para os militares, o capit\u00e3o do ex\u00e9rcito n\u00e3o exerceu nenhum cargo fora da pol\u00edtica dali em diante. Elegeu-se deputado federal em 1990 e n\u00e3o saiu mais da C\u00e2mara dos Deputados.<\/p>\n<p>Fiel a ideais reacion\u00e1rios, n\u00e3o tem a mesma lealdade em rela\u00e7\u00e3o aos partidos pol\u00edticos. Come\u00e7ou no PDC (e nas deriva\u00e7\u00f5es PPR e PPB), saltou por PTB, PFL, PP, PSC e por enquanto est\u00e1 no PEN, um partido nanico em vias de mudar o nome para Patriotas.<\/p>\n<p>Um nome mais indicado seria Partido Bolsonarista Brasileiro, pois junto com o Jair estar\u00e3o no PEN os filhos Carlos, vereador no Rio de Janeiro desde 2000, quando foi eleito aos 17 anos, Eduardo, deputado federal por S\u00e3o Paulo, e o primog\u00eanito Fl\u00e1vio Bolsonaro, deputado estadual pelo Rio de Janeiro.<\/p>\n<p>Este \u00faltimo, ali\u00e1s, tem um curr\u00edculo que renderia milh\u00f5es de memes para o WhatsApp se o seu pai fosse o petista ex-presidente da Rep\u00fablica. Eleito deputado em 2002, aos 21 anos, foi reeleito sucessivamente at\u00e9 hoje. Na primeira declara\u00e7\u00e3o de bens constava um patrim\u00f4nio de R$ 25 mil, referente a um autom\u00f3vel Gol 1.0 Turbo, ano 2001, para ser mais exato.<\/p>\n<p>Quatro anos mais tarde, no pleito de 2006, seu patrim\u00f4nio decolou para R$ 385 mil, ou 992% a mais, considerando a infla\u00e7\u00e3o no per\u00edodo. Sua renda continuou subindo, mas de forma menos brusca, chegando ao patrim\u00f4nio de R$ 690.978,23 em 2010. Em 2014 o acr\u00e9scimo foi modesto, ficando em R$ 714.394,69.<\/p>\n<p>Mas a declara\u00e7\u00e3o de bens de 2002 d\u00e1 uma pista de que o primog\u00eanito de Jair Bolsonaro j\u00e1 pagava suas contas gra\u00e7as ao poder p\u00fablico bem antes de se tornar deputado.<\/p>\n<p>Na c\u00f3pia do recibo da declara\u00e7\u00e3o de imposto de renda apresentada \u00e0 Justi\u00e7a Eleitoral consta, no campo \u201crendimentos tribut\u00e1veis recebidos de pessoas jur\u00eddicas\u201d, o valor de R$ 56.548,63 recebidos da C\u00e2mara dos Deputados no ano de 2001.<\/p>\n<p>O montante, corrigido pelo IPC-A, equivale hoje a R$ 152.630,36. Dividindo a quantia por 13 (sal\u00e1rios mensais mais 13\u00ba) daria uma renda mensal de R$ 11.740,79, formid\u00e1vel para um rapaz de 21 anos. Na sua p\u00e1gina, Fl\u00e1vio Bolsonaro afirma que defende a \u201cimport\u00e2ncia do trabalho e do m\u00e9rito como mais justos crit\u00e9rios de progresso social\u201d.<\/p>\n<p>O \u00fanico m\u00e9rito vis\u00edvel, neste caso, \u00e9 ser filho de um pol\u00edtico histri\u00f4nico e com produtividade parlamentar raqu\u00edtica, cujas promessas rasteiras e irrealiz\u00e1veis atingem diretamente o f\u00edgado do eleitorado \u00e1vido por um salvador da p\u00e1tria.<\/p>\n<p>De acordo com um relat\u00f3rio a respeito de Jair Bolsonaro elaborado pelo Ex\u00e9rcito na d\u00e9cada de 1980, o ent\u00e3o jovem oficial foi descrito como algu\u00e9m com \u201cexcessiva ambi\u00e7\u00e3o em realizar-se financeira e economicamente\u201d.<\/p>\n<p>As planilhas da Justi\u00e7a Eleitoral e a prole desde cedo agarrada ao poder est\u00e3o a\u00ed para comprovar o quanto Bolsonaro foi bem sucedido nos seus prop\u00f3sitos dos tempos da caserna.<\/p>\n","protected":false},"excerpt":{"rendered":"<p>No DCM, por Marcos Sacramento &#8211; Dono de pautas gen\u00e9ricas e de apelo popular como \u201ccombate \u00e0 corrup\u00e7\u00e3o\u201d, defesa dos \u201cvalores crist\u00e3os\u201d e de leis mais r\u00edgidas para punir criminosos, Jair Bolsonaro \u00e9 \u00eddolo de uma massa pouco instru\u00edda politicamente e revoltada com o que ele chama de \u201cpol\u00edticos tradicionais\u201d.<\/p>\n","protected":false},"author":1,"featured_media":0,"comment_status":"closed","ping_status":"open","sticky":false,"template":"","format":"standard","meta":{"_exactmetrics_skip_tracking":false,"_exactmetrics_sitenote_active":false,"_exactmetrics_sitenote_note":"","_exactmetrics_sitenote_category":0,"jetpack_post_was_ever_published":false,"_jetpack_newsletter_access":"","_jetpack_dont_email_post_to_subs":false,"_jetpack_newsletter_tier_id":0,"_jetpack_memberships_contains_paywalled_content":false,"_jetpack_memberships_contains_paid_content":false,"footnotes":"","jetpack_publicize_message":"","jetpack_publicize_feature_enabled":true,"jetpack_social_post_already_shared":true,"jetpack_social_options":{"image_generator_settings":{"template":"highway","enabled":false},"version":2}},"categories":[1],"tags":[],"class_list":["post-15161","post","type-post","status-publish","format-standard","hentry","category-notas"],"jetpack_publicize_connections":[],"jetpack_sharing_enabled":true,"jetpack_featured_media_url":"","jetpack_shortlink":"https:\/\/wp.me\/p7wKYW-3Wx","jetpack-related-posts":[],"_links":{"self":[{"href":"http:\/\/blogdalucianaoliveira.com.br\/blog\/wp-json\/wp\/v2\/posts\/15161","targetHints":{"allow":["GET"]}}],"collection":[{"href":"http:\/\/blogdalucianaoliveira.com.br\/blog\/wp-json\/wp\/v2\/posts"}],"about":[{"href":"http:\/\/blogdalucianaoliveira.com.br\/blog\/wp-json\/wp\/v2\/types\/post"}],"author":[{"embeddable":true,"href":"http:\/\/blogdalucianaoliveira.com.br\/blog\/wp-json\/wp\/v2\/users\/1"}],"replies":[{"embeddable":true,"href":"http:\/\/blogdalucianaoliveira.com.br\/blog\/wp-json\/wp\/v2\/comments?post=15161"}],"version-history":[{"count":2,"href":"http:\/\/blogdalucianaoliveira.com.br\/blog\/wp-json\/wp\/v2\/posts\/15161\/revisions"}],"predecessor-version":[{"id":15164,"href":"http:\/\/blogdalucianaoliveira.com.br\/blog\/wp-json\/wp\/v2\/posts\/15161\/revisions\/15164"}],"wp:attachment":[{"href":"http:\/\/blogdalucianaoliveira.com.br\/blog\/wp-json\/wp\/v2\/media?parent=15161"}],"wp:term":[{"taxonomy":"category","embeddable":true,"href":"http:\/\/blogdalucianaoliveira.com.br\/blog\/wp-json\/wp\/v2\/categories?post=15161"},{"taxonomy":"post_tag","embeddable":true,"href":"http:\/\/blogdalucianaoliveira.com.br\/blog\/wp-json\/wp\/v2\/tags?post=15161"}],"curies":[{"name":"wp","href":"https:\/\/api.w.org\/{rel}","templated":true}]}}