{"id":15169,"date":"2017-11-24T11:14:10","date_gmt":"2017-11-24T15:14:10","guid":{"rendered":"http:\/\/blogdalucianaoliveira.com.br\/blog\/?p=15169"},"modified":"2017-11-24T11:44:03","modified_gmt":"2017-11-24T15:44:03","slug":"nota-da-abcp-diretoria-regional-centro-norte","status":"publish","type":"post","link":"http:\/\/blogdalucianaoliveira.com.br\/blog\/2017\/11\/24\/nota-da-abcp-diretoria-regional-centro-norte\/","title":{"rendered":"NOTA DA ABCP &#8211; DIRETORIA REGIONAL CENTRO-NORTE"},"content":{"rendered":"<p><img data-recalc-dims=\"1\" loading=\"lazy\" decoding=\"async\" data-attachment-id=\"15170\" data-permalink=\"http:\/\/blogdalucianaoliveira.com.br\/blog\/2017\/11\/24\/nota-da-abcp-diretoria-regional-centro-norte\/ab\/\" data-orig-file=\"https:\/\/i0.wp.com\/blogdalucianaoliveira.com.br\/blog\/wp-content\/uploads\/2017\/11\/ab.jpg?fit=960%2C228\" data-orig-size=\"960,228\" data-comments-opened=\"0\" data-image-meta=\"{&quot;aperture&quot;:&quot;0&quot;,&quot;credit&quot;:&quot;&quot;,&quot;camera&quot;:&quot;&quot;,&quot;caption&quot;:&quot;&quot;,&quot;created_timestamp&quot;:&quot;0&quot;,&quot;copyright&quot;:&quot;&quot;,&quot;focal_length&quot;:&quot;0&quot;,&quot;iso&quot;:&quot;0&quot;,&quot;shutter_speed&quot;:&quot;0&quot;,&quot;title&quot;:&quot;&quot;,&quot;orientation&quot;:&quot;0&quot;}\" data-image-title=\"ab\" data-image-description=\"\" data-image-caption=\"\" data-medium-file=\"https:\/\/i0.wp.com\/blogdalucianaoliveira.com.br\/blog\/wp-content\/uploads\/2017\/11\/ab.jpg?fit=300%2C71\" data-large-file=\"https:\/\/i0.wp.com\/blogdalucianaoliveira.com.br\/blog\/wp-content\/uploads\/2017\/11\/ab.jpg?fit=600%2C143\" class=\"alignnone size-full wp-image-15170\" src=\"https:\/\/i0.wp.com\/blogdalucianaoliveira.com.br\/blog\/wp-content\/uploads\/2017\/11\/ab.jpg?resize=600%2C143\" alt=\"ab\" width=\"600\" height=\"143\" srcset=\"https:\/\/i0.wp.com\/blogdalucianaoliveira.com.br\/blog\/wp-content\/uploads\/2017\/11\/ab.jpg?w=960 960w, https:\/\/i0.wp.com\/blogdalucianaoliveira.com.br\/blog\/wp-content\/uploads\/2017\/11\/ab.jpg?resize=300%2C71 300w, https:\/\/i0.wp.com\/blogdalucianaoliveira.com.br\/blog\/wp-content\/uploads\/2017\/11\/ab.jpg?resize=768%2C182 768w, https:\/\/i0.wp.com\/blogdalucianaoliveira.com.br\/blog\/wp-content\/uploads\/2017\/11\/ab.jpg?resize=800%2C190 800w\" sizes=\"auto, (max-width: 600px) 100vw, 600px\" \/><\/p>\n<p>A Diretoria Regional Centro-Norte da Associa\u00e7\u00e3o Brasileira de Ci\u00eancia Pol\u00edtica expressa sua preocupa\u00e7\u00e3o com os sucessivos atos contr\u00e1rios ao exerc\u00edcio da liberdade de express\u00e3o e a manifesta\u00e7\u00e3o do livre pensamento. Na quinta-feira, dia 23 de novembro, em Porto Velho, Rond\u00f4nia, a jornalista, blogueira e colunista do portal Brasil 247, Luciana Oliveira, foi cercada e acompanhada por agentes que faziam a seguran\u00e7a do presidente Michel Temer, durante evento oficial de inaugura\u00e7\u00e3o do Hospital de Amor da Amaz\u00f4nia, somente por estar vestida com uma camisa com a inscri\u00e7\u00e3o \u201cFora Temer\u201d.<!--more--><\/p>\n<p>Ap\u00f3s mais de 30 anos da transi\u00e7\u00e3o da ditadura \u00e0 democracia e o restabelecimento das liberdades pol\u00edticas, acontecimentos como o ocorrido em Porto Velho demonstram os riscos iminentes \u00e0s garantias constitucionais dos cidad\u00e3os, sinalizando para tempos cada vez mais incertos da vida institucional brasileira.<\/p>\n<p>leia sobre o ocorrido aqui: <\/p>\n<p>ENCURRALADA POR SEGURAN\u00c7A DE TEMER S\u00d3 POR CAUSA DE UMA CAMISETA http:\/\/blogdalucianaoliveira.com.br\/blog\/2017\/11\/23\/encurralada-por-seguranca-de-temer-so-por-causa-de-uma-camiseta\/<br \/>\n&nbsp;<\/p>\n","protected":false},"excerpt":{"rendered":"<p>A Diretoria Regional Centro-Norte da Associa\u00e7\u00e3o Brasileira de Ci\u00eancia Pol\u00edtica expressa sua preocupa\u00e7\u00e3o com os sucessivos atos contr\u00e1rios ao exerc\u00edcio da liberdade de express\u00e3o e a manifesta\u00e7\u00e3o do livre pensamento. Na quinta-feira, dia 23 de novembro, em Porto Velho, Rond\u00f4nia, a jornalista, blogueira e colunista do portal Brasil 247, Luciana Oliveira, foi cercada e acompanhada&#8230;<a class=\"more-link\" href=\"http:\/\/blogdalucianaoliveira.com.br\/blog\/2017\/11\/24\/nota-da-abcp-diretoria-regional-centro-norte\/\">Continue a leitura <span class=\"meta-nav\">&raquo;<\/span><\/a><\/p>\n","protected":false},"author":1,"featured_media":0,"comment_status":"closed","ping_status":"open","sticky":false,"template":"","format":"standard","meta":{"_exactmetrics_skip_tracking":false,"_exactmetrics_sitenote_active":false,"_exactmetrics_sitenote_note":"","_exactmetrics_sitenote_category":0,"jetpack_post_was_ever_published":false,"_jetpack_newsletter_access":"","_jetpack_dont_email_post_to_subs":false,"_jetpack_newsletter_tier_id":0,"_jetpack_memberships_contains_paywalled_content":false,"_jetpack_memberships_contains_paid_content":false,"footnotes":"","jetpack_publicize_message":"","jetpack_publicize_feature_enabled":true,"jetpack_social_post_already_shared":true,"jetpack_social_options":{"image_generator_settings":{"template":"highway","enabled":false},"version":2}},"categories":[1],"tags":[],"class_list":["post-15169","post","type-post","status-publish","format-standard","hentry","category-notas"],"jetpack_publicize_connections":[],"jetpack_sharing_enabled":true,"jetpack_featured_media_url":"","jetpack_shortlink":"https:\/\/wp.me\/p7wKYW-3WF","jetpack-related-posts":[],"_links":{"self":[{"href":"http:\/\/blogdalucianaoliveira.com.br\/blog\/wp-json\/wp\/v2\/posts\/15169","targetHints":{"allow":["GET"]}}],"collection":[{"href":"http:\/\/blogdalucianaoliveira.com.br\/blog\/wp-json\/wp\/v2\/posts"}],"about":[{"href":"http:\/\/blogdalucianaoliveira.com.br\/blog\/wp-json\/wp\/v2\/types\/post"}],"author":[{"embeddable":true,"href":"http:\/\/blogdalucianaoliveira.com.br\/blog\/wp-json\/wp\/v2\/users\/1"}],"replies":[{"embeddable":true,"href":"http:\/\/blogdalucianaoliveira.com.br\/blog\/wp-json\/wp\/v2\/comments?post=15169"}],"version-history":[{"count":4,"href":"http:\/\/blogdalucianaoliveira.com.br\/blog\/wp-json\/wp\/v2\/posts\/15169\/revisions"}],"predecessor-version":[{"id":15174,"href":"http:\/\/blogdalucianaoliveira.com.br\/blog\/wp-json\/wp\/v2\/posts\/15169\/revisions\/15174"}],"wp:attachment":[{"href":"http:\/\/blogdalucianaoliveira.com.br\/blog\/wp-json\/wp\/v2\/media?parent=15169"}],"wp:term":[{"taxonomy":"category","embeddable":true,"href":"http:\/\/blogdalucianaoliveira.com.br\/blog\/wp-json\/wp\/v2\/categories?post=15169"},{"taxonomy":"post_tag","embeddable":true,"href":"http:\/\/blogdalucianaoliveira.com.br\/blog\/wp-json\/wp\/v2\/tags?post=15169"}],"curies":[{"name":"wp","href":"https:\/\/api.w.org\/{rel}","templated":true}]}}