{"id":15175,"date":"2017-11-24T12:28:13","date_gmt":"2017-11-24T16:28:13","guid":{"rendered":"http:\/\/blogdalucianaoliveira.com.br\/blog\/?p=15175"},"modified":"2017-11-24T12:28:13","modified_gmt":"2017-11-24T16:28:13","slug":"centrais-convocam-greve-geral-contra-reforma-da-previdencia","status":"publish","type":"post","link":"http:\/\/blogdalucianaoliveira.com.br\/blog\/2017\/11\/24\/centrais-convocam-greve-geral-contra-reforma-da-previdencia\/","title":{"rendered":"CENTRAIS CONVOCAM GREVE GERAL CONTRA REFORMA DA PREVID\u00caNCIA"},"content":{"rendered":"<p><img data-recalc-dims=\"1\" loading=\"lazy\" decoding=\"async\" data-attachment-id=\"15176\" data-permalink=\"http:\/\/blogdalucianaoliveira.com.br\/blog\/2017\/11\/24\/centrais-convocam-greve-geral-contra-reforma-da-previdencia\/gr\/\" data-orig-file=\"https:\/\/i0.wp.com\/blogdalucianaoliveira.com.br\/blog\/wp-content\/uploads\/2017\/11\/gr.jpg?fit=1000%2C357\" data-orig-size=\"1000,357\" data-comments-opened=\"0\" data-image-meta=\"{&quot;aperture&quot;:&quot;0&quot;,&quot;credit&quot;:&quot;&quot;,&quot;camera&quot;:&quot;&quot;,&quot;caption&quot;:&quot;&quot;,&quot;created_timestamp&quot;:&quot;0&quot;,&quot;copyright&quot;:&quot;&quot;,&quot;focal_length&quot;:&quot;0&quot;,&quot;iso&quot;:&quot;0&quot;,&quot;shutter_speed&quot;:&quot;0&quot;,&quot;title&quot;:&quot;&quot;,&quot;orientation&quot;:&quot;0&quot;}\" data-image-title=\"gr\" data-image-description=\"\" data-image-caption=\"\" data-medium-file=\"https:\/\/i0.wp.com\/blogdalucianaoliveira.com.br\/blog\/wp-content\/uploads\/2017\/11\/gr.jpg?fit=300%2C107\" data-large-file=\"https:\/\/i0.wp.com\/blogdalucianaoliveira.com.br\/blog\/wp-content\/uploads\/2017\/11\/gr.jpg?fit=600%2C214\" src=\"https:\/\/i0.wp.com\/blogdalucianaoliveira.com.br\/blog\/wp-content\/uploads\/2017\/11\/gr.jpg?resize=600%2C214\" alt=\"gr\" width=\"600\" height=\"214\" class=\"alignnone size-full wp-image-15176\" srcset=\"https:\/\/i0.wp.com\/blogdalucianaoliveira.com.br\/blog\/wp-content\/uploads\/2017\/11\/gr.jpg?w=1000 1000w, https:\/\/i0.wp.com\/blogdalucianaoliveira.com.br\/blog\/wp-content\/uploads\/2017\/11\/gr.jpg?resize=300%2C107 300w, https:\/\/i0.wp.com\/blogdalucianaoliveira.com.br\/blog\/wp-content\/uploads\/2017\/11\/gr.jpg?resize=768%2C274 768w, https:\/\/i0.wp.com\/blogdalucianaoliveira.com.br\/blog\/wp-content\/uploads\/2017\/11\/gr.jpg?resize=800%2C286 800w\" sizes=\"auto, (max-width: 600px) 100vw, 600px\" \/><\/p>\n<p>247 &#8211; As principais centrais sindicais do Pa\u00eds decidiram em reuni\u00e3o nesta sexta-feira, 24, deflagrar uma greve nacional a partir do dia 5 de dezembro, contra a reforma da Previd\u00eancia proposta pelo governo de Michel Temer.<!--more--><\/p>\n<p>Al\u00e9m de paralisa\u00e7\u00f5es em todas as capitais, dirigentes da CUT, CTB, CSB, CSP, UGT, For\u00e7a Sindical, Intersindical e Nova Central, que participaram da reuni\u00e3o na sede da For\u00e7a Sindical, prometem fazer campanha nas redes sociais para &#8220;desmascarar as mentiras do governo acerca da reforma&#8221;, press\u00e3o nos deputados federais nos aeroportos e agendas p\u00fablicas dos deputados e assembleias com as categorias.<\/p>\n<p>O relator da Proposta de Emenda \u00e0 Constitui\u00e7\u00e3o (PEC) da reforma da Previd\u00eancia, deputado Arthur de Oliveira Maia (PPS-BA), apresentou na quarta-feira, em jantar promovido por Michel Temer no Pal\u00e1cio da Alvorada, a vers\u00e3o &#8220;enxuta&#8221; das mudan\u00e7as nas regras previdenci\u00e1rias, e disse prever um \u201ctrabalho \u00e1rduo\u201d para conseguir os votos necess\u00e1rios para aprovar a mat\u00e9ria.<\/p>\n<p>Pelo texto, as idades m\u00ednimas para aposentadoria ser\u00e3o de 62 anos para mulheres e de 65 anos para homens. Al\u00e9m disso, o tempo m\u00ednimo de contribui\u00e7\u00e3o previsto no texto \u00e9 de 15 anos para os trabalhadores do regime geral, ante os 25 anos previstos na proposta aprovada na comiss\u00e3o especial. Para os servidores p\u00fablicos, o tempo m\u00ednimo permanecer\u00e1 em 25 anos. Nos dois regimes, os trabalhadores que quiserem receber o teto da aposentadoria ter\u00e3o de contribuir por 40 anos.<\/p>\n<p>Em artigo publicado nessa quarta-feira, 22, o presidente da CUT, Vagner Freitas, j\u00e1 avisou que se &#8220;se mexerem na Previd\u00eancia, o Brasil vai parar&#8221;; &#8220;Duvidem disso e nos aguardem!&#8221;, diz Freitas.<\/p>\n<p>Leia, abaixo, o artigo na \u00edntegra:<\/p>\n<p>Se o Congresso mexer na Previd\u00eancia, o Brasil vai parar<\/p>\n<p>Depois da greve geral, deputados ficaram com medo de n\u00e3o se reelegerem em 2018 e n\u00e3o quiseram aprovar a proposta de Temer de acabar com a aposentadoria. Temer retirou proposta do Congresso e, agora, apresentou outra t\u00e3o ruim quanto a outra, em especial para o pessoal da agricultura familiar.<\/p>\n<p>Ao que tudo indica, o governo golpista de Temer, desesperado em entregar qualquer reforma da Previd\u00eancia aos seus financiadores, ir\u00e1 apresentar em breve uma proposta mais enxuta, com altera\u00e7\u00f5es na aposentadoria rural, diferentes mas, igualmente perversas, quanto as que foram propostas em maio; al\u00e9m de algumas mudan\u00e7as em rela\u00e7\u00e3o aos trabalhadores urbanos, igualmente perversas, \u00e9 claro. \u00c9 s\u00f3 isso que Temer sabe fazer.<\/p>\n<p>Pelo que li nos jornais, ele quer fazer isso ainda este ano. S\u00f3 esquece que a classe trabalhadora est\u00e1 em estado de alerta e que se tentar acabar com a aposentadoria, vamos para o Brasil e denunciar todos os deputados e senadores que tra\u00edrem os\/as trabalhadores\/as brasileiros\/as. Em 2018, podem ter certeza, muitos vestir\u00e3o o pijama se ousarem mexer na Previd\u00eancia, em especial na aposentadoria dos agricultores familiares.<\/p>\n<p>Voc\u00eas sabiam que hoje 65% dos agricultores familiares n\u00e3o conseguem contribuir com o INSS, mesmo sendo segurados especiais de acordo com as regras atuais?<\/p>\n<p>Os dados sobre a situa\u00e7\u00e3o dos agricultores familiares s\u00e3o da Ag\u00eancia Nossa, que entrevistou o pesquisador Elizi\u00e1rio Toledo, da UnB. Clique aqui e leia com aten\u00e7\u00e3o.<\/p>\n<p>Pois \u00e9, se hoje a maioria dos trabalhadores de agricultura familiar n\u00e3o consegue ter renda suficiente para pagar 2,1% sobre a venda da produ\u00e7\u00e3o para garantir cobertura previdenci\u00e1ria para TODA A FAM\u00cdLIA, imaginem quando forem obrigados a contribuir INDIVIDUALMENTE, com 5% do sal\u00e1rio m\u00ednimo por 15 anos \u2013 idade m\u00ednima de 60 anos para homens e, no caso das mulheres, aumentaria a idade aumentaria de 55 para 57 anos \u2013 independentemente de comercializar sua produ\u00e7\u00e3o ou n\u00e3o. Ou seja, de ter ou n\u00e3o renda para contribuir.<\/p>\n<p>Se a reforma da Previd\u00eancia de Temer for aprovada pelo Congresso Nacional do jeito que est\u00e1, a trag\u00e9dia tomar\u00e1 conta do campo. O cen\u00e1rio ser\u00e1 de fome, de mis\u00e9ria.<\/p>\n<p>Mas eles n\u00e3o ter\u00e3o coragem para tanto. Como voc\u00eas lembram, a tentativa inicial de Temer com a proposta que ele chama da reforma da Previd\u00eancia era igualar as regras dos trabalhadores do campo e da cidade, exigindo idade m\u00ednima de 65 anos \u2013 para homens e mulheres \u2013 e tempo m\u00ednimo de contribui\u00e7\u00e3o de 25 anos.<\/p>\n<p>Levamos milhares de trabalhadores \u00e0s ruas para denunciar o &#8220;crime&#8221; e a trag\u00e9dia social que essa proposta representaria.<\/p>\n<p>Temer voltou atr\u00e1s e apresentou essa nova vers\u00e3o que est\u00e1 nos jornais h\u00e1 alguns dias, al\u00e9m de fazer uma propaganda na televis\u00e3o dizendo que a reforma \u00e9 para cortar privil\u00e9gios. Esquece de dizer que se aposentou aos 55 anos e recebe mais de R$ 30 mil por m\u00eas de aposentadoria do Minist\u00e9rio P\u00fablico de S\u00e3o Paulo.<\/p>\n<p>A crueldade s\u00f3 atinge os mais pobres, sempre.<\/p>\n<p>S\u00f3 Temer poderia pensar em acabar com a aposentadoria dos agricultores familiares, que respondem por cerca de 70% dos alimentos do pa\u00eds, segundo o Censo Agropecu\u00e1rio de 2006, \u00faltimo levantamento feito pelo IBGE, e come\u00e7am a trabalhar muito cedo.<\/p>\n<p>S\u00f3 Temer poderia ignorar que a aposentadoria rural \u00e9 uma conquista da classe trabalhadora, que seria um crime acabar com essa importante pol\u00edtica de prote\u00e7\u00e3o social e de distribui\u00e7\u00e3o de renda. A Constitui\u00e7\u00e3o de 1988 incluiu o conceito de Seguridade Social sob a l\u00f3gica de bem-estar social e de solidariedade. A Seguridade \u00e9 financiada, portanto, por contribui\u00e7\u00f5es dos trabalhadores assalariados, das empresas e tamb\u00e9m de toda a sociedade. Os golpistas ignoram a Constitui\u00e7\u00e3o, apesar de Temer se dizer um jurista.<\/p>\n<p>\u00c9 preciso explorar outras fontes que comp\u00f5em o or\u00e7amento da Seguridade Social, como a Contribui\u00e7\u00e3o Social Sobre o Lucro L\u00edquido (CSLL), Confins e PIS-PASEP, al\u00e9m de combater a sonega\u00e7\u00e3o. Mas isso ele parece que n\u00e3o entende muito bem.<\/p>\n<p>N\u00e3o importa. Seja qual for a proposta, os trabalhadores e as trabalhadoras de sindicatos filiados a CUT e a outras centrais, em assembleia realizada na Pra\u00e7a da S\u00e9 no \u00faltimo dia 10 de novembro, j\u00e1 deliberaram: se mexer na Previd\u00eancia, o Brasil vai parar.Refor magreve<\/p>\n<p>Duvidem disso e nos aguardem!<\/p>\n","protected":false},"excerpt":{"rendered":"<p>247 &#8211; As principais centrais sindicais do Pa\u00eds decidiram em reuni\u00e3o nesta sexta-feira, 24, deflagrar uma greve nacional a partir do dia 5 de dezembro, contra a reforma da Previd\u00eancia proposta pelo governo de Michel Temer.<\/p>\n","protected":false},"author":1,"featured_media":0,"comment_status":"closed","ping_status":"open","sticky":false,"template":"","format":"standard","meta":{"_exactmetrics_skip_tracking":false,"_exactmetrics_sitenote_active":false,"_exactmetrics_sitenote_note":"","_exactmetrics_sitenote_category":0,"jetpack_post_was_ever_published":false,"_jetpack_newsletter_access":"","_jetpack_dont_email_post_to_subs":false,"_jetpack_newsletter_tier_id":0,"_jetpack_memberships_contains_paywalled_content":false,"_jetpack_memberships_contains_paid_content":false,"footnotes":"","jetpack_publicize_message":"","jetpack_publicize_feature_enabled":true,"jetpack_social_post_already_shared":true,"jetpack_social_options":{"image_generator_settings":{"template":"highway","enabled":false},"version":2}},"categories":[1],"tags":[],"class_list":["post-15175","post","type-post","status-publish","format-standard","hentry","category-notas"],"jetpack_publicize_connections":[],"jetpack_sharing_enabled":true,"jetpack_featured_media_url":"","jetpack_shortlink":"https:\/\/wp.me\/p7wKYW-3WL","jetpack-related-posts":[],"_links":{"self":[{"href":"http:\/\/blogdalucianaoliveira.com.br\/blog\/wp-json\/wp\/v2\/posts\/15175","targetHints":{"allow":["GET"]}}],"collection":[{"href":"http:\/\/blogdalucianaoliveira.com.br\/blog\/wp-json\/wp\/v2\/posts"}],"about":[{"href":"http:\/\/blogdalucianaoliveira.com.br\/blog\/wp-json\/wp\/v2\/types\/post"}],"author":[{"embeddable":true,"href":"http:\/\/blogdalucianaoliveira.com.br\/blog\/wp-json\/wp\/v2\/users\/1"}],"replies":[{"embeddable":true,"href":"http:\/\/blogdalucianaoliveira.com.br\/blog\/wp-json\/wp\/v2\/comments?post=15175"}],"version-history":[{"count":1,"href":"http:\/\/blogdalucianaoliveira.com.br\/blog\/wp-json\/wp\/v2\/posts\/15175\/revisions"}],"predecessor-version":[{"id":15177,"href":"http:\/\/blogdalucianaoliveira.com.br\/blog\/wp-json\/wp\/v2\/posts\/15175\/revisions\/15177"}],"wp:attachment":[{"href":"http:\/\/blogdalucianaoliveira.com.br\/blog\/wp-json\/wp\/v2\/media?parent=15175"}],"wp:term":[{"taxonomy":"category","embeddable":true,"href":"http:\/\/blogdalucianaoliveira.com.br\/blog\/wp-json\/wp\/v2\/categories?post=15175"},{"taxonomy":"post_tag","embeddable":true,"href":"http:\/\/blogdalucianaoliveira.com.br\/blog\/wp-json\/wp\/v2\/tags?post=15175"}],"curies":[{"name":"wp","href":"https:\/\/api.w.org\/{rel}","templated":true}]}}