{"id":15178,"date":"2017-11-24T16:45:59","date_gmt":"2017-11-24T20:45:59","guid":{"rendered":"http:\/\/blogdalucianaoliveira.com.br\/blog\/?p=15178"},"modified":"2017-11-24T16:45:59","modified_gmt":"2017-11-24T20:45:59","slug":"sou-evangelico-e-sou-contra","status":"publish","type":"post","link":"http:\/\/blogdalucianaoliveira.com.br\/blog\/2017\/11\/24\/sou-evangelico-e-sou-contra\/","title":{"rendered":"Sou evang\u00e9lico e sou contra"},"content":{"rendered":"<p><img data-recalc-dims=\"1\" loading=\"lazy\" decoding=\"async\" data-attachment-id=\"15179\" data-permalink=\"http:\/\/blogdalucianaoliveira.com.br\/blog\/2017\/11\/24\/sou-evangelico-e-sou-contra\/c45d0b50-93d0-415c-b6e5-aab9a0693af0\/\" data-orig-file=\"https:\/\/i0.wp.com\/blogdalucianaoliveira.com.br\/blog\/wp-content\/uploads\/2017\/11\/C45D0B50-93D0-415C-B6E5-AAB9A0693AF0.gif?fit=768%2C502\" data-orig-size=\"768,502\" data-comments-opened=\"0\" data-image-meta=\"{&quot;aperture&quot;:&quot;0&quot;,&quot;credit&quot;:&quot;&quot;,&quot;camera&quot;:&quot;&quot;,&quot;caption&quot;:&quot;&quot;,&quot;created_timestamp&quot;:&quot;0&quot;,&quot;copyright&quot;:&quot;&quot;,&quot;focal_length&quot;:&quot;0&quot;,&quot;iso&quot;:&quot;0&quot;,&quot;shutter_speed&quot;:&quot;0&quot;,&quot;title&quot;:&quot;&quot;,&quot;orientation&quot;:&quot;0&quot;}\" data-image-title=\"C45D0B50-93D0-415C-B6E5-AAB9A0693AF0\" data-image-description=\"\" data-image-caption=\"\" data-medium-file=\"https:\/\/i0.wp.com\/blogdalucianaoliveira.com.br\/blog\/wp-content\/uploads\/2017\/11\/C45D0B50-93D0-415C-B6E5-AAB9A0693AF0.gif?fit=300%2C196\" data-large-file=\"https:\/\/i0.wp.com\/blogdalucianaoliveira.com.br\/blog\/wp-content\/uploads\/2017\/11\/C45D0B50-93D0-415C-B6E5-AAB9A0693AF0.gif?fit=600%2C392\" src=\"https:\/\/i0.wp.com\/blogdalucianaoliveira.com.br\/blog\/wp-content\/uploads\/2017\/11\/C45D0B50-93D0-415C-B6E5-AAB9A0693AF0.gif?resize=600%2C392\" alt=\"C45D0B50-93D0-415C-B6E5-AAB9A0693AF0\" width=\"600\" height=\"392\" class=\"alignnone size-full wp-image-15179\" \/><\/p>\n<p>No DCM, por Adriano Lima &#8211; Eu sou crist\u00e3o, de tradi\u00e7\u00e3o evang\u00e9lica pentecostal, mais especificamente. Decidi escrever esse texto porque, geralmente, algumas pessoas partem de um pressuposto que todo crist\u00e3o evang\u00e9lico \u00e9 fundamentalista, preconceituoso, desinformado etc. Certamente existem pessoas com tais caracter\u00edsticas no ambiente crist\u00e3o (acho que em todo seguimento). Mas isso n\u00e3o representa a ess\u00eancia da f\u00e9 crist\u00e3.<!--more--><\/p>\n<p>Apenas para pontuar, quando falo em ess\u00eancia da f\u00e9 crist\u00e3, me refiro aos comportamentos fundamentais da pessoa de Jesus de Nazar\u00e9. Na pessoa de Jesus, n\u00e3o encontramos nada que o caracterize como fundamentalista, preconceituoso, racista, homof\u00f3bico, violento, machista, etc. Por essa raz\u00e3o, sou crist\u00e3o e sou contra:<\/p>\n<p>A POBREZA E A DESIGUALDADE SOCIAL, que afetam grande parte da popula\u00e7\u00e3o brasileira. Essa realidade ficou ainda mais vis\u00edvel na Escola Classe Oito do Cruzeiro \u2013 DF, em que uma crian\u00e7a com oito anos de idade desmaiou de fome, h\u00e1 30 km de Bras\u00edlia, capital federal, onde geralmente algumas pessoas esnobam o dinheiro p\u00fablico.<\/p>\n<p>A FALTA DE POL\u00cdTICA ACOLHEDORA PARA OS REFUGIADOS, que precisam sair de seus lugares de origem, em busca de prote\u00e7\u00e3o. A imagem do corpo do menino s\u00edrio Ayslan, morto em uma praia da Turquia em 2015, ainda \u00e9 comovente e questionadora. Que mundo \u00e9 esse capaz de matar uma crian\u00e7a com tanta vida e sonhos pela frente?<\/p>\n<p>O PRECONCEITO E A DISCRIMINA\u00c7\u00c3O, que provocam viol\u00eancia, morte e destroem um pouco a humanidade\u2026 um pouco mais a cada minuto de cada dia. \u00c9 lament\u00e1vel que pessoas sofram preconceito ou sejam discriminadas (e \u00e0s vezes at\u00e9 violentadas) pela cor, pela op\u00e7\u00e3o sexual ou pela situa\u00e7\u00e3o social.<\/p>\n<p>A CORRUP\u00c7\u00c3O, que nos deixa cada dia mais envergonhados diante de sociedades civilizadas. Enquanto isso, trabalhadores p\u00fablicos passam necessidades b\u00e1sicas, motivadas pelo atraso salarial, no Rio de Janeiro.<\/p>\n<p>Enquanto a corrup\u00e7\u00e3o tira sem d\u00f3 e sem piedade o prato de comida da mesa de alguns brasileiros, pais e m\u00e3es na cidade de S\u00e3o Paulo, n\u00e3o sabem o que fazer com seus filhos que precisam de um atendimento m\u00e9dico, mas o Hospital da USP, mergulhado numa grave crise financeira \u2013 institucional fechou, na \u00faltima ter\u00e7a feira (21), o pronto socorro infantil.<\/p>\n<p>A VIOL\u00caNCIA URBANA, que mata um brasileiro a cada oito minutos. A vida se tornou uma \u201ccoisa\u201d e est\u00e1 valendo muito pouco. O senso de humanidade \u00e9 preocupante. As pessoas matam por R$ 20 reais, assassinam crian\u00e7as, mulheres, negros, homossexuais, etc. por motivos absolutamente banais.<\/p>\n<p>A INTOLER\u00c2NCIA RELIGIOSA. Tenho dito insistentemente que a intoler\u00e2ncia religiosa n\u00e3o \u00e9 apenas uma forma de enxergar o mundo; ela \u00e9 uma praga social e deve ser combatida.<\/p>\n<p>Sou contra todas essas coisas supramencionadas. N\u00e3o consigo ver compatibilidade entre a f\u00e9 crist\u00e3 e a viol\u00eancia, o preconceito, a discrimina\u00e7\u00e3o, a corrup\u00e7\u00e3o, a desigualdade, a intoler\u00e2ncia religiosa e a falta de pol\u00edticas p\u00fablicas acolhedoras. Precisamos contribuir para a promo\u00e7\u00e3o da dignidade humana. <\/p>\n<p>Para mencionar o fil\u00f3sofo alem\u00e3o Immanuel Kant \u201cas coisas t\u00eam valor, as pessoas t\u00eam dignidade\u201d. O respeito ao pr\u00f3ximo e o reconhecimento das diversidades s\u00e3o crit\u00e9rios fundamentais para a conviv\u00eancia numa sociedade civilizada. Ou, se voc\u00ea preferir, s\u00e3o crit\u00e9rios decisivos no cristianismo e nas demais religi\u00f5es. S\u00f3 para finalizar, ser crist\u00e3o \u00e9 N\u00c3O SER: intolerante, homof\u00f3bico, preconceituoso, racista ou fundamentalista.<\/p>\n","protected":false},"excerpt":{"rendered":"<p>No DCM, por Adriano Lima &#8211; Eu sou crist\u00e3o, de tradi\u00e7\u00e3o evang\u00e9lica pentecostal, mais especificamente. Decidi escrever esse texto porque, geralmente, algumas pessoas partem de um pressuposto que todo crist\u00e3o evang\u00e9lico \u00e9 fundamentalista, preconceituoso, desinformado etc. Certamente existem pessoas com tais caracter\u00edsticas no ambiente crist\u00e3o (acho que em todo seguimento). Mas isso n\u00e3o representa a&#8230;<a class=\"more-link\" href=\"http:\/\/blogdalucianaoliveira.com.br\/blog\/2017\/11\/24\/sou-evangelico-e-sou-contra\/\">Continue a leitura <span class=\"meta-nav\">&raquo;<\/span><\/a><\/p>\n","protected":false},"author":1,"featured_media":0,"comment_status":"closed","ping_status":"open","sticky":false,"template":"","format":"standard","meta":{"_exactmetrics_skip_tracking":false,"_exactmetrics_sitenote_active":false,"_exactmetrics_sitenote_note":"","_exactmetrics_sitenote_category":0,"jetpack_post_was_ever_published":false,"_jetpack_newsletter_access":"","_jetpack_dont_email_post_to_subs":false,"_jetpack_newsletter_tier_id":0,"_jetpack_memberships_contains_paywalled_content":false,"_jetpack_memberships_contains_paid_content":false,"footnotes":"","jetpack_publicize_message":"","jetpack_publicize_feature_enabled":true,"jetpack_social_post_already_shared":true,"jetpack_social_options":{"image_generator_settings":{"template":"highway","enabled":false},"version":2}},"categories":[1],"tags":[],"class_list":["post-15178","post","type-post","status-publish","format-standard","hentry","category-notas"],"jetpack_publicize_connections":[],"jetpack_sharing_enabled":true,"jetpack_featured_media_url":"","jetpack_shortlink":"https:\/\/wp.me\/p7wKYW-3WO","jetpack-related-posts":[],"_links":{"self":[{"href":"http:\/\/blogdalucianaoliveira.com.br\/blog\/wp-json\/wp\/v2\/posts\/15178","targetHints":{"allow":["GET"]}}],"collection":[{"href":"http:\/\/blogdalucianaoliveira.com.br\/blog\/wp-json\/wp\/v2\/posts"}],"about":[{"href":"http:\/\/blogdalucianaoliveira.com.br\/blog\/wp-json\/wp\/v2\/types\/post"}],"author":[{"embeddable":true,"href":"http:\/\/blogdalucianaoliveira.com.br\/blog\/wp-json\/wp\/v2\/users\/1"}],"replies":[{"embeddable":true,"href":"http:\/\/blogdalucianaoliveira.com.br\/blog\/wp-json\/wp\/v2\/comments?post=15178"}],"version-history":[{"count":1,"href":"http:\/\/blogdalucianaoliveira.com.br\/blog\/wp-json\/wp\/v2\/posts\/15178\/revisions"}],"predecessor-version":[{"id":15180,"href":"http:\/\/blogdalucianaoliveira.com.br\/blog\/wp-json\/wp\/v2\/posts\/15178\/revisions\/15180"}],"wp:attachment":[{"href":"http:\/\/blogdalucianaoliveira.com.br\/blog\/wp-json\/wp\/v2\/media?parent=15178"}],"wp:term":[{"taxonomy":"category","embeddable":true,"href":"http:\/\/blogdalucianaoliveira.com.br\/blog\/wp-json\/wp\/v2\/categories?post=15178"},{"taxonomy":"post_tag","embeddable":true,"href":"http:\/\/blogdalucianaoliveira.com.br\/blog\/wp-json\/wp\/v2\/tags?post=15178"}],"curies":[{"name":"wp","href":"https:\/\/api.w.org\/{rel}","templated":true}]}}