{"id":15181,"date":"2017-11-25T10:18:36","date_gmt":"2017-11-25T14:18:36","guid":{"rendered":"http:\/\/blogdalucianaoliveira.com.br\/blog\/?p=15181"},"modified":"2017-11-25T10:18:36","modified_gmt":"2017-11-25T14:18:36","slug":"25-de-novembro-e-dia-de-combate-a-violencia-contra-a-mulher","status":"publish","type":"post","link":"http:\/\/blogdalucianaoliveira.com.br\/blog\/2017\/11\/25\/25-de-novembro-e-dia-de-combate-a-violencia-contra-a-mulher\/","title":{"rendered":"25 de novembro \u00e9 dia de combate \u00e0 viol\u00eancia contra a mulher"},"content":{"rendered":"<p><img data-recalc-dims=\"1\" loading=\"lazy\" decoding=\"async\" data-attachment-id=\"15182\" data-permalink=\"http:\/\/blogdalucianaoliveira.com.br\/blog\/2017\/11\/25\/25-de-novembro-e-dia-de-combate-a-violencia-contra-a-mulher\/ra-2\/\" data-orig-file=\"https:\/\/i0.wp.com\/blogdalucianaoliveira.com.br\/blog\/wp-content\/uploads\/2017\/11\/ra.jpg?fit=500%2C400\" data-orig-size=\"500,400\" data-comments-opened=\"0\" data-image-meta=\"{&quot;aperture&quot;:&quot;0&quot;,&quot;credit&quot;:&quot;&quot;,&quot;camera&quot;:&quot;&quot;,&quot;caption&quot;:&quot;&quot;,&quot;created_timestamp&quot;:&quot;0&quot;,&quot;copyright&quot;:&quot;&quot;,&quot;focal_length&quot;:&quot;0&quot;,&quot;iso&quot;:&quot;0&quot;,&quot;shutter_speed&quot;:&quot;0&quot;,&quot;title&quot;:&quot;&quot;,&quot;orientation&quot;:&quot;0&quot;}\" data-image-title=\"ra\" data-image-description=\"\" data-image-caption=\"\" data-medium-file=\"https:\/\/i0.wp.com\/blogdalucianaoliveira.com.br\/blog\/wp-content\/uploads\/2017\/11\/ra.jpg?fit=300%2C240\" data-large-file=\"https:\/\/i0.wp.com\/blogdalucianaoliveira.com.br\/blog\/wp-content\/uploads\/2017\/11\/ra.jpg?fit=500%2C400\" src=\"https:\/\/i0.wp.com\/blogdalucianaoliveira.com.br\/blog\/wp-content\/uploads\/2017\/11\/ra.jpg?resize=500%2C400\" alt=\"ra\" width=\"500\" height=\"400\" class=\"alignnone size-full wp-image-15182\" srcset=\"https:\/\/i0.wp.com\/blogdalucianaoliveira.com.br\/blog\/wp-content\/uploads\/2017\/11\/ra.jpg?w=500 500w, https:\/\/i0.wp.com\/blogdalucianaoliveira.com.br\/blog\/wp-content\/uploads\/2017\/11\/ra.jpg?resize=300%2C240 300w, https:\/\/i0.wp.com\/blogdalucianaoliveira.com.br\/blog\/wp-content\/uploads\/2017\/11\/ra.jpg?resize=375%2C300 375w\" sizes=\"auto, (max-width: 500px) 100vw, 500px\" \/><\/p>\n<p>M\u00eas tamb\u00e9m marca nove anos do assassinato de Raquel Genofre, em Curitiba, que continua impune<!--more--><\/p>\n<p>Carolina Goetten<br \/>\nBrasil de Fato | Curitiba (PR)<\/p>\n<p>Este s\u00e1bado, 25 de novembro, marca o Dia Internacional da N\u00e3o-Viol\u00eancia Contra a Mulher. Em todo o mundo, iniciativas de movimentos sociais e feministas buscam reduzir o quadro alarmante da viol\u00eancia dom\u00e9stica: de acordo com o Minist\u00e9rio da Sa\u00fade, 47 mil brasileiras foram v\u00edtimas de feminic\u00eddio nos \u00faltimos dez anos. Dentre estas, 74% s\u00e3o pretas ou pardas.<\/p>\n<p>Novembro tamb\u00e9m marca nove anos de um crime hediondo, que permanece sem solu\u00e7\u00e3o. Em 2008, a pequena Raquel Genofre foi encontrada morta na rodoferrovi\u00e1ria de Curitiba, depois de desaparecer ao sair da escola. Seu corpo, que jazia seminu dentro de uma mala, apresentava sinais de viol\u00eancia sexual e estrangulamento. Ela tinha oito anos de idade. \u201cDesde ent\u00e3o, em todo m\u00eas de novembro, retornamos \u00e0 rodoferrovi\u00e1ria para homenagear Raquel e exigir justi\u00e7a. Esse caso n\u00e3o pode ser esquecido\u201d, protesta a professora Juliana Mittelbach, da Marcha Mundial das Mulheres (MMM).<\/p>\n<p>Na avalia\u00e7\u00e3o da Marcha, a quest\u00e3o se torna um problema ainda maior porque falta um enfrentamento efetivo da viol\u00eancia contra a mulher e maior aten\u00e7\u00e3o das inst\u00e2ncias judiciais. \u201cCrimes contra o patrim\u00f4nio t\u00eam muito mais resolutividade do que feminic\u00eddios e viol\u00eancia contra nossas companheiras\u201d, diz Juliana Mittelbach, que tamb\u00e9m integra a Rede de Mulheres Negras do Paran\u00e1.<\/p>\n<p>Autonomia e enfrentamento<\/p>\n<p>Os movimentos sociais e feministas t\u00eam se organizado para levar as discuss\u00f5es e se aproximar das mulheres v\u00edtimas da viol\u00eancia. Com plen\u00e1rias ampliadas de participa\u00e7\u00e3o coletiva e di\u00e1logo nas escolas, o objetivo \u00e9 fortalecer a autonomia das mulheres. \u201cMuitas n\u00e3o conseguem identificar que vivem situa\u00e7\u00f5es de viol\u00eancia, porque a agress\u00e3o n\u00e3o \u00e9 s\u00f3 f\u00edsica \u2013 pode tamb\u00e9m ser psicol\u00f3gica, financeira. Precisamos de uma maneira de alcan\u00e7ar essas mulheres para que elas consigam se libertar desse ciclo. Esse \u00e9 o papel dos movimentos sociais\u201d, prop\u00f5e Juliana Mittelbach.<\/p>\n<p>A lei Maria da Penha \u00e9 outra medida que, para o Movimento, precisa ser revista e fortalecida. Embora tenha contribu\u00eddo na prote\u00e7\u00e3o das mais ricas ou brancas, o Mapa da Viol\u00eancia ainda mostra um aumento de 54% de homic\u00eddios contra mulheres negras nos \u00faltimos dez anos.<\/p>\n<p>Juliana Mittelbach avalia que uma forma fundamental de combate a esse problema \u00e9 por meio da educa\u00e7\u00e3o das crian\u00e7as, para que elas recebam, desde cedo, forma\u00e7\u00f5es questionadoras e de est\u00edmulo a um racioc\u00ednio pautado na coletividade. \u201cPrecisamos de uma educa\u00e7\u00e3o que n\u00e3o seja patriarcal, que questione e nos fa\u00e7a capazes de questionar os padr\u00f5es impostos pela sociedade\u201d, avalia a professora.<\/p>\n<p>Campanha nas ruas<\/p>\n<p>Em protesto pelo fim da viol\u00eancia contra as mulheres, a movimentos feministas prop\u00f5em, neste m\u00eas de novembro, uma programa\u00e7\u00e3o com 16 dias de atividades. No dia 25, um grande ato geral com panfletagem leva a voz contra as opress\u00f5es \u00e0 rua XV de Novembro, na regi\u00e3o pr\u00f3xima \u00e0 Boca Maldita.<\/p>\n<p>As atividades tamb\u00e9m incentivam a participa\u00e7\u00e3o masculina: fundamentais na luta contra o machismo e pelo fim da viol\u00eancia, na condi\u00e7\u00e3o de respons\u00e1veis pelos crimes, a MMM os convida a participar da atividade Homens pelo Fim da Viol\u00eancia contra as Mulheres, em 6 de dezembro, tamb\u00e9m perto da Boca Maldita.<\/p>\n<p>Edi\u00e7\u00e3o: Ednubia Ghisi<\/p>\n","protected":false},"excerpt":{"rendered":"<p>M\u00eas tamb\u00e9m marca nove anos do assassinato de Raquel Genofre, em Curitiba, que continua impune<\/p>\n","protected":false},"author":1,"featured_media":0,"comment_status":"closed","ping_status":"open","sticky":false,"template":"","format":"standard","meta":{"_exactmetrics_skip_tracking":false,"_exactmetrics_sitenote_active":false,"_exactmetrics_sitenote_note":"","_exactmetrics_sitenote_category":0,"jetpack_post_was_ever_published":false,"_jetpack_newsletter_access":"","_jetpack_dont_email_post_to_subs":false,"_jetpack_newsletter_tier_id":0,"_jetpack_memberships_contains_paywalled_content":false,"_jetpack_memberships_contains_paid_content":false,"footnotes":"","jetpack_publicize_message":"","jetpack_publicize_feature_enabled":true,"jetpack_social_post_already_shared":true,"jetpack_social_options":{"image_generator_settings":{"template":"highway","enabled":false},"version":2}},"categories":[1],"tags":[],"class_list":["post-15181","post","type-post","status-publish","format-standard","hentry","category-notas"],"jetpack_publicize_connections":[],"jetpack_sharing_enabled":true,"jetpack_featured_media_url":"","jetpack_shortlink":"https:\/\/wp.me\/p7wKYW-3WR","jetpack-related-posts":[],"_links":{"self":[{"href":"http:\/\/blogdalucianaoliveira.com.br\/blog\/wp-json\/wp\/v2\/posts\/15181","targetHints":{"allow":["GET"]}}],"collection":[{"href":"http:\/\/blogdalucianaoliveira.com.br\/blog\/wp-json\/wp\/v2\/posts"}],"about":[{"href":"http:\/\/blogdalucianaoliveira.com.br\/blog\/wp-json\/wp\/v2\/types\/post"}],"author":[{"embeddable":true,"href":"http:\/\/blogdalucianaoliveira.com.br\/blog\/wp-json\/wp\/v2\/users\/1"}],"replies":[{"embeddable":true,"href":"http:\/\/blogdalucianaoliveira.com.br\/blog\/wp-json\/wp\/v2\/comments?post=15181"}],"version-history":[{"count":1,"href":"http:\/\/blogdalucianaoliveira.com.br\/blog\/wp-json\/wp\/v2\/posts\/15181\/revisions"}],"predecessor-version":[{"id":15183,"href":"http:\/\/blogdalucianaoliveira.com.br\/blog\/wp-json\/wp\/v2\/posts\/15181\/revisions\/15183"}],"wp:attachment":[{"href":"http:\/\/blogdalucianaoliveira.com.br\/blog\/wp-json\/wp\/v2\/media?parent=15181"}],"wp:term":[{"taxonomy":"category","embeddable":true,"href":"http:\/\/blogdalucianaoliveira.com.br\/blog\/wp-json\/wp\/v2\/categories?post=15181"},{"taxonomy":"post_tag","embeddable":true,"href":"http:\/\/blogdalucianaoliveira.com.br\/blog\/wp-json\/wp\/v2\/tags?post=15181"}],"curies":[{"name":"wp","href":"https:\/\/api.w.org\/{rel}","templated":true}]}}