{"id":15206,"date":"2017-11-27T09:43:53","date_gmt":"2017-11-27T13:43:53","guid":{"rendered":"http:\/\/blogdalucianaoliveira.com.br\/blog\/?p=15206"},"modified":"2017-11-27T09:43:53","modified_gmt":"2017-11-27T13:43:53","slug":"golpe-aflorou-o-que-o-brasileiro-tem-de-pior","status":"publish","type":"post","link":"http:\/\/blogdalucianaoliveira.com.br\/blog\/2017\/11\/27\/golpe-aflorou-o-que-o-brasileiro-tem-de-pior\/","title":{"rendered":"Golpe aflorou o que o brasileiro tem de pior"},"content":{"rendered":"<p><img data-recalc-dims=\"1\" loading=\"lazy\" decoding=\"async\" data-attachment-id=\"15207\" data-permalink=\"http:\/\/blogdalucianaoliveira.com.br\/blog\/2017\/11\/27\/golpe-aflorou-o-que-o-brasileiro-tem-de-pior\/rac\/\" data-orig-file=\"https:\/\/i0.wp.com\/blogdalucianaoliveira.com.br\/blog\/wp-content\/uploads\/2017\/11\/rac.jpg?fit=960%2C960\" data-orig-size=\"960,960\" data-comments-opened=\"0\" data-image-meta=\"{&quot;aperture&quot;:&quot;0&quot;,&quot;credit&quot;:&quot;&quot;,&quot;camera&quot;:&quot;&quot;,&quot;caption&quot;:&quot;&quot;,&quot;created_timestamp&quot;:&quot;0&quot;,&quot;copyright&quot;:&quot;&quot;,&quot;focal_length&quot;:&quot;0&quot;,&quot;iso&quot;:&quot;0&quot;,&quot;shutter_speed&quot;:&quot;0&quot;,&quot;title&quot;:&quot;&quot;,&quot;orientation&quot;:&quot;0&quot;}\" data-image-title=\"rac\" data-image-description=\"\" data-image-caption=\"\" data-medium-file=\"https:\/\/i0.wp.com\/blogdalucianaoliveira.com.br\/blog\/wp-content\/uploads\/2017\/11\/rac.jpg?fit=300%2C300\" data-large-file=\"https:\/\/i0.wp.com\/blogdalucianaoliveira.com.br\/blog\/wp-content\/uploads\/2017\/11\/rac.jpg?fit=600%2C600\" class=\"alignnone size-full wp-image-15207\" src=\"https:\/\/i0.wp.com\/blogdalucianaoliveira.com.br\/blog\/wp-content\/uploads\/2017\/11\/rac.jpg?resize=600%2C600\" alt=\"rac\" width=\"600\" height=\"600\" srcset=\"https:\/\/i0.wp.com\/blogdalucianaoliveira.com.br\/blog\/wp-content\/uploads\/2017\/11\/rac.jpg?w=960 960w, https:\/\/i0.wp.com\/blogdalucianaoliveira.com.br\/blog\/wp-content\/uploads\/2017\/11\/rac.jpg?resize=150%2C150 150w, https:\/\/i0.wp.com\/blogdalucianaoliveira.com.br\/blog\/wp-content\/uploads\/2017\/11\/rac.jpg?resize=300%2C300 300w, https:\/\/i0.wp.com\/blogdalucianaoliveira.com.br\/blog\/wp-content\/uploads\/2017\/11\/rac.jpg?resize=768%2C768 768w\" sizes=\"auto, (max-width: 600px) 100vw, 600px\" \/><\/p>\n<div id=\"js_7c\" class=\"_5pbx userContent _3576\" data-ft=\"{&quot;tn&quot;:&quot;K&quot;}\">\n<div id=\"id_5a1c14868a7230550769454\" class=\"text_exposed_root text_exposed\">\n<p>Agora todos enxergam e sentem a diferen\u00e7a de viver num pa\u00eds com governo includente e excludente.<\/p>\n<p>O Brasil do golpe \u00e9 mais machista, mais racista, mais homof\u00f3bico e mais injusto.<\/p>\n<p>E pior, mais sem vergonha.<\/p>\n<div class=\"text_exposed_show\">\n<p>O grito dos maus predomina com destaque para uma bancada evang\u00e9lica com 300 deputados na C\u00e2mara.<\/p>\n<p>Cad\u00ea o pa\u00eds que perseguia a amplia\u00e7\u00e3o de direitos, mais igualdade e liberdade?<\/p>\n<p>Nem Deus, nem p\u00e1tria, nem fam\u00edlia.<\/p>\n<p>Temos a cara n\u00e3o de um pa\u00eds que vai pra frente, mas de um ajuntamento feio e catinguento.<\/p>\n<p>Ent\u00e3o, bom dia pra quem detesta esse pa\u00eds em marcha r\u00e9.<\/p>\n<\/div>\n<\/div>\n<\/div>\n<p>&nbsp;<\/p>\n","protected":false},"excerpt":{"rendered":"<p>Agora todos enxergam e sentem a diferen\u00e7a de viver num pa\u00eds com governo includente e excludente. O Brasil do golpe \u00e9 mais machista, mais racista, mais homof\u00f3bico e mais injusto. E pior, mais sem vergonha. O grito dos maus predomina com destaque para uma bancada evang\u00e9lica com 300 deputados na C\u00e2mara. Cad\u00ea o pa\u00eds que&#8230;<a class=\"more-link\" href=\"http:\/\/blogdalucianaoliveira.com.br\/blog\/2017\/11\/27\/golpe-aflorou-o-que-o-brasileiro-tem-de-pior\/\">Continue a leitura <span class=\"meta-nav\">&raquo;<\/span><\/a><\/p>\n","protected":false},"author":1,"featured_media":0,"comment_status":"closed","ping_status":"open","sticky":false,"template":"","format":"standard","meta":{"_exactmetrics_skip_tracking":false,"_exactmetrics_sitenote_active":false,"_exactmetrics_sitenote_note":"","_exactmetrics_sitenote_category":0,"jetpack_post_was_ever_published":false,"_jetpack_newsletter_access":"","_jetpack_dont_email_post_to_subs":false,"_jetpack_newsletter_tier_id":0,"_jetpack_memberships_contains_paywalled_content":false,"_jetpack_memberships_contains_paid_content":false,"footnotes":"","jetpack_publicize_message":"","jetpack_publicize_feature_enabled":true,"jetpack_social_post_already_shared":true,"jetpack_social_options":{"image_generator_settings":{"template":"highway","enabled":false},"version":2}},"categories":[1],"tags":[],"class_list":["post-15206","post","type-post","status-publish","format-standard","hentry","category-notas"],"jetpack_publicize_connections":[],"jetpack_sharing_enabled":true,"jetpack_featured_media_url":"","jetpack_shortlink":"https:\/\/wp.me\/p7wKYW-3Xg","jetpack-related-posts":[],"_links":{"self":[{"href":"http:\/\/blogdalucianaoliveira.com.br\/blog\/wp-json\/wp\/v2\/posts\/15206","targetHints":{"allow":["GET"]}}],"collection":[{"href":"http:\/\/blogdalucianaoliveira.com.br\/blog\/wp-json\/wp\/v2\/posts"}],"about":[{"href":"http:\/\/blogdalucianaoliveira.com.br\/blog\/wp-json\/wp\/v2\/types\/post"}],"author":[{"embeddable":true,"href":"http:\/\/blogdalucianaoliveira.com.br\/blog\/wp-json\/wp\/v2\/users\/1"}],"replies":[{"embeddable":true,"href":"http:\/\/blogdalucianaoliveira.com.br\/blog\/wp-json\/wp\/v2\/comments?post=15206"}],"version-history":[{"count":1,"href":"http:\/\/blogdalucianaoliveira.com.br\/blog\/wp-json\/wp\/v2\/posts\/15206\/revisions"}],"predecessor-version":[{"id":15208,"href":"http:\/\/blogdalucianaoliveira.com.br\/blog\/wp-json\/wp\/v2\/posts\/15206\/revisions\/15208"}],"wp:attachment":[{"href":"http:\/\/blogdalucianaoliveira.com.br\/blog\/wp-json\/wp\/v2\/media?parent=15206"}],"wp:term":[{"taxonomy":"category","embeddable":true,"href":"http:\/\/blogdalucianaoliveira.com.br\/blog\/wp-json\/wp\/v2\/categories?post=15206"},{"taxonomy":"post_tag","embeddable":true,"href":"http:\/\/blogdalucianaoliveira.com.br\/blog\/wp-json\/wp\/v2\/tags?post=15206"}],"curies":[{"name":"wp","href":"https:\/\/api.w.org\/{rel}","templated":true}]}}