{"id":15209,"date":"2017-11-27T11:26:52","date_gmt":"2017-11-27T15:26:52","guid":{"rendered":"http:\/\/blogdalucianaoliveira.com.br\/blog\/?p=15209"},"modified":"2017-11-27T13:23:10","modified_gmt":"2017-11-27T17:23:10","slug":"presto-atencao-no-que-eles-dizem-mas-eles-nao-dizem-nada","status":"publish","type":"post","link":"http:\/\/blogdalucianaoliveira.com.br\/blog\/2017\/11\/27\/presto-atencao-no-que-eles-dizem-mas-eles-nao-dizem-nada\/","title":{"rendered":"Presto aten\u00e7\u00e3o no que eles dizem, mas eles n\u00e3o dizem nada"},"content":{"rendered":"<p><img data-recalc-dims=\"1\" loading=\"lazy\" decoding=\"async\" data-attachment-id=\"15213\" data-permalink=\"http:\/\/blogdalucianaoliveira.com.br\/blog\/2017\/11\/27\/presto-atencao-no-que-eles-dizem-mas-eles-nao-dizem-nada\/nada\/\" data-orig-file=\"https:\/\/i0.wp.com\/blogdalucianaoliveira.com.br\/blog\/wp-content\/uploads\/2017\/11\/nada.jpg?fit=960%2C540\" data-orig-size=\"960,540\" data-comments-opened=\"0\" data-image-meta=\"{&quot;aperture&quot;:&quot;0&quot;,&quot;credit&quot;:&quot;&quot;,&quot;camera&quot;:&quot;&quot;,&quot;caption&quot;:&quot;&quot;,&quot;created_timestamp&quot;:&quot;0&quot;,&quot;copyright&quot;:&quot;&quot;,&quot;focal_length&quot;:&quot;0&quot;,&quot;iso&quot;:&quot;0&quot;,&quot;shutter_speed&quot;:&quot;0&quot;,&quot;title&quot;:&quot;&quot;,&quot;orientation&quot;:&quot;0&quot;}\" data-image-title=\"nada\" data-image-description=\"\" data-image-caption=\"\" data-medium-file=\"https:\/\/i0.wp.com\/blogdalucianaoliveira.com.br\/blog\/wp-content\/uploads\/2017\/11\/nada.jpg?fit=300%2C169\" data-large-file=\"https:\/\/i0.wp.com\/blogdalucianaoliveira.com.br\/blog\/wp-content\/uploads\/2017\/11\/nada.jpg?fit=600%2C338\" class=\"alignnone size-full wp-image-15213\" src=\"https:\/\/i0.wp.com\/blogdalucianaoliveira.com.br\/blog\/wp-content\/uploads\/2017\/11\/nada.jpg?resize=600%2C338\" alt=\"nada\" width=\"600\" height=\"338\" srcset=\"https:\/\/i0.wp.com\/blogdalucianaoliveira.com.br\/blog\/wp-content\/uploads\/2017\/11\/nada.jpg?w=960 960w, https:\/\/i0.wp.com\/blogdalucianaoliveira.com.br\/blog\/wp-content\/uploads\/2017\/11\/nada.jpg?resize=300%2C169 300w, https:\/\/i0.wp.com\/blogdalucianaoliveira.com.br\/blog\/wp-content\/uploads\/2017\/11\/nada.jpg?resize=768%2C432 768w, https:\/\/i0.wp.com\/blogdalucianaoliveira.com.br\/blog\/wp-content\/uploads\/2017\/11\/nada.jpg?resize=533%2C300 533w\" sizes=\"auto, (max-width: 600px) 100vw, 600px\" \/><\/p>\n<p>&nbsp;<\/p>\n<p>Quem conseguiu autoriza\u00e7\u00e3o para assistir o evento de inaugura\u00e7\u00e3o do Hospital de C\u00e2ncer da Amaz\u00f4nia, saiu afadigado com os discursos dos pol\u00edticos. <!--more--><\/p>\n<p>Era mais quem cochichava na \u00e1rea reservada \u00e0 imprensa sobre a redund\u00e2ncia de fal\u00e1cias. Ningu\u00e9m me contou, vi um jornalista tirar um cochilo sem expectativa de que algo diferente fosse dito.<\/p>\n<p>Os deputados e senadores que usaram o microfone, muitos h\u00e1 d\u00e9cadas na pol\u00edtica, s\u00e3o contumazes ao recorrer \u00e0 tautologia, \u00e0 l\u00f3gica proposicional.<\/p>\n<p>A repeti\u00e7\u00e3o de argumentos torna os discursos modorrentos e puramente politiqueiros, portanto, enganosos.<\/p>\n<p>&nbsp;<\/p>\n<p>\u201cQuero dizer da minha alegria em sonhar com esse dia que est\u00e1 acontecendo. Porto Velho que ganha, Rond\u00f4nia que ganha e as pessoas que ganham\u201d, disse a deputada Mariana Carvalho (PSDB-RO).<\/p>\n<p>\u00c9 inequ\u00edvoca a vagueza do conte\u00fado e o forte apelo emocional.<\/p>\n<p>Como ela, abusou da ret\u00f3rica a deputada Marinha Raupp (PMDB-RO).<\/p>\n<p>Um discurso longo que resumiu, claro, com o \u00f3bvio.<\/p>\n<p>\u201c\u00c9 um sentimento que toca o nosso cora\u00e7\u00e3o\u201d.<\/p>\n<p>&nbsp;<\/p>\n<p>Veja como o dicion\u00e1rio Michaelis define Tautologia:<\/p>\n<p><em>1\u00a0GRAM\u00a0Forma de linguagem que consiste em usar palavras diferentes para expressar a mesma ideia ou pensamento.<\/em><\/p>\n<p>2\u00a0RET\u00a0Express\u00e3o que, embora use termos diferentes, repete os mesmos conceitos ou ideias j\u00e1 emitidas, sem aclarar ou aprofundar seu entendimento.<\/p>\n<p>3\u00a0L\u00d3G\u00a0Proposi\u00e7\u00e3o que se mant\u00e9m sempre verdadeira, uma vez que o atributo \u00e9 uma repeti\u00e7\u00e3o do sujeito:\u00a0A \u00e1gua \u00e9 molhada.<\/p>\n<p>&nbsp;<\/p>\n<p>Na filosofia o argumento tautol\u00f3gico \u00e9 o que se explica por ele pr\u00f3prio, \u201cindependentemente dos valores de verdade atribu\u00eddos \u00e0s proposi\u00e7\u00f5es individuais que a comp\u00f5em.\u00a0Em geral, o termo \u00e9 usado para indicar algo \u00f3bvio e que n\u00e3o requer nenhuma demonstra\u00e7\u00e3o, dada a sua \u00f3bvia verdade.\u201d<\/p>\n<p>Marinha Raupp, no sexto mandato na C\u00e2mara, esposa do senador r\u00e9u na Lava Jato, \u00e9 especialista em discurso com express\u00f5es lingu\u00edsticas vagas que fisgam o eleitor pela emo\u00e7\u00e3o.<\/p>\n<p><img data-recalc-dims=\"1\" loading=\"lazy\" decoding=\"async\" data-attachment-id=\"15211\" data-permalink=\"http:\/\/blogdalucianaoliveira.com.br\/blog\/2017\/11\/27\/presto-atencao-no-que-eles-dizem-mas-eles-nao-dizem-nada\/marinha\/\" data-orig-file=\"https:\/\/i0.wp.com\/blogdalucianaoliveira.com.br\/blog\/wp-content\/uploads\/2017\/11\/marinha.jpg?fit=960%2C639\" data-orig-size=\"960,639\" data-comments-opened=\"0\" data-image-meta=\"{&quot;aperture&quot;:&quot;0&quot;,&quot;credit&quot;:&quot;&quot;,&quot;camera&quot;:&quot;&quot;,&quot;caption&quot;:&quot;&quot;,&quot;created_timestamp&quot;:&quot;0&quot;,&quot;copyright&quot;:&quot;&quot;,&quot;focal_length&quot;:&quot;0&quot;,&quot;iso&quot;:&quot;0&quot;,&quot;shutter_speed&quot;:&quot;0&quot;,&quot;title&quot;:&quot;&quot;,&quot;orientation&quot;:&quot;0&quot;}\" data-image-title=\"marinha\" data-image-description=\"\" data-image-caption=\"\" data-medium-file=\"https:\/\/i0.wp.com\/blogdalucianaoliveira.com.br\/blog\/wp-content\/uploads\/2017\/11\/marinha.jpg?fit=300%2C200\" data-large-file=\"https:\/\/i0.wp.com\/blogdalucianaoliveira.com.br\/blog\/wp-content\/uploads\/2017\/11\/marinha.jpg?fit=600%2C399\" class=\"alignnone size-full wp-image-15211\" src=\"https:\/\/i0.wp.com\/blogdalucianaoliveira.com.br\/blog\/wp-content\/uploads\/2017\/11\/marinha.jpg?resize=600%2C399\" alt=\"marinha\" width=\"600\" height=\"399\" srcset=\"https:\/\/i0.wp.com\/blogdalucianaoliveira.com.br\/blog\/wp-content\/uploads\/2017\/11\/marinha.jpg?w=960 960w, https:\/\/i0.wp.com\/blogdalucianaoliveira.com.br\/blog\/wp-content\/uploads\/2017\/11\/marinha.jpg?resize=300%2C200 300w, https:\/\/i0.wp.com\/blogdalucianaoliveira.com.br\/blog\/wp-content\/uploads\/2017\/11\/marinha.jpg?resize=768%2C511 768w, https:\/\/i0.wp.com\/blogdalucianaoliveira.com.br\/blog\/wp-content\/uploads\/2017\/11\/marinha.jpg?resize=451%2C300 451w\" sizes=\"auto, (max-width: 600px) 100vw, 600px\" \/><\/p>\n<p>Mariana Carvalho, herdeira de currais eleitorais, utiliza a mesma f\u00f3rmula. O irm\u00e3o, coitado, nem isso consegue como presidente da C\u00e2mara de Vereadores de Porto Velho.<\/p>\n<p><img data-recalc-dims=\"1\" loading=\"lazy\" decoding=\"async\" data-attachment-id=\"15210\" data-permalink=\"http:\/\/blogdalucianaoliveira.com.br\/blog\/2017\/11\/27\/presto-atencao-no-que-eles-dizem-mas-eles-nao-dizem-nada\/mariann\/\" data-orig-file=\"https:\/\/i0.wp.com\/blogdalucianaoliveira.com.br\/blog\/wp-content\/uploads\/2017\/11\/mariann.jpg?fit=960%2C640\" data-orig-size=\"960,640\" data-comments-opened=\"0\" data-image-meta=\"{&quot;aperture&quot;:&quot;0&quot;,&quot;credit&quot;:&quot;&quot;,&quot;camera&quot;:&quot;&quot;,&quot;caption&quot;:&quot;&quot;,&quot;created_timestamp&quot;:&quot;0&quot;,&quot;copyright&quot;:&quot;&quot;,&quot;focal_length&quot;:&quot;0&quot;,&quot;iso&quot;:&quot;0&quot;,&quot;shutter_speed&quot;:&quot;0&quot;,&quot;title&quot;:&quot;&quot;,&quot;orientation&quot;:&quot;0&quot;}\" data-image-title=\"mariann\" data-image-description=\"\" data-image-caption=\"\" data-medium-file=\"https:\/\/i0.wp.com\/blogdalucianaoliveira.com.br\/blog\/wp-content\/uploads\/2017\/11\/mariann.jpg?fit=300%2C200\" data-large-file=\"https:\/\/i0.wp.com\/blogdalucianaoliveira.com.br\/blog\/wp-content\/uploads\/2017\/11\/mariann.jpg?fit=600%2C400\" class=\"alignnone size-full wp-image-15210\" src=\"https:\/\/i0.wp.com\/blogdalucianaoliveira.com.br\/blog\/wp-content\/uploads\/2017\/11\/mariann.jpg?resize=600%2C400\" alt=\"mariann\" width=\"600\" height=\"400\" srcset=\"https:\/\/i0.wp.com\/blogdalucianaoliveira.com.br\/blog\/wp-content\/uploads\/2017\/11\/mariann.jpg?w=960 960w, https:\/\/i0.wp.com\/blogdalucianaoliveira.com.br\/blog\/wp-content\/uploads\/2017\/11\/mariann.jpg?resize=300%2C200 300w, https:\/\/i0.wp.com\/blogdalucianaoliveira.com.br\/blog\/wp-content\/uploads\/2017\/11\/mariann.jpg?resize=768%2C512 768w, https:\/\/i0.wp.com\/blogdalucianaoliveira.com.br\/blog\/wp-content\/uploads\/2017\/11\/mariann.jpg?resize=450%2C300 450w\" sizes=\"auto, (max-width: 600px) 100vw, 600px\" \/><\/p>\n<p>Toda a bancada federal rondoniense carece de franqueza e capacidade renovar argumentos.<\/p>\n<p>A classe pol\u00edtica de um modo geral investe e se d\u00e1 bem repetindo os argumentos emocionalmente carregados.<\/p>\n<p>Assim, A\u00e9cio Neves levou milhares a experimentar uma overdose de hipocrisia e perdas de direitos em apenas um ano.<\/p>\n<p>Os sofistas destru\u00edram as pol\u00edticas positivas de educa\u00e7\u00e3o para manter o povo vulner\u00e1vel ao cabresto pelo voto.<\/p>\n<p>A distribui\u00e7\u00e3o de emendas parlamentares alimenta os currais eleitorais t\u00e3o carentes de tudo, sobretudo de consci\u00eancia pol\u00edtica. Convenhamos, isso \u00e9 f\u00e1cil de fazer quando se negocia interesses classistas.<\/p>\n<p>Todos aplaudiram o golpista Michel Temer, quando disse que as reformas trabalhista e da previd\u00eancia s\u00e3o extraordin\u00e1rias e contemplam um anseio da sociedade. Risos e palmas para um mentiroso, j\u00e1 que todas as pesquisas denunciaram a reprova\u00e7\u00e3o popular quase absoluta \u00e0s reformas.<\/p>\n<p>E nas ruas, de boca em boca se repete que em 2018, com o mesmo discurso falacioso, essa quinquilharia ir\u00e1 se manter ou dominar outro espa\u00e7o de poder.<\/p>\n<p>N\u00e3o espere transforma\u00e7\u00e3o na pol\u00edtica de cima pra baixo.<\/p>\n<p>Os pol\u00edticos n\u00e3o t\u00eam motivos para mudar o que tem dado certo, para eles, claro.<\/p>\n<p>E ao pensar \u2018neles\u2019, inclua a grande m\u00eddia, o mercado financeiro, a elite empresarial.<\/p>\n<p>Insista em questionar a mesmice do engodo dos discursos pol\u00edticos.<\/p>\n<p>E quem os viu, n\u00e3o ver\u00e1.<\/p>\n<p>&nbsp;<\/p>\n<p><em>\u201cSe voc\u00ea assume que n\u00e3o existe esperan\u00e7a, ent\u00e3o voc\u00ea garante que n\u00e3o haver\u00e1 esperan\u00e7a. Se voc\u00ea assume que existe um instinto em dire\u00e7\u00e3o \u00e0 liberdade, ent\u00e3o existem oportunidades de mudar as coisas\u201d<\/em><\/p>\n<div class=\"author-quote\"><em>Noam Chomsky<\/em><\/div>\n<p>&nbsp;<\/p>\n<p>&nbsp;<\/p>\n<p>&nbsp;<\/p>\n<p>&nbsp;<\/p>\n<p>&nbsp;<\/p>\n<p>&nbsp;<\/p>\n<p>&nbsp;<\/p>\n<p>&nbsp;<\/p>\n<p>&nbsp;<\/p>\n<p>&nbsp;<\/p>\n<p>&nbsp;<\/p>\n<p>&nbsp;<\/p>\n<p>&nbsp;<\/p>\n","protected":false},"excerpt":{"rendered":"<p>&nbsp; Quem conseguiu autoriza\u00e7\u00e3o para assistir o evento de inaugura\u00e7\u00e3o do Hospital de C\u00e2ncer da Amaz\u00f4nia, saiu afadigado com os discursos dos pol\u00edticos.<\/p>\n","protected":false},"author":1,"featured_media":15213,"comment_status":"closed","ping_status":"open","sticky":false,"template":"","format":"standard","meta":{"_exactmetrics_skip_tracking":false,"_exactmetrics_sitenote_active":false,"_exactmetrics_sitenote_note":"","_exactmetrics_sitenote_category":0,"jetpack_post_was_ever_published":false,"_jetpack_newsletter_access":"","_jetpack_dont_email_post_to_subs":false,"_jetpack_newsletter_tier_id":0,"_jetpack_memberships_contains_paywalled_content":false,"_jetpack_memberships_contains_paid_content":false,"footnotes":"","jetpack_publicize_message":"","jetpack_publicize_feature_enabled":true,"jetpack_social_post_already_shared":true,"jetpack_social_options":{"image_generator_settings":{"template":"highway","enabled":false},"version":2}},"categories":[1],"tags":[],"class_list":["post-15209","post","type-post","status-publish","format-standard","has-post-thumbnail","hentry","category-notas"],"jetpack_publicize_connections":[],"jetpack_sharing_enabled":true,"jetpack_featured_media_url":"https:\/\/i0.wp.com\/blogdalucianaoliveira.com.br\/blog\/wp-content\/uploads\/2017\/11\/nada.jpg?fit=960%2C540","jetpack_shortlink":"https:\/\/wp.me\/p7wKYW-3Xj","jetpack-related-posts":[],"_links":{"self":[{"href":"http:\/\/blogdalucianaoliveira.com.br\/blog\/wp-json\/wp\/v2\/posts\/15209","targetHints":{"allow":["GET"]}}],"collection":[{"href":"http:\/\/blogdalucianaoliveira.com.br\/blog\/wp-json\/wp\/v2\/posts"}],"about":[{"href":"http:\/\/blogdalucianaoliveira.com.br\/blog\/wp-json\/wp\/v2\/types\/post"}],"author":[{"embeddable":true,"href":"http:\/\/blogdalucianaoliveira.com.br\/blog\/wp-json\/wp\/v2\/users\/1"}],"replies":[{"embeddable":true,"href":"http:\/\/blogdalucianaoliveira.com.br\/blog\/wp-json\/wp\/v2\/comments?post=15209"}],"version-history":[{"count":11,"href":"http:\/\/blogdalucianaoliveira.com.br\/blog\/wp-json\/wp\/v2\/posts\/15209\/revisions"}],"predecessor-version":[{"id":15231,"href":"http:\/\/blogdalucianaoliveira.com.br\/blog\/wp-json\/wp\/v2\/posts\/15209\/revisions\/15231"}],"wp:featuredmedia":[{"embeddable":true,"href":"http:\/\/blogdalucianaoliveira.com.br\/blog\/wp-json\/wp\/v2\/media\/15213"}],"wp:attachment":[{"href":"http:\/\/blogdalucianaoliveira.com.br\/blog\/wp-json\/wp\/v2\/media?parent=15209"}],"wp:term":[{"taxonomy":"category","embeddable":true,"href":"http:\/\/blogdalucianaoliveira.com.br\/blog\/wp-json\/wp\/v2\/categories?post=15209"},{"taxonomy":"post_tag","embeddable":true,"href":"http:\/\/blogdalucianaoliveira.com.br\/blog\/wp-json\/wp\/v2\/tags?post=15209"}],"curies":[{"name":"wp","href":"https:\/\/api.w.org\/{rel}","templated":true}]}}