{"id":15226,"date":"2017-11-27T12:08:11","date_gmt":"2017-11-27T16:08:11","guid":{"rendered":"http:\/\/blogdalucianaoliveira.com.br\/blog\/?p=15226"},"modified":"2017-11-27T12:09:48","modified_gmt":"2017-11-27T16:09:48","slug":"15226","status":"publish","type":"post","link":"http:\/\/blogdalucianaoliveira.com.br\/blog\/2017\/11\/27\/15226\/","title":{"rendered":"A REFORMA DO MERCADO FINANCEIRO CONTRA O POVO BRASILEIRO"},"content":{"rendered":"<p><img data-recalc-dims=\"1\" loading=\"lazy\" decoding=\"async\" data-attachment-id=\"15227\" data-permalink=\"http:\/\/blogdalucianaoliveira.com.br\/blog\/2017\/11\/27\/15226\/vaco-2\/\" data-orig-file=\"https:\/\/i0.wp.com\/blogdalucianaoliveira.com.br\/blog\/wp-content\/uploads\/2017\/11\/vaco.jpg?fit=980%2C548\" data-orig-size=\"980,548\" data-comments-opened=\"0\" data-image-meta=\"{&quot;aperture&quot;:&quot;0&quot;,&quot;credit&quot;:&quot;&quot;,&quot;camera&quot;:&quot;&quot;,&quot;caption&quot;:&quot;&quot;,&quot;created_timestamp&quot;:&quot;0&quot;,&quot;copyright&quot;:&quot;&quot;,&quot;focal_length&quot;:&quot;0&quot;,&quot;iso&quot;:&quot;0&quot;,&quot;shutter_speed&quot;:&quot;0&quot;,&quot;title&quot;:&quot;&quot;,&quot;orientation&quot;:&quot;0&quot;}\" data-image-title=\"vaco\" data-image-description=\"\" data-image-caption=\"\" data-medium-file=\"https:\/\/i0.wp.com\/blogdalucianaoliveira.com.br\/blog\/wp-content\/uploads\/2017\/11\/vaco.jpg?fit=300%2C168\" data-large-file=\"https:\/\/i0.wp.com\/blogdalucianaoliveira.com.br\/blog\/wp-content\/uploads\/2017\/11\/vaco.jpg?fit=600%2C336\" class=\"alignnone size-full wp-image-15227\" src=\"https:\/\/i0.wp.com\/blogdalucianaoliveira.com.br\/blog\/wp-content\/uploads\/2017\/11\/vaco.jpg?resize=600%2C336\" alt=\"vaco\" width=\"600\" height=\"336\" srcset=\"https:\/\/i0.wp.com\/blogdalucianaoliveira.com.br\/blog\/wp-content\/uploads\/2017\/11\/vaco.jpg?w=980 980w, https:\/\/i0.wp.com\/blogdalucianaoliveira.com.br\/blog\/wp-content\/uploads\/2017\/11\/vaco.jpg?resize=300%2C168 300w, https:\/\/i0.wp.com\/blogdalucianaoliveira.com.br\/blog\/wp-content\/uploads\/2017\/11\/vaco.jpg?resize=768%2C429 768w, https:\/\/i0.wp.com\/blogdalucianaoliveira.com.br\/blog\/wp-content\/uploads\/2017\/11\/vaco.jpg?resize=536%2C300 536w\" sizes=\"auto, (max-width: 600px) 100vw, 600px\" \/><\/p>\n<p>No The Intercept, por Jo\u00e3o Filho &#8211; DE TODAS AS crueldades impostas pelo governo ileg\u00edtimo de Michel Temer, a reforma da previd\u00eancia sempre pareceu a mais dif\u00edcil de ser concretizada. A rejei\u00e7\u00e3o popular sempre foi enorme e o governo n\u00e3o conta com o mesmo apoio maci\u00e7o do congresso como em vota\u00e7\u00f5es anteriores.<!--more--><\/p>\n<p>&nbsp;<\/p>\n<p>Diante das dificuldades, foram feitas algumas mudan\u00e7as no texto, mas nada a ponto de alterar a ess\u00eancia devastadora dos direitos previdenci\u00e1rios. Preocupado com a amea\u00e7a do PSDB abandonar a barca furada governista, Temer convidou o nobil\u00edssimo senador A\u00e9cio Neves para fazer a articula\u00e7\u00e3o e conseguir mais votos a favor da reforma. N\u00e3o havia nome mais adequado para comandar este ataque aos aposentados.<\/p>\n<p>Mas a melhor estrat\u00e9gia encontrada pelo governo at\u00e9 aqui foi gastar fortunas em propaganda. Mesmo em tempos de arrocho, Temer enfiou a m\u00e3o nos cofres p\u00fablicos para iniciar uma gigantesca campanha publicit\u00e1ria a favor da reforma. S\u00f3 no primeiro semestre deste ano, torrou aproximadamente R$100 milh\u00f5es em publicidade para tentar torn\u00e1-la palat\u00e1vel. Est\u00e1 funcionando.<\/p>\n<p>Segundo pesquisa do DataPoder360, a rejei\u00e7\u00e3o popular \u00e0 reforma vem despencando. Em abril, 66% dos pesquisados eram contra. Em novembro, a porcentagem caiu para 51%, enquanto a aprova\u00e7\u00e3o subiu de 24% para 32%. Temer ent\u00e3o decidiu continuar investindo alto. Esta semana, deputados e senadores autorizaram o governo a gastar mais R$99 milh\u00f5es em publicidade pr\u00f3- reforma. N\u00e3o se sabe se os meus amigos do MBL est\u00e3o abocanhando parte da bufunfa, mas, no ano passado, o grupo foi convocado para ajudar a construir as estrat\u00e9gias de comunica\u00e7\u00e3o das reformas \u2013 talvez venha da\u00ed o tom terrorista adotado pelas campanhas.<br \/>\nAl\u00e9m da propaganda oficial, os grandes ve\u00edculos de comunica\u00e7\u00e3o tamb\u00e9m n\u00e3o cansam de nos informar sobre o tamanho do rombo e a urg\u00eancia da reforma. O discurso \u00e9 \u00fanico, com pouqu\u00edssimo espa\u00e7o para opini\u00f5es divergentes. Querem nos fazer acreditar que a \u00fanica alternativa al\u00e9m da reforma \u00e9 a barb\u00e1rie.<\/p>\n<p>Em abril, uma CPI da Previd\u00eancia foi criada no Senado para investigar as contas da Previd\u00eancia Social. Ela foi assinada por senadores de todos os partidos, inclusive do PMDB, apesar da press\u00e3o do governo. O relat\u00f3rio final da comiss\u00e3o, aprovado por unanimidade, concluiu que n\u00e3o existe d\u00e9ficit na previd\u00eancia. O que existe \u00e9 uma m\u00e1 gest\u00e3o dos recursos e uma enorme neglig\u00eancia na cobran\u00e7a dos devedores, que deixam de pagar para depois recorrer ao Refis. Empresas privadas devem R$450 bilh\u00f5es e nem se preocupam em pagar porque sabem que n\u00e3o ser\u00e3o incomodadas pelo governo. S\u00f3 a JBS deve mais de R$1.8 bilh\u00e3o para a previd\u00eancia.<\/p>\n<p>A conclus\u00e3o da CPI n\u00e3o chega a ser uma novidade, mas um fato chama a aten\u00e7\u00e3o: at\u00e9 mesmo os integrantes da bancada governista concordam n\u00e3o haver rombo na previd\u00eancia brasileira. \u00c9 um dado relevante, mas pouco se falou a respeito. Diferente do que ocorre com a maioria das CPIs, que sempre estiveram sob holofotes, a da Previd\u00eancia n\u00e3o recebeu praticamente nenhuma cobertura da m\u00eddia, o que talvez se explique pelo fato de que grandes anunciantes sejam tamb\u00e9m grandes devedores. Os bancos, claro, s\u00e3o os que mais devem.<\/p>\n<p>&nbsp;<\/p>\n<div class=\"PostContent\" data-reactid=\".ti.1.0.1.2.0.0.1.0.4\">\n<div data-reactid=\".ti.1.0.1.2.0.0.1.0.4.$p-0\">\n<p>A\u00a0<a href=\"https:\/\/www.cartacapital.com.br\/politica\/agenda-de-secretario-da-previdencia-e-dominada-pelo-mercado-financeiro\">agenda p\u00fablica\u00a0<\/a>do homem por tr\u00e1s da reforma, o secret\u00e1rio da\u00a0<a href=\"https:\/\/theintercept.com\/2016\/08\/19\/o-que-pensa-o-homem-por-tras-da-reforma-da-previdencia-brasileira\/\" target=\"_blank\">Previd\u00eancia Social Marcelo Caetano<\/a>, mostra quais interesses o governo pretende atender. Foram diversos encontros com representantes de institui\u00e7\u00f5es financeiras, que s\u00e3o grandes interessados em vender planos de previd\u00eancia privada. Bancos como Bradesco, Ita\u00fa e Santander,\u00a0<a href=\"https:\/\/reporterbrasil.org.br\/wp-content\/uploads\/2017\/02\/maioresdevedoresprevidencia.pdf\">devedores milion\u00e1rios<\/a>\u00a0da previd\u00eancia (s\u00f3 o Bradesco deve quase meio bilh\u00e3o), mant\u00eam encontros frequentes com o secret\u00e1rio. Houve at\u00e9 uma reuni\u00e3o com o MBL, mas n\u00e3o h\u00e1 registro de nenhuma com entidades representativas dos trabalhadores (exceto\u00a0<a href=\"http:\/\/www1.folha.uol.com.br\/mercado\/2016\/12\/1839048-para-sindicalistas-meirelles-diz-que-nada-na-reforma-e-inegociavel.shtml\">uma com a UGT<\/a>, a central sindical amiga de Temer). A desfa\u00e7atez \u00e9 tanta que, at\u00e9 ser denunciado em mar\u00e7o deste ano, Caetano\u00a0<a href=\"http:\/\/www.correiobraziliense.com.br\/app\/noticia\/economia\/2017\/02\/23\/internas_economia,576246\/secretario-da-previdencia-social-caetano-e-conselheiro-da-brasilprev.shtml\">acumulava as fun\u00e7\u00f5es<\/a>\u00a0de secret\u00e1rio da Previd\u00eancia e conselheiro da BrasilPrev \u2013 uma das maiores empresas de previd\u00eancia privada do Brasil.<\/p>\n<div class=\"img-wrap align-center width-fixed\">\n<p><a href=\"https:\/\/i0.wp.com\/theintercept.imgix.net\/wp-uploads\/sites\/1\/2017\/11\/agenciabrasil-1511708803.jpg?ssl=1\"><img data-recalc-dims=\"1\" decoding=\"async\" class=\"aligncenter size-article-medium wp-image-159470\" src=\"https:\/\/i0.wp.com\/theintercept.imgix.net\/wp-uploads\/sites\/1\/2017\/11\/agenciabrasil-1511708803.jpg?w=600&#038;ssl=1\" alt=\"03\/02\/2017- Bras\u00edlia, DF, BRasil- O secret\u00e1rio da Previd\u00eancia Social, Marcelo Caetano, e o l\u00edder do governo na C\u00e2mara, deputado Aguinaldo Ribeiro, durante reuni\u00e3o no Minist\u00e9rio da Fazenda. Foto: Marcelo Camargo \/ Ag\u00eancia Brasil\" \/><\/a><\/p>\n<p class=\"caption\">Marcelo Caetano em reuni\u00e3o no Minist\u00e9rio da Fazenda.<\/p>\n<p class=\"caption source\">Marcelo Camargo\/Ag\u00eancia Brasil<\/p>\n<\/div>\n<p>Ag\u00eancias de classifica\u00e7\u00e3o de risco internacionais seguem o discurso hegem\u00f4nico pr\u00f3-reforma da m\u00eddia brasileira. O tom terrorista tamb\u00e9m \u00e9 o mesmo. A Standard &amp; Poor\u2019s chegou a\u00a0<a href=\"http:\/\/epocanegocios.globo.com\/Economia\/noticia\/2017\/10\/sp-alerta-para-rebaixamento-do-brasil-se-reforma-da-previdencia-adiada.html\">emitir um alerta<\/a>\u00a0amea\u00e7ando rebaixar a nota do Brasil caso a reforma seja adiada.Assim como Dilma n\u00e3o foi deposta por pedaladas fiscais, o objetivo da reforma n\u00e3o \u00e9 salvar o pa\u00eds da crise, mas atender aos interesses do mercado financeiro. A conta da m\u00e1 gest\u00e3o desses recursos p\u00fablicos ser\u00e1 empurrada para o trabalhador, enquanto os grandes devedores, que foram perdoados por todos os governos, continuar\u00e3o sendo preservados. Os bancos ainda ser\u00e3o agraciados com o abocanhamento do mercado da previd\u00eancia privada que ir\u00e1 bombar ap\u00f3s a reforma. \u00c9 isso o que est\u00e1 em jogo. Os milh\u00f5es gastos em publicidade s\u00e3o para escamotear essa realidade e empurrar para o trabalhador uma conta que n\u00e3o \u00e9 dele. Um presidente que n\u00e3o foi eleito est\u00e1 gastando o nosso dinheiro em propaganda para nos convencer de que a \u00fanica sa\u00edda para a crise \u00e9 o esquartejamento dos nossos direitos previdenci\u00e1rios. Esse \u00e9 o drama brasileiro.<\/p>\n<\/div>\n<\/div>\n<div class=\"Post-contact Post-contact--1\" data-reactid=\".ti.1.0.1.2.0.0.1.0.a\"><\/div>\n","protected":false},"excerpt":{"rendered":"<p>No The Intercept, por Jo\u00e3o Filho &#8211; DE TODAS AS crueldades impostas pelo governo ileg\u00edtimo de Michel Temer, a reforma da previd\u00eancia sempre pareceu a mais dif\u00edcil de ser concretizada. A rejei\u00e7\u00e3o popular sempre foi enorme e o governo n\u00e3o conta com o mesmo apoio maci\u00e7o do congresso como em vota\u00e7\u00f5es anteriores.<\/p>\n","protected":false},"author":1,"featured_media":0,"comment_status":"closed","ping_status":"open","sticky":false,"template":"","format":"standard","meta":{"_exactmetrics_skip_tracking":false,"_exactmetrics_sitenote_active":false,"_exactmetrics_sitenote_note":"","_exactmetrics_sitenote_category":0,"jetpack_post_was_ever_published":false,"_jetpack_newsletter_access":"","_jetpack_dont_email_post_to_subs":false,"_jetpack_newsletter_tier_id":0,"_jetpack_memberships_contains_paywalled_content":false,"_jetpack_memberships_contains_paid_content":false,"footnotes":"","jetpack_publicize_message":"","jetpack_publicize_feature_enabled":true,"jetpack_social_post_already_shared":true,"jetpack_social_options":{"image_generator_settings":{"template":"highway","enabled":false},"version":2}},"categories":[1],"tags":[],"class_list":["post-15226","post","type-post","status-publish","format-standard","hentry","category-notas"],"jetpack_publicize_connections":[],"jetpack_sharing_enabled":true,"jetpack_featured_media_url":"","jetpack_shortlink":"https:\/\/wp.me\/s7wKYW-15226","jetpack-related-posts":[],"_links":{"self":[{"href":"http:\/\/blogdalucianaoliveira.com.br\/blog\/wp-json\/wp\/v2\/posts\/15226","targetHints":{"allow":["GET"]}}],"collection":[{"href":"http:\/\/blogdalucianaoliveira.com.br\/blog\/wp-json\/wp\/v2\/posts"}],"about":[{"href":"http:\/\/blogdalucianaoliveira.com.br\/blog\/wp-json\/wp\/v2\/types\/post"}],"author":[{"embeddable":true,"href":"http:\/\/blogdalucianaoliveira.com.br\/blog\/wp-json\/wp\/v2\/users\/1"}],"replies":[{"embeddable":true,"href":"http:\/\/blogdalucianaoliveira.com.br\/blog\/wp-json\/wp\/v2\/comments?post=15226"}],"version-history":[{"count":3,"href":"http:\/\/blogdalucianaoliveira.com.br\/blog\/wp-json\/wp\/v2\/posts\/15226\/revisions"}],"predecessor-version":[{"id":15230,"href":"http:\/\/blogdalucianaoliveira.com.br\/blog\/wp-json\/wp\/v2\/posts\/15226\/revisions\/15230"}],"wp:attachment":[{"href":"http:\/\/blogdalucianaoliveira.com.br\/blog\/wp-json\/wp\/v2\/media?parent=15226"}],"wp:term":[{"taxonomy":"category","embeddable":true,"href":"http:\/\/blogdalucianaoliveira.com.br\/blog\/wp-json\/wp\/v2\/categories?post=15226"},{"taxonomy":"post_tag","embeddable":true,"href":"http:\/\/blogdalucianaoliveira.com.br\/blog\/wp-json\/wp\/v2\/tags?post=15226"}],"curies":[{"name":"wp","href":"https:\/\/api.w.org\/{rel}","templated":true}]}}