{"id":1523,"date":"2016-06-07T16:50:27","date_gmt":"2016-06-07T20:50:27","guid":{"rendered":"http:\/\/blogdalucianaoliveira.com.br\/blog\/?p=1523"},"modified":"2016-06-07T16:50:27","modified_gmt":"2016-06-07T20:50:27","slug":"entidades-lancam-carta-aberta-em-defesa-do-marco-civil-da-internet","status":"publish","type":"post","link":"http:\/\/blogdalucianaoliveira.com.br\/blog\/2016\/06\/07\/entidades-lancam-carta-aberta-em-defesa-do-marco-civil-da-internet\/","title":{"rendered":"ENTIDADES LAN\u00c7AM CARTA ABERTA EM DEFESA DO MARCO CIVIL DA INTERNET"},"content":{"rendered":"<p>CARTA ABERTA EM DEFESA DA DEMOCRACIA NAS COMUNICA\u00c7\u00d5ES<!--more--><\/p>\n<p><img data-recalc-dims=\"1\" loading=\"lazy\" decoding=\"async\" data-attachment-id=\"1524\" data-permalink=\"http:\/\/blogdalucianaoliveira.com.br\/blog\/2016\/06\/07\/entidades-lancam-carta-aberta-em-defesa-do-marco-civil-da-internet\/image-327\/\" data-orig-file=\"https:\/\/i0.wp.com\/blogdalucianaoliveira.com.br\/blog\/wp-content\/uploads\/2016\/06\/image-22.jpeg?fit=544%2C270\" data-orig-size=\"544,270\" data-comments-opened=\"0\" data-image-meta=\"{&quot;aperture&quot;:&quot;0&quot;,&quot;credit&quot;:&quot;&quot;,&quot;camera&quot;:&quot;&quot;,&quot;caption&quot;:&quot;&quot;,&quot;created_timestamp&quot;:&quot;0&quot;,&quot;copyright&quot;:&quot;&quot;,&quot;focal_length&quot;:&quot;0&quot;,&quot;iso&quot;:&quot;0&quot;,&quot;shutter_speed&quot;:&quot;0&quot;,&quot;title&quot;:&quot;&quot;,&quot;orientation&quot;:&quot;0&quot;}\" data-image-title=\"image\" data-image-description=\"\" data-image-caption=\"\" data-medium-file=\"https:\/\/i0.wp.com\/blogdalucianaoliveira.com.br\/blog\/wp-content\/uploads\/2016\/06\/image-22.jpeg?fit=300%2C149\" data-large-file=\"https:\/\/i0.wp.com\/blogdalucianaoliveira.com.br\/blog\/wp-content\/uploads\/2016\/06\/image-22.jpeg?fit=544%2C270\" src=\"https:\/\/i0.wp.com\/blogdalucianaoliveira.com.br\/blog\/wp-content\/uploads\/2016\/06\/image-22.jpeg?resize=544%2C270\" alt=\"image\" width=\"544\" height=\"270\" class=\"alignnone size-full wp-image-1524\" srcset=\"https:\/\/i0.wp.com\/blogdalucianaoliveira.com.br\/blog\/wp-content\/uploads\/2016\/06\/image-22.jpeg?w=544 544w, https:\/\/i0.wp.com\/blogdalucianaoliveira.com.br\/blog\/wp-content\/uploads\/2016\/06\/image-22.jpeg?resize=300%2C149 300w\" sizes=\"auto, (max-width: 544px) 100vw, 544px\" \/><\/p>\n<p>As associa\u00e7\u00f5es de defesa dos consumidores e do direito \u00e0 comunica\u00e7\u00e3o e ativistas que assinam esta carta v\u00eaem \u00e0 p\u00fablico manifestar-se pela manuten\u00e7\u00e3o das garantias constitucionais e legais cujos objetivos s\u00e3o a universaliza\u00e7\u00e3o dos servi\u00e7os de acesso \u00e0 internet e contra retrocessos quanto \u00e0s conquistas legislativas que alcan\u00e7amos nos \u00faltimos anos.<br \/>\nA edi\u00e7\u00e3o da Lei 12.965, de abril de 2014 &#8211; o Marco Civil da Internet &#8211; veio estabelecer direitos dos usu\u00e1rios dos servi\u00e7os de conex\u00e3o \u00e0 internet, depois de um amplo e democr\u00e1tico processo de consultas p\u00fablicas promovidas pelos Minist\u00e9rios da Cultura e Justi\u00e7a, assim como pelo Poder Legislativo e, portanto, reflete a conjuga\u00e7\u00e3o das for\u00e7as sociais e pol\u00edticas dos agentes que atuam no setor.<\/p>\n<p>Esta lei estabeleceu que o acesso \u00e0 internet \u00e9 um servi\u00e7o relevante para o desenvolvimento social, econ\u00f4mico e cultural e por isso \u00e9 essencial para o exerc\u00edcio da cidadania, devendo ser objeto de pol\u00edticas p\u00fablicas de universaliza\u00e7\u00e3o. A comunica\u00e7\u00e3o social e o direito \u00e0 informa\u00e7\u00e3o, assim como a utiliza\u00e7\u00e3o de diversos servi\u00e7os p\u00fablicos se d\u00e3o pela internet, raz\u00e3o pela qual desempenha tamb\u00e9m papel estrat\u00e9gico para os Poderes P\u00fablicos.<\/p>\n<p>Trata-se, portanto, de servi\u00e7o estrat\u00e9gico e de importante instrumento para o exerc\u00edcio da cidadania que viabiliza o Estado Democr\u00e1tico de Direito, especialmente quando estabelece seus pressupostos: a liberdade de express\u00e3o, a igualdade no tratamento no tr\u00e1fego dos pacotes de dados e a privacidade.<\/p>\n<p>No \u00faltimo dia 11 de maio, foi editado o Decreto Presidencial 8.771, que veio regulamentar aspectos fundamentais do Marco Civil da Internet, definindo diretrizes para a garantia da neutralidade da rede, par\u00e2metros para a guarda de registros e dados dos usu\u00e1rios, bem como um sistema para fiscaliza\u00e7\u00e3o e apura\u00e7\u00e3o de infra\u00e7\u00f5es relativas aos direitos e obriga\u00e7\u00f5es introduzidos pela lei. Este decreto rec\u00e9m editado tamb\u00e9m foi resultado de diversas consultas p\u00fablicas, de modo que est\u00e1 respaldado por processo democr\u00e1tico de formula\u00e7\u00e3o.<\/p>\n<p>O Decreto 8.771\/2016 cria condi\u00e7\u00f5es para que que o Marco Civil da Internet possa ser devidamente interpretado, especialmente no que diz respeito \u00e0 aspectos sens\u00edveis como a abrang\u00eancia do direito \u00e0 neutralidade da rede e condi\u00e7\u00f5es de seguran\u00e7a e transpar\u00eancia para a coleta, guarda e acesso \u00e0 dados pessoais pelas autoridades administrativas.<\/p>\n<p>Feitas as considera\u00e7\u00f5es acima, manifestamos a preocupa\u00e7\u00e3o com not\u00edcias veiculadas pela imprensa nos \u00faltimos dias, no sentido de que o atual Governo provis\u00f3rio teria desencadeado na Casa Civil um processo para a revis\u00e3o dos \u00faltimos atos praticados pela Presidenta da Rep\u00fablica afastada, tendo havido refer\u00eancia expressa ao decreto regulamentador do Marco Civil da Internet.<\/p>\n<p>Entendemos ser injustificada qualquer revis\u00e3o do decreto, pois, repita-se, foi produto de amplos debates dos quais participaram representantes do governo, empresas, academia e organiza\u00e7\u00f5es de defesa do consumidor e da comunica\u00e7\u00e3o, de modo que deve ser prestigiado, uma vez que traz elementos fundamentais para a aplica\u00e7\u00e3o Marco Civil da Internet, seja para os agentes do mercado, seja para os consumidores, assim como no \u00e2mbito do Poder Judici\u00e1rio, reduzindo incertezas e inseguran\u00e7as.<\/p>\n<p>Qualquer remota inten\u00e7\u00e3o de revisar o Decreto 8.771\/2016 implicaria necessariamente num novo processo de consulta p\u00fablica, a fim de preservar o car\u00e1ter democr\u00e1tico que respaldou sua edi\u00e7\u00e3o, preservando outros direitos fundamentais tais como a comunica\u00e7\u00e3o, o livre fluxo de informa\u00e7\u00e3o, direitos pol\u00edticos, direito \u00e0 prote\u00e7\u00e3o de dados pessoais, sendo imperativo que a sociedade civil esteja envolvida.<\/p>\n<p>Pelo exposto, esperamos seja reconhecida a import\u00e2ncia e a validade do Decreto 8.771\/2016 e mantida sua efic\u00e1cia, a fim de se garantir a aplica\u00e7\u00e3o dos princ\u00edpios, fundamentos e objetivos do Marco Civil da Internet.<\/p>\n<p>Assinam:<\/p>\n<p>Access Now<br \/>\nAssocia\u00e7\u00e3o de Consumidores Proteste<br \/>\nAssocia\u00e7\u00e3o Software Livre.Org<br \/>\nCasa da Cultura Digital \u2013 Porto Alegre<br \/>\nCentro de Estudos da M\u00eddia Alternativa Bar\u00e3o de Itarar\u00e9<br \/>\nCibercult: Laborat\u00f3rio de Comunica\u00e7\u00e3o Distribu\u00edda e Transforma\u00e7\u00e3o Pol\u00edtica da Universidade Federal do Rio de Janeiro (ECO-UFRJ)<br \/>\nClube de Engenharia<br \/>\nCoding Rights<br \/>\nColaborat\u00f3rio de Desenvolvimento e Participa\u00e7\u00e3o da Universidade de S\u00e3o Paulo (COLAB\/USP)<br \/>\nColetivo Digital<br \/>\nColetivo Soylocoporti<br \/>\nF\u00f3rum Nacional pela Democratiza\u00e7\u00e3o da Comunica\u00e7\u00e3o (FNDC)<br \/>\nGrupo de Pesquisa em Pol\u00edticas P\u00fablicas de Acesso \u00e0 Informa\u00e7\u00e3o da Universidade de S\u00e3o Paulo (GPoPAI\/USP)<br \/>\nInstituto Bem Estar Brasil<br \/>\nInstituto Beta: Internet &#038; Democracia<br \/>\nInstituto Brasileiro de Defesa do Consumidor (Idec)<br \/>\nInstituto Nupef \u2013 N\u00facleo de Pesquisas, Estudos e Forma\u00e7\u00e3o, Rio de Janeiro<br \/>\nInstituto Telecom<br \/>\nInternet Sem Fronteiras Brasil<br \/>\nIntervozes Coletivo Brasil de Comunica\u00e7\u00e3o Social<br \/>\nMovimento Mega<br \/>\n#redelivre<\/p>\n","protected":false},"excerpt":{"rendered":"<p>CARTA ABERTA EM DEFESA DA DEMOCRACIA NAS COMUNICA\u00c7\u00d5ES<\/p>\n","protected":false},"author":1,"featured_media":0,"comment_status":"closed","ping_status":"open","sticky":false,"template":"","format":"standard","meta":{"_exactmetrics_skip_tracking":false,"_exactmetrics_sitenote_active":false,"_exactmetrics_sitenote_note":"","_exactmetrics_sitenote_category":0,"jetpack_post_was_ever_published":false,"_jetpack_newsletter_access":"","_jetpack_dont_email_post_to_subs":false,"_jetpack_newsletter_tier_id":0,"_jetpack_memberships_contains_paywalled_content":false,"_jetpack_memberships_contains_paid_content":false,"footnotes":"","jetpack_publicize_message":"","jetpack_publicize_feature_enabled":true,"jetpack_social_post_already_shared":true,"jetpack_social_options":{"image_generator_settings":{"template":"highway","enabled":false},"version":2}},"categories":[1],"tags":[],"class_list":["post-1523","post","type-post","status-publish","format-standard","hentry","category-notas"],"jetpack_publicize_connections":[],"jetpack_sharing_enabled":true,"jetpack_featured_media_url":"","jetpack_shortlink":"https:\/\/wp.me\/p7wKYW-oz","jetpack-related-posts":[],"_links":{"self":[{"href":"http:\/\/blogdalucianaoliveira.com.br\/blog\/wp-json\/wp\/v2\/posts\/1523","targetHints":{"allow":["GET"]}}],"collection":[{"href":"http:\/\/blogdalucianaoliveira.com.br\/blog\/wp-json\/wp\/v2\/posts"}],"about":[{"href":"http:\/\/blogdalucianaoliveira.com.br\/blog\/wp-json\/wp\/v2\/types\/post"}],"author":[{"embeddable":true,"href":"http:\/\/blogdalucianaoliveira.com.br\/blog\/wp-json\/wp\/v2\/users\/1"}],"replies":[{"embeddable":true,"href":"http:\/\/blogdalucianaoliveira.com.br\/blog\/wp-json\/wp\/v2\/comments?post=1523"}],"version-history":[{"count":2,"href":"http:\/\/blogdalucianaoliveira.com.br\/blog\/wp-json\/wp\/v2\/posts\/1523\/revisions"}],"predecessor-version":[{"id":1526,"href":"http:\/\/blogdalucianaoliveira.com.br\/blog\/wp-json\/wp\/v2\/posts\/1523\/revisions\/1526"}],"wp:attachment":[{"href":"http:\/\/blogdalucianaoliveira.com.br\/blog\/wp-json\/wp\/v2\/media?parent=1523"}],"wp:term":[{"taxonomy":"category","embeddable":true,"href":"http:\/\/blogdalucianaoliveira.com.br\/blog\/wp-json\/wp\/v2\/categories?post=1523"},{"taxonomy":"post_tag","embeddable":true,"href":"http:\/\/blogdalucianaoliveira.com.br\/blog\/wp-json\/wp\/v2\/tags?post=1523"}],"curies":[{"name":"wp","href":"https:\/\/api.w.org\/{rel}","templated":true}]}}