{"id":15236,"date":"2017-11-27T19:57:30","date_gmt":"2017-11-27T23:57:30","guid":{"rendered":"http:\/\/blogdalucianaoliveira.com.br\/blog\/?p=15236"},"modified":"2017-11-27T19:57:30","modified_gmt":"2017-11-27T23:57:30","slug":"samba-para-incentivar-a-cultura-popular-prefeitura-traz-quintal-do-pagodinho","status":"publish","type":"post","link":"http:\/\/blogdalucianaoliveira.com.br\/blog\/2017\/11\/27\/samba-para-incentivar-a-cultura-popular-prefeitura-traz-quintal-do-pagodinho\/","title":{"rendered":"SAMBA: Para incentivar a cultura popular, Prefeitura traz \u201cQuintal do Pagodinho\u201d"},"content":{"rendered":"<p><img data-recalc-dims=\"1\" loading=\"lazy\" decoding=\"async\" data-attachment-id=\"15237\" data-permalink=\"http:\/\/blogdalucianaoliveira.com.br\/blog\/2017\/11\/27\/samba-para-incentivar-a-cultura-popular-prefeitura-traz-quintal-do-pagodinho\/e02a5836-6bb1-4492-a7a6-fbaa121727a4\/\" data-orig-file=\"https:\/\/i0.wp.com\/blogdalucianaoliveira.com.br\/blog\/wp-content\/uploads\/2017\/11\/E02A5836-6BB1-4492-A7A6-FBAA121727A4.jpeg?fit=843%2C684\" data-orig-size=\"843,684\" data-comments-opened=\"0\" data-image-meta=\"{&quot;aperture&quot;:&quot;0&quot;,&quot;credit&quot;:&quot;&quot;,&quot;camera&quot;:&quot;&quot;,&quot;caption&quot;:&quot;&quot;,&quot;created_timestamp&quot;:&quot;1511180022&quot;,&quot;copyright&quot;:&quot;&quot;,&quot;focal_length&quot;:&quot;0&quot;,&quot;iso&quot;:&quot;0&quot;,&quot;shutter_speed&quot;:&quot;0&quot;,&quot;title&quot;:&quot;&quot;,&quot;orientation&quot;:&quot;1&quot;}\" data-image-title=\"E02A5836-6BB1-4492-A7A6-FBAA121727A4\" data-image-description=\"\" data-image-caption=\"\" data-medium-file=\"https:\/\/i0.wp.com\/blogdalucianaoliveira.com.br\/blog\/wp-content\/uploads\/2017\/11\/E02A5836-6BB1-4492-A7A6-FBAA121727A4.jpeg?fit=300%2C243\" data-large-file=\"https:\/\/i0.wp.com\/blogdalucianaoliveira.com.br\/blog\/wp-content\/uploads\/2017\/11\/E02A5836-6BB1-4492-A7A6-FBAA121727A4.jpeg?fit=600%2C487\" src=\"https:\/\/i0.wp.com\/blogdalucianaoliveira.com.br\/blog\/wp-content\/uploads\/2017\/11\/E02A5836-6BB1-4492-A7A6-FBAA121727A4.jpeg?resize=600%2C487\" alt=\"E02A5836-6BB1-4492-A7A6-FBAA121727A4\" width=\"600\" height=\"487\" class=\"alignnone size-full wp-image-15237\" srcset=\"https:\/\/i0.wp.com\/blogdalucianaoliveira.com.br\/blog\/wp-content\/uploads\/2017\/11\/E02A5836-6BB1-4492-A7A6-FBAA121727A4.jpeg?w=843 843w, https:\/\/i0.wp.com\/blogdalucianaoliveira.com.br\/blog\/wp-content\/uploads\/2017\/11\/E02A5836-6BB1-4492-A7A6-FBAA121727A4.jpeg?resize=300%2C243 300w, https:\/\/i0.wp.com\/blogdalucianaoliveira.com.br\/blog\/wp-content\/uploads\/2017\/11\/E02A5836-6BB1-4492-A7A6-FBAA121727A4.jpeg?resize=768%2C623 768w, https:\/\/i0.wp.com\/blogdalucianaoliveira.com.br\/blog\/wp-content\/uploads\/2017\/11\/E02A5836-6BB1-4492-A7A6-FBAA121727A4.jpeg?resize=370%2C300 370w\" sizes=\"auto, (max-width: 600px) 100vw, 600px\" \/><\/p>\n<p>Da Assessoria &#8211; Os integrantes do \u201cQuintal do Pagodinho\u201d pertencem ao grupo de samba do cantor e compositor Zeca Pagodinho.<!--more--><\/p>\n<p>O grupo musical \u201cQuintal do Pagodinho\u201d, do Rio de Janeiro, far\u00e1 show em Porto velho, no dia 2 de dezembro, \u00e0s 21 horas, no Mercado Cultural, em comemora\u00e7\u00e3o ao Dia do Samba. O evento \u00e9 em homenagem ao sambista Bab\u00e1. O evento \u00e9 promovido pela Prefeitura de Porto Velho, atrav\u00e9s da Funda\u00e7\u00e3o Cultural (Funcultural).<\/p>\n<p>Os integrantes do \u201cQuintal do Pagodinho\u201d pertencem ao grupo de samba do cantor e compositor Zeca Pagodinho. S\u00e3o eles Marquinhos PQD, Brasil do Quintal e Juninho Thimbau.<\/p>\n<p>A programa\u00e7\u00e3o do Dia Nacional do Samba inclui ainda shows com artistas locais. O encontro inicia \u00e0s 15 horas, com o projeto Samba Autoral, seguido de Xona do Cavaco, Beto Cezar e Grupo Doce Melodia e da performance do \u201cQuintal do Pagodinho\u201d. O evento encerrar\u00e1 com a apresenta\u00e7\u00e3o de Ernesto Melo, Baianha, Silvio Santos, Torrado e Beto.<\/p>\n<p>De acordo com o presidente da Funcultural, Ocampo Fernandes, a vinda do trio a Porto Velho \u00e9 uma forma de agregar valor ao projeto de incentivo a cultura popular, promover o interc\u00e2mbio e propiciar ao p\u00fablico local mais um evento de reconhecida veia s\u00f3cio-cultural.<\/p>\n<p>\u201cO prefeito dr Hildon Chaves \u00e9 um dos grandes incentivadores das manifesta\u00e7\u00f5es populares, sempre destacando a necessidade de incentivo aos artistas locais, trabalho esse que vem sendo priorizado pela Funcultural\u201d, declarou Ocampo.<\/p>\n<p>BAB\u00c1<\/p>\n<p>O portovelhense Sebasti\u00e3o Ara\u00fajo, o Bab\u00e1, foi um baluarte do samba-compositor e int\u00e9rprete. Foi mestre-sala, desfilando pelas escolas Pobres do Caiari e Diplomatas. Atuou tamb\u00e9m como jogador de futebol dos clubes Botafogo e S\u00e3o Domingos \u2013 ambos na capital. Bab\u00e1, j\u00e1 falecido, era servidor p\u00fablico federal.<\/p>\n","protected":false},"excerpt":{"rendered":"<p>Da Assessoria &#8211; Os integrantes do \u201cQuintal do Pagodinho\u201d pertencem ao grupo de samba do cantor e compositor Zeca Pagodinho.<\/p>\n","protected":false},"author":1,"featured_media":0,"comment_status":"closed","ping_status":"open","sticky":false,"template":"","format":"standard","meta":{"_exactmetrics_skip_tracking":false,"_exactmetrics_sitenote_active":false,"_exactmetrics_sitenote_note":"","_exactmetrics_sitenote_category":0,"jetpack_post_was_ever_published":false,"_jetpack_newsletter_access":"","_jetpack_dont_email_post_to_subs":false,"_jetpack_newsletter_tier_id":0,"_jetpack_memberships_contains_paywalled_content":false,"_jetpack_memberships_contains_paid_content":false,"footnotes":"","jetpack_publicize_message":"","jetpack_publicize_feature_enabled":true,"jetpack_social_post_already_shared":true,"jetpack_social_options":{"image_generator_settings":{"template":"highway","enabled":false},"version":2}},"categories":[1],"tags":[],"class_list":["post-15236","post","type-post","status-publish","format-standard","hentry","category-notas"],"jetpack_publicize_connections":[],"jetpack_sharing_enabled":true,"jetpack_featured_media_url":"","jetpack_shortlink":"https:\/\/wp.me\/p7wKYW-3XK","jetpack-related-posts":[],"_links":{"self":[{"href":"http:\/\/blogdalucianaoliveira.com.br\/blog\/wp-json\/wp\/v2\/posts\/15236","targetHints":{"allow":["GET"]}}],"collection":[{"href":"http:\/\/blogdalucianaoliveira.com.br\/blog\/wp-json\/wp\/v2\/posts"}],"about":[{"href":"http:\/\/blogdalucianaoliveira.com.br\/blog\/wp-json\/wp\/v2\/types\/post"}],"author":[{"embeddable":true,"href":"http:\/\/blogdalucianaoliveira.com.br\/blog\/wp-json\/wp\/v2\/users\/1"}],"replies":[{"embeddable":true,"href":"http:\/\/blogdalucianaoliveira.com.br\/blog\/wp-json\/wp\/v2\/comments?post=15236"}],"version-history":[{"count":1,"href":"http:\/\/blogdalucianaoliveira.com.br\/blog\/wp-json\/wp\/v2\/posts\/15236\/revisions"}],"predecessor-version":[{"id":15238,"href":"http:\/\/blogdalucianaoliveira.com.br\/blog\/wp-json\/wp\/v2\/posts\/15236\/revisions\/15238"}],"wp:attachment":[{"href":"http:\/\/blogdalucianaoliveira.com.br\/blog\/wp-json\/wp\/v2\/media?parent=15236"}],"wp:term":[{"taxonomy":"category","embeddable":true,"href":"http:\/\/blogdalucianaoliveira.com.br\/blog\/wp-json\/wp\/v2\/categories?post=15236"},{"taxonomy":"post_tag","embeddable":true,"href":"http:\/\/blogdalucianaoliveira.com.br\/blog\/wp-json\/wp\/v2\/tags?post=15236"}],"curies":[{"name":"wp","href":"https:\/\/api.w.org\/{rel}","templated":true}]}}