{"id":15241,"date":"2017-11-27T21:42:11","date_gmt":"2017-11-28T01:42:11","guid":{"rendered":"http:\/\/blogdalucianaoliveira.com.br\/blog\/?p=15241"},"modified":"2017-11-27T21:42:11","modified_gmt":"2017-11-28T01:42:11","slug":"rede-decide-professor-sera-candidato-ao-governo","status":"publish","type":"post","link":"http:\/\/blogdalucianaoliveira.com.br\/blog\/2017\/11\/27\/rede-decide-professor-sera-candidato-ao-governo\/","title":{"rendered":"Rede decide: professor ser\u00e1 candidato ao governo"},"content":{"rendered":"<p><img data-recalc-dims=\"1\" loading=\"lazy\" decoding=\"async\" data-attachment-id=\"15242\" data-permalink=\"http:\/\/blogdalucianaoliveira.com.br\/blog\/2017\/11\/27\/rede-decide-professor-sera-candidato-ao-governo\/dfb47729-9b06-4082-a86c-71edc0024510\/\" data-orig-file=\"https:\/\/i0.wp.com\/blogdalucianaoliveira.com.br\/blog\/wp-content\/uploads\/2017\/11\/DFB47729-9B06-4082-A86C-71EDC0024510.jpeg?fit=386%2C385\" data-orig-size=\"386,385\" data-comments-opened=\"0\" data-image-meta=\"{&quot;aperture&quot;:&quot;0&quot;,&quot;credit&quot;:&quot;&quot;,&quot;camera&quot;:&quot;&quot;,&quot;caption&quot;:&quot;&quot;,&quot;created_timestamp&quot;:&quot;0&quot;,&quot;copyright&quot;:&quot;&quot;,&quot;focal_length&quot;:&quot;0&quot;,&quot;iso&quot;:&quot;0&quot;,&quot;shutter_speed&quot;:&quot;0&quot;,&quot;title&quot;:&quot;&quot;,&quot;orientation&quot;:&quot;1&quot;}\" data-image-title=\"DFB47729-9B06-4082-A86C-71EDC0024510\" data-image-description=\"\" data-image-caption=\"\" data-medium-file=\"https:\/\/i0.wp.com\/blogdalucianaoliveira.com.br\/blog\/wp-content\/uploads\/2017\/11\/DFB47729-9B06-4082-A86C-71EDC0024510.jpeg?fit=300%2C300\" data-large-file=\"https:\/\/i0.wp.com\/blogdalucianaoliveira.com.br\/blog\/wp-content\/uploads\/2017\/11\/DFB47729-9B06-4082-A86C-71EDC0024510.jpeg?fit=386%2C385\" src=\"https:\/\/i0.wp.com\/blogdalucianaoliveira.com.br\/blog\/wp-content\/uploads\/2017\/11\/DFB47729-9B06-4082-A86C-71EDC0024510.jpeg?resize=386%2C385\" alt=\"DFB47729-9B06-4082-A86C-71EDC0024510\" width=\"386\" height=\"385\" class=\"alignnone size-full wp-image-15242\" srcset=\"https:\/\/i0.wp.com\/blogdalucianaoliveira.com.br\/blog\/wp-content\/uploads\/2017\/11\/DFB47729-9B06-4082-A86C-71EDC0024510.jpeg?w=386 386w, https:\/\/i0.wp.com\/blogdalucianaoliveira.com.br\/blog\/wp-content\/uploads\/2017\/11\/DFB47729-9B06-4082-A86C-71EDC0024510.jpeg?resize=150%2C150 150w, https:\/\/i0.wp.com\/blogdalucianaoliveira.com.br\/blog\/wp-content\/uploads\/2017\/11\/DFB47729-9B06-4082-A86C-71EDC0024510.jpeg?resize=300%2C300 300w, https:\/\/i0.wp.com\/blogdalucianaoliveira.com.br\/blog\/wp-content\/uploads\/2017\/11\/DFB47729-9B06-4082-A86C-71EDC0024510.jpeg?resize=301%2C300 301w\" sizes=\"auto, (max-width: 386px) 100vw, 386px\" \/><\/p>\n<p>REDE realiza Confer\u00eancia Estadual e elege o novo Elo Estadual (Diret\u00f3rio) e Comiss\u00e3o Executiva.<!--more--><\/p>\n<p>O *Elo Estadual da Rede Sustentabilidade em Rond\u00f4nia*, realizou sua II Confer\u00eancia Estadual em 26\/11\/2017 (domingo).<\/p>\n<p>Em di\u00e1logo com suas  filiadas e filiados, foi eleito o novo Elo Estadual (Diret\u00f3rio), bem como as novas Comiss\u00f5es Executiva Estadual e de \u00c9tica. <\/p>\n<p>No cargo de Porta Voz (Coordenador Geral), foram eleitos os porta-vozes M\u00e1rcio Maia e Michele Tolentino.<\/p>\n<p>O Partido escolheu ainda para delegada, Ivaneide Bandeira (Neidinha), para representar Rond\u00f4nia na III Conven\u00e7\u00e3o Nacional, a ser realizada em 2018.<\/p>\n<p>Ressaltamos que um de nossos desafios \u00e9 refletir em pr\u00e1ticas pol\u00edticas pautadas na \u00e9tica, no compromisso com uma pol\u00edtica econ\u00f4mica ambientalmente sustent\u00e1vel, com a defesa da dignidade humana, com a renova\u00e7\u00e3o pol\u00edtica e esperan\u00e7a de dias melhores.<\/p>\n<p>Durante a Confer\u00eancia Estadual, se consolidou o movimento partid\u00e1rio para lan\u00e7ar nomes pr\u00f3prios aos cargos majorit\u00e1rios do Governo, Vin\u00edcius Miguel e ao Senado, Alu\u00edzio Vidal.<\/p>\n<p>Porto Velho, 27\/11\/2017<\/p>\n<p>*Executiva Estadual*<br \/>\nREDE SUSTENTABILIDADE RO<\/p>\n","protected":false},"excerpt":{"rendered":"<p>REDE realiza Confer\u00eancia Estadual e elege o novo Elo Estadual (Diret\u00f3rio) e Comiss\u00e3o Executiva.<\/p>\n","protected":false},"author":1,"featured_media":0,"comment_status":"closed","ping_status":"open","sticky":false,"template":"","format":"standard","meta":{"_exactmetrics_skip_tracking":false,"_exactmetrics_sitenote_active":false,"_exactmetrics_sitenote_note":"","_exactmetrics_sitenote_category":0,"jetpack_post_was_ever_published":false,"_jetpack_newsletter_access":"","_jetpack_dont_email_post_to_subs":false,"_jetpack_newsletter_tier_id":0,"_jetpack_memberships_contains_paywalled_content":false,"_jetpack_memberships_contains_paid_content":false,"footnotes":"","jetpack_publicize_message":"","jetpack_publicize_feature_enabled":true,"jetpack_social_post_already_shared":true,"jetpack_social_options":{"image_generator_settings":{"template":"highway","enabled":false},"version":2}},"categories":[1],"tags":[],"class_list":["post-15241","post","type-post","status-publish","format-standard","hentry","category-notas"],"jetpack_publicize_connections":[],"jetpack_sharing_enabled":true,"jetpack_featured_media_url":"","jetpack_shortlink":"https:\/\/wp.me\/p7wKYW-3XP","jetpack-related-posts":[],"_links":{"self":[{"href":"http:\/\/blogdalucianaoliveira.com.br\/blog\/wp-json\/wp\/v2\/posts\/15241","targetHints":{"allow":["GET"]}}],"collection":[{"href":"http:\/\/blogdalucianaoliveira.com.br\/blog\/wp-json\/wp\/v2\/posts"}],"about":[{"href":"http:\/\/blogdalucianaoliveira.com.br\/blog\/wp-json\/wp\/v2\/types\/post"}],"author":[{"embeddable":true,"href":"http:\/\/blogdalucianaoliveira.com.br\/blog\/wp-json\/wp\/v2\/users\/1"}],"replies":[{"embeddable":true,"href":"http:\/\/blogdalucianaoliveira.com.br\/blog\/wp-json\/wp\/v2\/comments?post=15241"}],"version-history":[{"count":1,"href":"http:\/\/blogdalucianaoliveira.com.br\/blog\/wp-json\/wp\/v2\/posts\/15241\/revisions"}],"predecessor-version":[{"id":15243,"href":"http:\/\/blogdalucianaoliveira.com.br\/blog\/wp-json\/wp\/v2\/posts\/15241\/revisions\/15243"}],"wp:attachment":[{"href":"http:\/\/blogdalucianaoliveira.com.br\/blog\/wp-json\/wp\/v2\/media?parent=15241"}],"wp:term":[{"taxonomy":"category","embeddable":true,"href":"http:\/\/blogdalucianaoliveira.com.br\/blog\/wp-json\/wp\/v2\/categories?post=15241"},{"taxonomy":"post_tag","embeddable":true,"href":"http:\/\/blogdalucianaoliveira.com.br\/blog\/wp-json\/wp\/v2\/tags?post=15241"}],"curies":[{"name":"wp","href":"https:\/\/api.w.org\/{rel}","templated":true}]}}