{"id":15244,"date":"2017-11-28T06:51:46","date_gmt":"2017-11-28T10:51:46","guid":{"rendered":"http:\/\/blogdalucianaoliveira.com.br\/blog\/?p=15244"},"modified":"2017-11-28T06:51:46","modified_gmt":"2017-11-28T10:51:46","slug":"policial-que-nao-mata-nao-e-policial-diz-bolsonaro","status":"publish","type":"post","link":"http:\/\/blogdalucianaoliveira.com.br\/blog\/2017\/11\/28\/policial-que-nao-mata-nao-e-policial-diz-bolsonaro\/","title":{"rendered":"&#8216;Policial que n\u00e3o mata n\u00e3o \u00e9 policial&#8217;, diz Bolsonaro"},"content":{"rendered":"<p><img data-recalc-dims=\"1\" loading=\"lazy\" decoding=\"async\" data-attachment-id=\"15245\" data-permalink=\"http:\/\/blogdalucianaoliveira.com.br\/blog\/2017\/11\/28\/policial-que-nao-mata-nao-e-policial-diz-bolsonaro\/49479219-69d3-44b7-b163-279a46fd5e3e\/\" data-orig-file=\"https:\/\/i0.wp.com\/blogdalucianaoliveira.com.br\/blog\/wp-content\/uploads\/2017\/11\/49479219-69D3-44B7-B163-279A46FD5E3E.jpeg?fit=550%2C366\" data-orig-size=\"550,366\" data-comments-opened=\"0\" data-image-meta=\"{&quot;aperture&quot;:&quot;0&quot;,&quot;credit&quot;:&quot;&quot;,&quot;camera&quot;:&quot;&quot;,&quot;caption&quot;:&quot;&quot;,&quot;created_timestamp&quot;:&quot;0&quot;,&quot;copyright&quot;:&quot;&quot;,&quot;focal_length&quot;:&quot;0&quot;,&quot;iso&quot;:&quot;0&quot;,&quot;shutter_speed&quot;:&quot;0&quot;,&quot;title&quot;:&quot;&quot;,&quot;orientation&quot;:&quot;0&quot;}\" data-image-title=\"49479219-69D3-44B7-B163-279A46FD5E3E\" data-image-description=\"\" data-image-caption=\"\" data-medium-file=\"https:\/\/i0.wp.com\/blogdalucianaoliveira.com.br\/blog\/wp-content\/uploads\/2017\/11\/49479219-69D3-44B7-B163-279A46FD5E3E.jpeg?fit=300%2C200\" data-large-file=\"https:\/\/i0.wp.com\/blogdalucianaoliveira.com.br\/blog\/wp-content\/uploads\/2017\/11\/49479219-69D3-44B7-B163-279A46FD5E3E.jpeg?fit=550%2C366\" src=\"https:\/\/i0.wp.com\/blogdalucianaoliveira.com.br\/blog\/wp-content\/uploads\/2017\/11\/49479219-69D3-44B7-B163-279A46FD5E3E.jpeg?resize=550%2C366\" alt=\"49479219-69D3-44B7-B163-279A46FD5E3E\" width=\"550\" height=\"366\" class=\"alignnone size-full wp-image-15245\" srcset=\"https:\/\/i0.wp.com\/blogdalucianaoliveira.com.br\/blog\/wp-content\/uploads\/2017\/11\/49479219-69D3-44B7-B163-279A46FD5E3E.jpeg?w=550 550w, https:\/\/i0.wp.com\/blogdalucianaoliveira.com.br\/blog\/wp-content\/uploads\/2017\/11\/49479219-69D3-44B7-B163-279A46FD5E3E.jpeg?resize=300%2C200 300w, https:\/\/i0.wp.com\/blogdalucianaoliveira.com.br\/blog\/wp-content\/uploads\/2017\/11\/49479219-69D3-44B7-B163-279A46FD5E3E.jpeg?resize=451%2C300 451w\" sizes=\"auto, (max-width: 550px) 100vw, 550px\" \/><\/p>\n<p>RICARDO GALHARDO &#8211; O ESTADO DE S.PAULO &#8211;<br \/>\nDefesor da libera\u00e7\u00e3o do porte de arma para toda a popula\u00e7\u00e3o, o deputado Jair Bolsonaro (PSC-RJ) afirmou que &#8220;policial que n\u00e3o mata n\u00e3o \u00e9 policial&#8221; ao ser questionado sobre a quest\u00e3o da seguran\u00e7a p\u00fablica no Rio de Janeiro, durante evento realizado pela Revista Veja, em S\u00e3o Paulo. Para ele, policiais envolvidos em autos de resist\u00eancia nem sequer deveriam ser investigados.<!--more--><\/p>\n<p>&#8216;Policial que n\u00e3o mata n\u00e3o \u00e9 policial&#8217;, diz Bolsonaro<br \/>\nO deputado Jair Bolsonaro (PSC-RJ) durante evento realizado pela Revista Veja, em S\u00e3o Paulo Foto: H\u00e9lvio Romero\/Estad\u00e3o<\/p>\n<p>O deputado tamb\u00e9m voltou a defender a ditadura militar (1964-1985), considerou o general Em\u00edlio Garrastazu M\u00e9dici o melhor presidente do per\u00edodo e afirmou que n\u00e3o \u00e9 poss\u00edvel \u201cfalar em golpe, n\u00e3o\u201d j\u00e1 que o presidente Jo\u00e3o Goulart (1961-1964) teria sido cassado pelo Congresso.<\/p>\n<p>ECONOMIA<\/p>\n<p>O deputado disse que, se eleito, convidar\u00e1 o economista Paulo Guedes, s\u00f3cio da BR Investimentos e fundador do Banco Pactual, para comandar a economia. \u201cEu fui atr\u00e1s dele. Fizemos um levantamento de com quem a gente poderia conversar e aceitasse conversar comigo porque tem gente que n\u00e3o aceita. Pedi para ele um milagre, estamos namorando. Estamos apenas m\u00e3o na m\u00e3o\u201d, afirmou.<\/p>\n<p>O deputado disse ter encomendado um \u201cmilagre\u201d ao economista que consiste em manter o trip\u00e9 econ\u00f4mico, aumentar a arrecada\u00e7\u00e3o sem subir impostos, implementar uma reforma da Previd\u00eancia que n\u00e3o penalize os militares e desburocratizar a economia.<\/p>\n<p>\u201cEle disse que \u00e9 poss\u00edvel\u201d, afirmou Bolsonaro. \u201cEu comprei os ingredientes e quem vai fazer o bolo seria Paulo Guedes\u201d, completou. O presidenci\u00e1vel recentemente foi alvo de controv\u00e9rsia ao admitir em uma entrevista que n\u00e3o entende de economia.<\/p>\n<p>Segundo Bolsonaro, foram feitas duas reuni\u00f5es que somam oito horas com o economista. A pr\u00f3xima deve ser na pr\u00f3xima segunda-feira.<\/p>\n<p>O pr\u00f3prio Bolsonaro tamb\u00e9m citou o senador Magno Malta (PR-ES) como alvo de especula\u00e7\u00f5es para ser seu candidato a vice, mas afirmou que por enquanto s\u00e3o apenas boatos.<\/p>\n<p>Bolsonaro tentou arrefecer o discurso agressivo e falou v\u00e1rias vezes em \u201ccaneladas\u201d que teria dado no passado e que hoje daria respostas diferentes para temas do passado. Durante entrevista ao jornalista Augusto Nunes, o deputado chegou a dizer que n\u00e3o \u00e9 \u201ccontra o casamento gay, mas contra o material escolar (anti-homofobia feito no governo Luiz In\u00e1cio Lula da Silva)\u201d.<\/p>\n<p>APLAUSOS<\/p>\n<p>O parlamentar foi aplaudido v\u00e1rias vezes pela plateia do encontro. Uma delas quando disse que \u201cningu\u00e9m aqui vai chorar\u201d se uma bomba ca\u00edsse no Congresso Nacional.<\/p>\n<p>Um dos que aplaudiram Bolsonaro foi o empres\u00e1rio Oscar Maroni Filho, dono da boate Bahamas. \u201cQuem mais me chamou aten\u00e7\u00e3o foi o Bolsonaro. Ou melhor, o segundo foi o Bolsonaro e o primeiro foi o S\u00e9rgio Moro (juiz respons\u00e1vel pelos processos da Opera\u00e7\u00e3o Lava Jato na primeira inst\u00e2ncia)\u201d, disse Maroni, que pagou R$ 1 mil pelo ingresso. <\/p>\n","protected":false},"excerpt":{"rendered":"<p>RICARDO GALHARDO &#8211; O ESTADO DE S.PAULO &#8211; Defesor da libera\u00e7\u00e3o do porte de arma para toda a popula\u00e7\u00e3o, o deputado Jair Bolsonaro (PSC-RJ) afirmou que &#8220;policial que n\u00e3o mata n\u00e3o \u00e9 policial&#8221; ao ser questionado sobre a quest\u00e3o da seguran\u00e7a p\u00fablica no Rio de Janeiro, durante evento realizado pela Revista Veja, em S\u00e3o Paulo&#8230;.<a class=\"more-link\" href=\"http:\/\/blogdalucianaoliveira.com.br\/blog\/2017\/11\/28\/policial-que-nao-mata-nao-e-policial-diz-bolsonaro\/\">Continue a leitura <span class=\"meta-nav\">&raquo;<\/span><\/a><\/p>\n","protected":false},"author":1,"featured_media":0,"comment_status":"closed","ping_status":"open","sticky":false,"template":"","format":"standard","meta":{"_exactmetrics_skip_tracking":false,"_exactmetrics_sitenote_active":false,"_exactmetrics_sitenote_note":"","_exactmetrics_sitenote_category":0,"jetpack_post_was_ever_published":false,"_jetpack_newsletter_access":"","_jetpack_dont_email_post_to_subs":false,"_jetpack_newsletter_tier_id":0,"_jetpack_memberships_contains_paywalled_content":false,"_jetpack_memberships_contains_paid_content":false,"footnotes":"","jetpack_publicize_message":"","jetpack_publicize_feature_enabled":true,"jetpack_social_post_already_shared":true,"jetpack_social_options":{"image_generator_settings":{"template":"highway","enabled":false},"version":2}},"categories":[1],"tags":[],"class_list":["post-15244","post","type-post","status-publish","format-standard","hentry","category-notas"],"jetpack_publicize_connections":[],"jetpack_sharing_enabled":true,"jetpack_featured_media_url":"","jetpack_shortlink":"https:\/\/wp.me\/p7wKYW-3XS","jetpack-related-posts":[],"_links":{"self":[{"href":"http:\/\/blogdalucianaoliveira.com.br\/blog\/wp-json\/wp\/v2\/posts\/15244","targetHints":{"allow":["GET"]}}],"collection":[{"href":"http:\/\/blogdalucianaoliveira.com.br\/blog\/wp-json\/wp\/v2\/posts"}],"about":[{"href":"http:\/\/blogdalucianaoliveira.com.br\/blog\/wp-json\/wp\/v2\/types\/post"}],"author":[{"embeddable":true,"href":"http:\/\/blogdalucianaoliveira.com.br\/blog\/wp-json\/wp\/v2\/users\/1"}],"replies":[{"embeddable":true,"href":"http:\/\/blogdalucianaoliveira.com.br\/blog\/wp-json\/wp\/v2\/comments?post=15244"}],"version-history":[{"count":1,"href":"http:\/\/blogdalucianaoliveira.com.br\/blog\/wp-json\/wp\/v2\/posts\/15244\/revisions"}],"predecessor-version":[{"id":15246,"href":"http:\/\/blogdalucianaoliveira.com.br\/blog\/wp-json\/wp\/v2\/posts\/15244\/revisions\/15246"}],"wp:attachment":[{"href":"http:\/\/blogdalucianaoliveira.com.br\/blog\/wp-json\/wp\/v2\/media?parent=15244"}],"wp:term":[{"taxonomy":"category","embeddable":true,"href":"http:\/\/blogdalucianaoliveira.com.br\/blog\/wp-json\/wp\/v2\/categories?post=15244"},{"taxonomy":"post_tag","embeddable":true,"href":"http:\/\/blogdalucianaoliveira.com.br\/blog\/wp-json\/wp\/v2\/tags?post=15244"}],"curies":[{"name":"wp","href":"https:\/\/api.w.org\/{rel}","templated":true}]}}