{"id":15255,"date":"2017-11-28T13:38:13","date_gmt":"2017-11-28T17:38:13","guid":{"rendered":"http:\/\/blogdalucianaoliveira.com.br\/blog\/?p=15255"},"modified":"2017-11-28T13:38:13","modified_gmt":"2017-11-28T17:38:13","slug":"247-socialite-que-fez-ataques-racistas-foi-presa-nos-eua-por-ligacao-com-prostituicao","status":"publish","type":"post","link":"http:\/\/blogdalucianaoliveira.com.br\/blog\/2017\/11\/28\/247-socialite-que-fez-ataques-racistas-foi-presa-nos-eua-por-ligacao-com-prostituicao\/","title":{"rendered":"247: &#8216;SOCIALITE&#8217; QUE FEZ ATAQUES RACISTAS FOI PRESA NOS EUA POR LIGA\u00c7\u00c3O COM PROSTITUI\u00c7\u00c3O"},"content":{"rendered":"<p><img data-recalc-dims=\"1\" loading=\"lazy\" decoding=\"async\" data-attachment-id=\"15256\" data-permalink=\"http:\/\/blogdalucianaoliveira.com.br\/blog\/2017\/11\/28\/247-socialite-que-fez-ataques-racistas-foi-presa-nos-eua-por-ligacao-com-prostituicao\/puta-6\/\" data-orig-file=\"https:\/\/i0.wp.com\/blogdalucianaoliveira.com.br\/blog\/wp-content\/uploads\/2017\/11\/puta.jpg?fit=1002%2C357\" data-orig-size=\"1002,357\" data-comments-opened=\"0\" data-image-meta=\"{&quot;aperture&quot;:&quot;0&quot;,&quot;credit&quot;:&quot;&quot;,&quot;camera&quot;:&quot;&quot;,&quot;caption&quot;:&quot;&quot;,&quot;created_timestamp&quot;:&quot;0&quot;,&quot;copyright&quot;:&quot;&quot;,&quot;focal_length&quot;:&quot;0&quot;,&quot;iso&quot;:&quot;0&quot;,&quot;shutter_speed&quot;:&quot;0&quot;,&quot;title&quot;:&quot;&quot;,&quot;orientation&quot;:&quot;0&quot;}\" data-image-title=\"puta\" data-image-description=\"\" data-image-caption=\"\" data-medium-file=\"https:\/\/i0.wp.com\/blogdalucianaoliveira.com.br\/blog\/wp-content\/uploads\/2017\/11\/puta.jpg?fit=300%2C107\" data-large-file=\"https:\/\/i0.wp.com\/blogdalucianaoliveira.com.br\/blog\/wp-content\/uploads\/2017\/11\/puta.jpg?fit=600%2C214\" src=\"https:\/\/i0.wp.com\/blogdalucianaoliveira.com.br\/blog\/wp-content\/uploads\/2017\/11\/puta.jpg?resize=600%2C214\" alt=\"puta\" width=\"600\" height=\"214\" class=\"alignnone size-full wp-image-15256\" srcset=\"https:\/\/i0.wp.com\/blogdalucianaoliveira.com.br\/blog\/wp-content\/uploads\/2017\/11\/puta.jpg?w=1002 1002w, https:\/\/i0.wp.com\/blogdalucianaoliveira.com.br\/blog\/wp-content\/uploads\/2017\/11\/puta.jpg?resize=300%2C107 300w, https:\/\/i0.wp.com\/blogdalucianaoliveira.com.br\/blog\/wp-content\/uploads\/2017\/11\/puta.jpg?resize=768%2C274 768w, https:\/\/i0.wp.com\/blogdalucianaoliveira.com.br\/blog\/wp-content\/uploads\/2017\/11\/puta.jpg?resize=800%2C285 800w\" sizes=\"auto, (max-width: 600px) 100vw, 600px\" \/><\/p>\n<p>Di\u00e1rio do Centro do Mundo &#8211; Dayane Alc\u00e2ntara Couto de Andrade, a &#8220;Day McCarthy&#8221;, que xingou de &#8220;macaca&#8221; a filha de 4 anos dos atores Bruno Gagliasso e Giovanna Ewbank, se apresenta nas redes como &#8220;socialite e escritora de sucesso&#8221;.<!--more--><\/p>\n<p>\u00c9 uma fraude entre tantas.<\/p>\n<p>Dayane foi em cana nos EUA. Segundo o jornal Regional Inquirer de setembro de 2015, ela morava nos arredores do condado de Henrico, na Virg\u00ednia.<\/p>\n<p>Foi detida depois de ter sido denunciada por v\u00e1rios crimes. Em sua ficha policial, aparece como &#8220;mantenedora ou frequentadora de prost\u00edbulo&#8221; \u2014 &#8220;Bawdy Place&#8221;, em ingl\u00eas.<\/p>\n<p>&#8220;Bawdy Place&#8221; \u00e9 qualquer lugar dentro ou fora de um edif\u00edcio que \u00e9 usado para a prostitui\u00e7\u00e3o.<\/p>\n<p>Na Virg\u00ednia, a pol\u00edcia tem voz de pris\u00e3o para pessoas que se prostituem em esquinas, mot\u00e9is ou mesmo em suas casas ou apartamentos.<\/p>\n","protected":false},"excerpt":{"rendered":"<p>Di\u00e1rio do Centro do Mundo &#8211; Dayane Alc\u00e2ntara Couto de Andrade, a &#8220;Day McCarthy&#8221;, que xingou de &#8220;macaca&#8221; a filha de 4 anos dos atores Bruno Gagliasso e Giovanna Ewbank, se apresenta nas redes como &#8220;socialite e escritora de sucesso&#8221;.<\/p>\n","protected":false},"author":1,"featured_media":0,"comment_status":"closed","ping_status":"open","sticky":false,"template":"","format":"standard","meta":{"_exactmetrics_skip_tracking":false,"_exactmetrics_sitenote_active":false,"_exactmetrics_sitenote_note":"","_exactmetrics_sitenote_category":0,"jetpack_post_was_ever_published":false,"_jetpack_newsletter_access":"","_jetpack_dont_email_post_to_subs":false,"_jetpack_newsletter_tier_id":0,"_jetpack_memberships_contains_paywalled_content":false,"_jetpack_memberships_contains_paid_content":false,"footnotes":"","jetpack_publicize_message":"","jetpack_publicize_feature_enabled":true,"jetpack_social_post_already_shared":true,"jetpack_social_options":{"image_generator_settings":{"template":"highway","enabled":false},"version":2}},"categories":[1],"tags":[],"class_list":["post-15255","post","type-post","status-publish","format-standard","hentry","category-notas"],"jetpack_publicize_connections":[],"jetpack_sharing_enabled":true,"jetpack_featured_media_url":"","jetpack_shortlink":"https:\/\/wp.me\/p7wKYW-3Y3","jetpack-related-posts":[],"_links":{"self":[{"href":"http:\/\/blogdalucianaoliveira.com.br\/blog\/wp-json\/wp\/v2\/posts\/15255","targetHints":{"allow":["GET"]}}],"collection":[{"href":"http:\/\/blogdalucianaoliveira.com.br\/blog\/wp-json\/wp\/v2\/posts"}],"about":[{"href":"http:\/\/blogdalucianaoliveira.com.br\/blog\/wp-json\/wp\/v2\/types\/post"}],"author":[{"embeddable":true,"href":"http:\/\/blogdalucianaoliveira.com.br\/blog\/wp-json\/wp\/v2\/users\/1"}],"replies":[{"embeddable":true,"href":"http:\/\/blogdalucianaoliveira.com.br\/blog\/wp-json\/wp\/v2\/comments?post=15255"}],"version-history":[{"count":1,"href":"http:\/\/blogdalucianaoliveira.com.br\/blog\/wp-json\/wp\/v2\/posts\/15255\/revisions"}],"predecessor-version":[{"id":15257,"href":"http:\/\/blogdalucianaoliveira.com.br\/blog\/wp-json\/wp\/v2\/posts\/15255\/revisions\/15257"}],"wp:attachment":[{"href":"http:\/\/blogdalucianaoliveira.com.br\/blog\/wp-json\/wp\/v2\/media?parent=15255"}],"wp:term":[{"taxonomy":"category","embeddable":true,"href":"http:\/\/blogdalucianaoliveira.com.br\/blog\/wp-json\/wp\/v2\/categories?post=15255"},{"taxonomy":"post_tag","embeddable":true,"href":"http:\/\/blogdalucianaoliveira.com.br\/blog\/wp-json\/wp\/v2\/tags?post=15255"}],"curies":[{"name":"wp","href":"https:\/\/api.w.org\/{rel}","templated":true}]}}