{"id":15262,"date":"2017-11-29T14:45:32","date_gmt":"2017-11-29T18:45:32","guid":{"rendered":"http:\/\/blogdalucianaoliveira.com.br\/blog\/?p=15262"},"modified":"2017-11-29T14:45:32","modified_gmt":"2017-11-29T18:45:32","slug":"mais-um-inverno-amazonico","status":"publish","type":"post","link":"http:\/\/blogdalucianaoliveira.com.br\/blog\/2017\/11\/29\/mais-um-inverno-amazonico\/","title":{"rendered":"Mais um inverno amaz\u00f4nico"},"content":{"rendered":"<p><img data-recalc-dims=\"1\" loading=\"lazy\" decoding=\"async\" data-attachment-id=\"15263\" data-permalink=\"http:\/\/blogdalucianaoliveira.com.br\/blog\/2017\/11\/29\/mais-um-inverno-amazonico\/4bd4f4ab-9048-43ba-a92b-99d396469f0b\/\" data-orig-file=\"https:\/\/i0.wp.com\/blogdalucianaoliveira.com.br\/blog\/wp-content\/uploads\/2017\/11\/4BD4F4AB-9048-43BA-A92B-99D396469F0B.jpeg?fit=960%2C776\" data-orig-size=\"960,776\" data-comments-opened=\"0\" data-image-meta=\"{&quot;aperture&quot;:&quot;0&quot;,&quot;credit&quot;:&quot;&quot;,&quot;camera&quot;:&quot;&quot;,&quot;caption&quot;:&quot;&quot;,&quot;created_timestamp&quot;:&quot;0&quot;,&quot;copyright&quot;:&quot;&quot;,&quot;focal_length&quot;:&quot;0&quot;,&quot;iso&quot;:&quot;0&quot;,&quot;shutter_speed&quot;:&quot;0&quot;,&quot;title&quot;:&quot;&quot;,&quot;orientation&quot;:&quot;1&quot;}\" data-image-title=\"4BD4F4AB-9048-43BA-A92B-99D396469F0B\" data-image-description=\"\" data-image-caption=\"\" data-medium-file=\"https:\/\/i0.wp.com\/blogdalucianaoliveira.com.br\/blog\/wp-content\/uploads\/2017\/11\/4BD4F4AB-9048-43BA-A92B-99D396469F0B.jpeg?fit=300%2C243\" data-large-file=\"https:\/\/i0.wp.com\/blogdalucianaoliveira.com.br\/blog\/wp-content\/uploads\/2017\/11\/4BD4F4AB-9048-43BA-A92B-99D396469F0B.jpeg?fit=600%2C485\" src=\"https:\/\/i0.wp.com\/blogdalucianaoliveira.com.br\/blog\/wp-content\/uploads\/2017\/11\/4BD4F4AB-9048-43BA-A92B-99D396469F0B.jpeg?resize=600%2C485\" alt=\"4BD4F4AB-9048-43BA-A92B-99D396469F0B\" width=\"600\" height=\"485\" class=\"alignnone size-full wp-image-15263\" srcset=\"https:\/\/i0.wp.com\/blogdalucianaoliveira.com.br\/blog\/wp-content\/uploads\/2017\/11\/4BD4F4AB-9048-43BA-A92B-99D396469F0B.jpeg?w=960 960w, https:\/\/i0.wp.com\/blogdalucianaoliveira.com.br\/blog\/wp-content\/uploads\/2017\/11\/4BD4F4AB-9048-43BA-A92B-99D396469F0B.jpeg?resize=300%2C243 300w, https:\/\/i0.wp.com\/blogdalucianaoliveira.com.br\/blog\/wp-content\/uploads\/2017\/11\/4BD4F4AB-9048-43BA-A92B-99D396469F0B.jpeg?resize=768%2C621 768w, https:\/\/i0.wp.com\/blogdalucianaoliveira.com.br\/blog\/wp-content\/uploads\/2017\/11\/4BD4F4AB-9048-43BA-A92B-99D396469F0B.jpeg?resize=371%2C300 371w\" sizes=\"auto, (max-width: 600px) 100vw, 600px\" \/><\/p>\n<p>\u00c9 lindo o dia do meu anivers\u00e1rio pela energia revigorante que recebo das pessoas boas que cruzaram meus caminhos.<!--more--><\/p>\n<p>N\u00e3o tracei mapas, n\u00e3o escolhi a quem dar um aperto de m\u00e3o ou um abra\u00e7o, me deixei levar por sinais de alegria,  generosidade, f\u00e9, coragem e for\u00e7a. <\/p>\n<p>Sou o que acumulei de energia com pessoas e lugares atravessando invernos amaz\u00f4nicos. <\/p>\n<p>A sensa\u00e7\u00e3o \u00e9 de paz com minha mem\u00f3ria. <\/p>\n<p>E por doces lembran\u00e7as, me sinto hoje iluminada, sem sombra, como a roupa branca dos versos de Virg\u00ednia Woolf, sacolejando ao vento. <\/p>\n<p>\u201cA mem\u00f3ria \u00e9 a costureira, e costureira caprichosa. A mem\u00f3ria faz a sua agulha correr para dentro e para fora, para cima e para baixo, para c\u00e1 e para l\u00e1. N\u00e3o sabemos o que vem em seguida, o que vir\u00e1 depois. Assim, o ato mais vulgar do mundo, como o de sentar-se a uma mesa e aproximar o tinteiro, pode agitar mil fragmentos d\u00edspares, ora iluminados, ora em sombra, pendentes, oscilantes, e revirando-se como a roupa branca de uma fam\u00edlia de catorze pessoas, numa corda ao vento.\u201d<\/p>\n<p>Agrade\u00e7o a energia de pessoas iluminadas. \u00c9 ela que abre meus caminhos. <\/p>\n<p>\u201cN\u00e3o seria exagero dizer que sa\u00eda do almo\u00e7o com trinta anos, e voltava para o jantar com cinquenta e cinco, pelo menos. Algumas semanas acrescentaram um s\u00e9culo \u00e0 minha idade; outras, n\u00e3o mais de tr\u00eas segundos, o m\u00e1ximo.\u201d<\/p>\n<p>Que eu honre a intensidade da energia que recebo. Que eu possa ser \u00fatil ao inv\u00e9s de aproveitar os fachos de luz apenas em torno do meu umbigo. <\/p>\n<p>Porque nunca imaginei que o que \u201cchamamos \u201cvida\u201d e \u201crealidade\u201d estivesse relacionado com ignor\u00e2ncia e brutalidade.\u201d<\/p>\n<p>Que eu n\u00e3o me perca dos desvios que abri com amor e coragem.<\/p>\n","protected":false},"excerpt":{"rendered":"<p>\u00c9 lindo o dia do meu anivers\u00e1rio pela energia revigorante que recebo das pessoas boas que cruzaram meus caminhos.<\/p>\n","protected":false},"author":1,"featured_media":0,"comment_status":"closed","ping_status":"open","sticky":false,"template":"","format":"standard","meta":{"_exactmetrics_skip_tracking":false,"_exactmetrics_sitenote_active":false,"_exactmetrics_sitenote_note":"","_exactmetrics_sitenote_category":0,"jetpack_post_was_ever_published":false,"_jetpack_newsletter_access":"","_jetpack_dont_email_post_to_subs":false,"_jetpack_newsletter_tier_id":0,"_jetpack_memberships_contains_paywalled_content":false,"_jetpack_memberships_contains_paid_content":false,"footnotes":"","jetpack_publicize_message":"","jetpack_publicize_feature_enabled":true,"jetpack_social_post_already_shared":true,"jetpack_social_options":{"image_generator_settings":{"template":"highway","enabled":false},"version":2}},"categories":[1],"tags":[],"class_list":["post-15262","post","type-post","status-publish","format-standard","hentry","category-notas"],"jetpack_publicize_connections":[],"jetpack_sharing_enabled":true,"jetpack_featured_media_url":"","jetpack_shortlink":"https:\/\/wp.me\/p7wKYW-3Ya","jetpack-related-posts":[],"_links":{"self":[{"href":"http:\/\/blogdalucianaoliveira.com.br\/blog\/wp-json\/wp\/v2\/posts\/15262","targetHints":{"allow":["GET"]}}],"collection":[{"href":"http:\/\/blogdalucianaoliveira.com.br\/blog\/wp-json\/wp\/v2\/posts"}],"about":[{"href":"http:\/\/blogdalucianaoliveira.com.br\/blog\/wp-json\/wp\/v2\/types\/post"}],"author":[{"embeddable":true,"href":"http:\/\/blogdalucianaoliveira.com.br\/blog\/wp-json\/wp\/v2\/users\/1"}],"replies":[{"embeddable":true,"href":"http:\/\/blogdalucianaoliveira.com.br\/blog\/wp-json\/wp\/v2\/comments?post=15262"}],"version-history":[{"count":1,"href":"http:\/\/blogdalucianaoliveira.com.br\/blog\/wp-json\/wp\/v2\/posts\/15262\/revisions"}],"predecessor-version":[{"id":15264,"href":"http:\/\/blogdalucianaoliveira.com.br\/blog\/wp-json\/wp\/v2\/posts\/15262\/revisions\/15264"}],"wp:attachment":[{"href":"http:\/\/blogdalucianaoliveira.com.br\/blog\/wp-json\/wp\/v2\/media?parent=15262"}],"wp:term":[{"taxonomy":"category","embeddable":true,"href":"http:\/\/blogdalucianaoliveira.com.br\/blog\/wp-json\/wp\/v2\/categories?post=15262"},{"taxonomy":"post_tag","embeddable":true,"href":"http:\/\/blogdalucianaoliveira.com.br\/blog\/wp-json\/wp\/v2\/tags?post=15262"}],"curies":[{"name":"wp","href":"https:\/\/api.w.org\/{rel}","templated":true}]}}