{"id":15265,"date":"2017-11-29T16:03:04","date_gmt":"2017-11-29T20:03:04","guid":{"rendered":"http:\/\/blogdalucianaoliveira.com.br\/blog\/?p=15265"},"modified":"2017-11-29T16:03:04","modified_gmt":"2017-11-29T20:03:04","slug":"pt-faz-lancamento-da-plataforma-digital-brasil-que-o-povo-quer-dia-29-de-novembro-em-porto-velho","status":"publish","type":"post","link":"http:\/\/blogdalucianaoliveira.com.br\/blog\/2017\/11\/29\/pt-faz-lancamento-da-plataforma-digital-brasil-que-o-povo-quer-dia-29-de-novembro-em-porto-velho\/","title":{"rendered":"PT FAZ LAN\u00c7AMENTO DA PLATAFORMA DIGITAL, BRASIL QUE O POVO QUER, DIA 29 DE NOVEMBRO EM PORTO VELHO"},"content":{"rendered":"<p><img data-recalc-dims=\"1\" loading=\"lazy\" decoding=\"async\" data-attachment-id=\"15266\" data-permalink=\"http:\/\/blogdalucianaoliveira.com.br\/blog\/2017\/11\/29\/pt-faz-lancamento-da-plataforma-digital-brasil-que-o-povo-quer-dia-29-de-novembro-em-porto-velho\/04b2fdc7-6d1b-4ef2-bc0f-5ce739be38b8\/\" data-orig-file=\"https:\/\/i0.wp.com\/blogdalucianaoliveira.com.br\/blog\/wp-content\/uploads\/2017\/11\/04B2FDC7-6D1B-4EF2-BC0F-5CE739BE38B8.jpeg?fit=1280%2C640\" data-orig-size=\"1280,640\" data-comments-opened=\"0\" data-image-meta=\"{&quot;aperture&quot;:&quot;0&quot;,&quot;credit&quot;:&quot;&quot;,&quot;camera&quot;:&quot;&quot;,&quot;caption&quot;:&quot;&quot;,&quot;created_timestamp&quot;:&quot;0&quot;,&quot;copyright&quot;:&quot;&quot;,&quot;focal_length&quot;:&quot;0&quot;,&quot;iso&quot;:&quot;0&quot;,&quot;shutter_speed&quot;:&quot;0&quot;,&quot;title&quot;:&quot;&quot;,&quot;orientation&quot;:&quot;1&quot;}\" data-image-title=\"04B2FDC7-6D1B-4EF2-BC0F-5CE739BE38B8\" data-image-description=\"\" data-image-caption=\"\" data-medium-file=\"https:\/\/i0.wp.com\/blogdalucianaoliveira.com.br\/blog\/wp-content\/uploads\/2017\/11\/04B2FDC7-6D1B-4EF2-BC0F-5CE739BE38B8.jpeg?fit=300%2C150\" data-large-file=\"https:\/\/i0.wp.com\/blogdalucianaoliveira.com.br\/blog\/wp-content\/uploads\/2017\/11\/04B2FDC7-6D1B-4EF2-BC0F-5CE739BE38B8.jpeg?fit=600%2C300\" src=\"https:\/\/i0.wp.com\/blogdalucianaoliveira.com.br\/blog\/wp-content\/uploads\/2017\/11\/04B2FDC7-6D1B-4EF2-BC0F-5CE739BE38B8.jpeg?resize=600%2C300\" alt=\"04B2FDC7-6D1B-4EF2-BC0F-5CE739BE38B8\" width=\"600\" height=\"300\" class=\"alignnone size-full wp-image-15266\" srcset=\"https:\/\/i0.wp.com\/blogdalucianaoliveira.com.br\/blog\/wp-content\/uploads\/2017\/11\/04B2FDC7-6D1B-4EF2-BC0F-5CE739BE38B8.jpeg?w=1280 1280w, https:\/\/i0.wp.com\/blogdalucianaoliveira.com.br\/blog\/wp-content\/uploads\/2017\/11\/04B2FDC7-6D1B-4EF2-BC0F-5CE739BE38B8.jpeg?resize=300%2C150 300w, https:\/\/i0.wp.com\/blogdalucianaoliveira.com.br\/blog\/wp-content\/uploads\/2017\/11\/04B2FDC7-6D1B-4EF2-BC0F-5CE739BE38B8.jpeg?resize=768%2C384 768w, https:\/\/i0.wp.com\/blogdalucianaoliveira.com.br\/blog\/wp-content\/uploads\/2017\/11\/04B2FDC7-6D1B-4EF2-BC0F-5CE739BE38B8.jpeg?resize=1024%2C512 1024w, https:\/\/i0.wp.com\/blogdalucianaoliveira.com.br\/blog\/wp-content\/uploads\/2017\/11\/04B2FDC7-6D1B-4EF2-BC0F-5CE739BE38B8.jpeg?resize=600%2C300 600w, https:\/\/i0.wp.com\/blogdalucianaoliveira.com.br\/blog\/wp-content\/uploads\/2017\/11\/04B2FDC7-6D1B-4EF2-BC0F-5CE739BE38B8.jpeg?w=1200 1200w\" sizes=\"auto, (max-width: 600px) 100vw, 600px\" \/><\/p>\n<p>\u00c9 todo o Partido dos Trabalhadores mobilizado para realizar debates e encontros presenciais e\/ou virtuais a fim de escutar o povo brasileiro. <!--more--><\/p>\n<p>A atividade de lan\u00e7amento ser\u00e1 dia 29 de novembro de 2017 \u00e0s 19:00 no Museu da Mem\u00f3ria Rondoniense, Rua Dom Pedro II, antigo pal\u00e1cio do governo, em frente ao Mercado Cultural*.<\/p>\n<p>Todos os movimentos sociais, igrejas, partidos pol\u00edticos, sindicatos, enfim, todas as organiza\u00e7\u00f5es identificadas com as lutas sociais est\u00e3o convocadas para se fazerem presentes.<\/p>\n<p>*Estar\u00e1 presente o ex-Presidente da CUT Nacional Artur Henrique, hoje Diretor da Funda\u00e7\u00e3o Perseu Abramo e Jonas Paulo da Dire\u00e7\u00e3o Nacional do PT*.<\/p>\n<p>*ROND\u00d4NIA E O BRASIL QUE POVO QUER*<\/p>\n","protected":false},"excerpt":{"rendered":"<p>\u00c9 todo o Partido dos Trabalhadores mobilizado para realizar debates e encontros presenciais e\/ou virtuais a fim de escutar o povo brasileiro.<\/p>\n","protected":false},"author":1,"featured_media":0,"comment_status":"closed","ping_status":"open","sticky":false,"template":"","format":"standard","meta":{"_exactmetrics_skip_tracking":false,"_exactmetrics_sitenote_active":false,"_exactmetrics_sitenote_note":"","_exactmetrics_sitenote_category":0,"jetpack_post_was_ever_published":false,"_jetpack_newsletter_access":"","_jetpack_dont_email_post_to_subs":false,"_jetpack_newsletter_tier_id":0,"_jetpack_memberships_contains_paywalled_content":false,"_jetpack_memberships_contains_paid_content":false,"footnotes":"","jetpack_publicize_message":"","jetpack_publicize_feature_enabled":true,"jetpack_social_post_already_shared":true,"jetpack_social_options":{"image_generator_settings":{"template":"highway","enabled":false},"version":2}},"categories":[1],"tags":[],"class_list":["post-15265","post","type-post","status-publish","format-standard","hentry","category-notas"],"jetpack_publicize_connections":[],"jetpack_sharing_enabled":true,"jetpack_featured_media_url":"","jetpack_shortlink":"https:\/\/wp.me\/p7wKYW-3Yd","jetpack-related-posts":[],"_links":{"self":[{"href":"http:\/\/blogdalucianaoliveira.com.br\/blog\/wp-json\/wp\/v2\/posts\/15265","targetHints":{"allow":["GET"]}}],"collection":[{"href":"http:\/\/blogdalucianaoliveira.com.br\/blog\/wp-json\/wp\/v2\/posts"}],"about":[{"href":"http:\/\/blogdalucianaoliveira.com.br\/blog\/wp-json\/wp\/v2\/types\/post"}],"author":[{"embeddable":true,"href":"http:\/\/blogdalucianaoliveira.com.br\/blog\/wp-json\/wp\/v2\/users\/1"}],"replies":[{"embeddable":true,"href":"http:\/\/blogdalucianaoliveira.com.br\/blog\/wp-json\/wp\/v2\/comments?post=15265"}],"version-history":[{"count":1,"href":"http:\/\/blogdalucianaoliveira.com.br\/blog\/wp-json\/wp\/v2\/posts\/15265\/revisions"}],"predecessor-version":[{"id":15267,"href":"http:\/\/blogdalucianaoliveira.com.br\/blog\/wp-json\/wp\/v2\/posts\/15265\/revisions\/15267"}],"wp:attachment":[{"href":"http:\/\/blogdalucianaoliveira.com.br\/blog\/wp-json\/wp\/v2\/media?parent=15265"}],"wp:term":[{"taxonomy":"category","embeddable":true,"href":"http:\/\/blogdalucianaoliveira.com.br\/blog\/wp-json\/wp\/v2\/categories?post=15265"},{"taxonomy":"post_tag","embeddable":true,"href":"http:\/\/blogdalucianaoliveira.com.br\/blog\/wp-json\/wp\/v2\/tags?post=15265"}],"curies":[{"name":"wp","href":"https:\/\/api.w.org\/{rel}","templated":true}]}}