{"id":15271,"date":"2017-11-30T09:28:10","date_gmt":"2017-11-30T13:28:10","guid":{"rendered":"http:\/\/blogdalucianaoliveira.com.br\/blog\/?p=15271"},"modified":"2017-11-30T09:28:10","modified_gmt":"2017-11-30T13:28:10","slug":"com-mediacao-do-trt-e-o-apoio-da-assembleia-legislativa-apos-23-dias-de-greve-da-caerd-categoria-aceita-proposta-e-retorna-as-atividades","status":"publish","type":"post","link":"http:\/\/blogdalucianaoliveira.com.br\/blog\/2017\/11\/30\/com-mediacao-do-trt-e-o-apoio-da-assembleia-legislativa-apos-23-dias-de-greve-da-caerd-categoria-aceita-proposta-e-retorna-as-atividades\/","title":{"rendered":"COM MEDIA\u00c7\u00c3O DO TRT E O APOIO DA ASSEMBLEIA LEGISLATIVA, AP\u00d3S 23 DIAS DE GREVE DA CAERD, CATEGORIA ACEITA PROPOSTA E RETORNA AS ATIVIDADES"},"content":{"rendered":"<p><img data-recalc-dims=\"1\" loading=\"lazy\" decoding=\"async\" data-attachment-id=\"15272\" data-permalink=\"http:\/\/blogdalucianaoliveira.com.br\/blog\/2017\/11\/30\/com-mediacao-do-trt-e-o-apoio-da-assembleia-legislativa-apos-23-dias-de-greve-da-caerd-categoria-aceita-proposta-e-retorna-as-atividades\/89428db8-ccba-4ccd-8f7a-7708e181c4b6\/\" data-orig-file=\"https:\/\/i0.wp.com\/blogdalucianaoliveira.com.br\/blog\/wp-content\/uploads\/2017\/11\/89428DB8-CCBA-4CCD-8F7A-7708E181C4B6.jpeg?fit=1280%2C853\" data-orig-size=\"1280,853\" data-comments-opened=\"0\" data-image-meta=\"{&quot;aperture&quot;:&quot;0&quot;,&quot;credit&quot;:&quot;&quot;,&quot;camera&quot;:&quot;&quot;,&quot;caption&quot;:&quot;&quot;,&quot;created_timestamp&quot;:&quot;0&quot;,&quot;copyright&quot;:&quot;&quot;,&quot;focal_length&quot;:&quot;0&quot;,&quot;iso&quot;:&quot;0&quot;,&quot;shutter_speed&quot;:&quot;0&quot;,&quot;title&quot;:&quot;&quot;,&quot;orientation&quot;:&quot;1&quot;}\" data-image-title=\"89428DB8-CCBA-4CCD-8F7A-7708E181C4B6\" data-image-description=\"\" data-image-caption=\"\" data-medium-file=\"https:\/\/i0.wp.com\/blogdalucianaoliveira.com.br\/blog\/wp-content\/uploads\/2017\/11\/89428DB8-CCBA-4CCD-8F7A-7708E181C4B6.jpeg?fit=300%2C200\" data-large-file=\"https:\/\/i0.wp.com\/blogdalucianaoliveira.com.br\/blog\/wp-content\/uploads\/2017\/11\/89428DB8-CCBA-4CCD-8F7A-7708E181C4B6.jpeg?fit=600%2C400\" src=\"https:\/\/i0.wp.com\/blogdalucianaoliveira.com.br\/blog\/wp-content\/uploads\/2017\/11\/89428DB8-CCBA-4CCD-8F7A-7708E181C4B6.jpeg?resize=600%2C400\" alt=\"89428DB8-CCBA-4CCD-8F7A-7708E181C4B6\" width=\"600\" height=\"400\" class=\"alignnone size-full wp-image-15272\" srcset=\"https:\/\/i0.wp.com\/blogdalucianaoliveira.com.br\/blog\/wp-content\/uploads\/2017\/11\/89428DB8-CCBA-4CCD-8F7A-7708E181C4B6.jpeg?w=1280 1280w, https:\/\/i0.wp.com\/blogdalucianaoliveira.com.br\/blog\/wp-content\/uploads\/2017\/11\/89428DB8-CCBA-4CCD-8F7A-7708E181C4B6.jpeg?resize=300%2C200 300w, https:\/\/i0.wp.com\/blogdalucianaoliveira.com.br\/blog\/wp-content\/uploads\/2017\/11\/89428DB8-CCBA-4CCD-8F7A-7708E181C4B6.jpeg?resize=768%2C512 768w, https:\/\/i0.wp.com\/blogdalucianaoliveira.com.br\/blog\/wp-content\/uploads\/2017\/11\/89428DB8-CCBA-4CCD-8F7A-7708E181C4B6.jpeg?resize=1024%2C682 1024w, https:\/\/i0.wp.com\/blogdalucianaoliveira.com.br\/blog\/wp-content\/uploads\/2017\/11\/89428DB8-CCBA-4CCD-8F7A-7708E181C4B6.jpeg?resize=450%2C300 450w, https:\/\/i0.wp.com\/blogdalucianaoliveira.com.br\/blog\/wp-content\/uploads\/2017\/11\/89428DB8-CCBA-4CCD-8F7A-7708E181C4B6.jpeg?w=1200 1200w\" sizes=\"auto, (max-width: 600px) 100vw, 600px\" \/><\/p>\n<p>A audi\u00eancia de concilia\u00e7\u00e3o deu in\u00edcio no \u00faltimo dia 24, onde as partes n\u00e3o chegaram a um acordo, pois a Diretoria da CAERD, se manteve irredut\u00edvel, n\u00e3o usando de boa vontade para regularizar os sal\u00e1rios atrasados dos trabalhadores. Atendendo ent\u00e3o a uma solicita\u00e7\u00e3o do Sindicato, a Desembargadora Maria Cesarineide, designou a continua\u00e7\u00e3o da audi\u00eancia para o dia 28 de novembro.<\/p>\n<p>Foram 23 dias sob sol e chuva, que centenas de pais e m\u00e3es de fam\u00edlia ficaram em frente ao Centro Pol\u00edtico Administrativo &#8211; CPA, na Porta do Governador, lutando para serem ouvidos e enxergados, pedindo t\u00e3o somente o que lhe \u00e9 de direito, seus sal\u00e1rios pagos em dia, por\u00e9m o Governador Conf\u00facio Moura, fez \u201couvido de mercador\u201d, e n\u00e3o deu a m\u00ednima para a classe trabalhadora da CAERD.<\/p>\n<p><img data-recalc-dims=\"1\" loading=\"lazy\" decoding=\"async\" data-attachment-id=\"15273\" data-permalink=\"http:\/\/blogdalucianaoliveira.com.br\/blog\/2017\/11\/30\/com-mediacao-do-trt-e-o-apoio-da-assembleia-legislativa-apos-23-dias-de-greve-da-caerd-categoria-aceita-proposta-e-retorna-as-atividades\/37b4bd91-9225-41df-9d06-ac5fe974d211\/\" data-orig-file=\"https:\/\/i0.wp.com\/blogdalucianaoliveira.com.br\/blog\/wp-content\/uploads\/2017\/11\/37B4BD91-9225-41DF-9D06-AC5FE974D211.jpeg?fit=1280%2C853\" data-orig-size=\"1280,853\" data-comments-opened=\"0\" data-image-meta=\"{&quot;aperture&quot;:&quot;0&quot;,&quot;credit&quot;:&quot;&quot;,&quot;camera&quot;:&quot;&quot;,&quot;caption&quot;:&quot;&quot;,&quot;created_timestamp&quot;:&quot;0&quot;,&quot;copyright&quot;:&quot;&quot;,&quot;focal_length&quot;:&quot;0&quot;,&quot;iso&quot;:&quot;0&quot;,&quot;shutter_speed&quot;:&quot;0&quot;,&quot;title&quot;:&quot;&quot;,&quot;orientation&quot;:&quot;1&quot;}\" data-image-title=\"37B4BD91-9225-41DF-9D06-AC5FE974D211\" data-image-description=\"\" data-image-caption=\"\" data-medium-file=\"https:\/\/i0.wp.com\/blogdalucianaoliveira.com.br\/blog\/wp-content\/uploads\/2017\/11\/37B4BD91-9225-41DF-9D06-AC5FE974D211.jpeg?fit=300%2C200\" data-large-file=\"https:\/\/i0.wp.com\/blogdalucianaoliveira.com.br\/blog\/wp-content\/uploads\/2017\/11\/37B4BD91-9225-41DF-9D06-AC5FE974D211.jpeg?fit=600%2C400\" src=\"https:\/\/i0.wp.com\/blogdalucianaoliveira.com.br\/blog\/wp-content\/uploads\/2017\/11\/37B4BD91-9225-41DF-9D06-AC5FE974D211.jpeg?resize=600%2C400\" alt=\"37B4BD91-9225-41DF-9D06-AC5FE974D211\" width=\"600\" height=\"400\" class=\"alignnone size-full wp-image-15273\" srcset=\"https:\/\/i0.wp.com\/blogdalucianaoliveira.com.br\/blog\/wp-content\/uploads\/2017\/11\/37B4BD91-9225-41DF-9D06-AC5FE974D211.jpeg?w=1280 1280w, https:\/\/i0.wp.com\/blogdalucianaoliveira.com.br\/blog\/wp-content\/uploads\/2017\/11\/37B4BD91-9225-41DF-9D06-AC5FE974D211.jpeg?resize=300%2C200 300w, https:\/\/i0.wp.com\/blogdalucianaoliveira.com.br\/blog\/wp-content\/uploads\/2017\/11\/37B4BD91-9225-41DF-9D06-AC5FE974D211.jpeg?resize=768%2C512 768w, https:\/\/i0.wp.com\/blogdalucianaoliveira.com.br\/blog\/wp-content\/uploads\/2017\/11\/37B4BD91-9225-41DF-9D06-AC5FE974D211.jpeg?resize=1024%2C682 1024w, https:\/\/i0.wp.com\/blogdalucianaoliveira.com.br\/blog\/wp-content\/uploads\/2017\/11\/37B4BD91-9225-41DF-9D06-AC5FE974D211.jpeg?resize=450%2C300 450w, https:\/\/i0.wp.com\/blogdalucianaoliveira.com.br\/blog\/wp-content\/uploads\/2017\/11\/37B4BD91-9225-41DF-9D06-AC5FE974D211.jpeg?w=1200 1200w\" sizes=\"auto, (max-width: 600px) 100vw, 600px\" \/><\/p>\n<p>Ap\u00f3s esse 23 longos dias de greve, por atraso de sal\u00e1rios, a categoria dos trabalhadores da Companhia de \u00c1guas e Esgotos de Rond\u00f4nia &#8211; CAERD, se reuniram em assembleia, na manh\u00e3 de hoje, dia 29, e deliberaram sobre a proposta ora apresentada pela CAERD, na continua\u00e7\u00e3o da audi\u00eancia realizada, ontem, dia 28, no TRT.<!--more--><\/p>\n<p>Ap\u00f3s muitos debates, explica\u00e7\u00f5es, apresenta\u00e7\u00f5es e muita luta para convencer a presidente da CAERD, que se mostrou o tempo todo intransigente e sem a menor boa vontade de querer regularizar os sal\u00e1rios atrasados de seus trabalhadores, a intermedia\u00e7\u00e3o da desembargadora Maria Cesarineide, da Procuradora do Minist\u00e9rio P\u00fablico do Trabalho, Camilla Holanda M. da Rocha e do Procurador Regional do Trabalho, Jonas Ratier Moreno, al\u00e9m da presen\u00e7a e contribui\u00e7\u00e3o significativa do deputado Leo Moraes, foi poss\u00edvel assim desenvolver uma proposta e chegar a um acordo.<br \/>\nA proposta consiste em garantir 70% da arrecada\u00e7\u00e3o di\u00e1ria da empresa para o pagamento dos sal\u00e1rios atrasados, para os que recebem at\u00e9 5 mil reais, sendo que este pagamento ser\u00e1 feito do menor para o maior. Ap\u00f3s quitar o m\u00eas mais atrasado (setembro), passa-se a reservar 60% da arrecada\u00e7\u00e3o di\u00e1ria, para aqueles que percebem remunera\u00e7\u00e3o maior que R$ 5.001,00, para quitar o mesmo m\u00eas. <\/p>\n<p>Este procedimento ser\u00e1 o mesmo adotado para os meses subsequentes, at\u00e9 que seja regularizado a folha de pagamento.<br \/>\nReferente ao Ticket Alimenta\u00e7\u00e3o ficou acordado que, no intervalo de cada pagamento de sal\u00e1rio, ser\u00e1 reservado o percentual de 70%, para pagamento do mesmo. A previs\u00e3o para regularizar a folha de pagamento nesse sistema, se dar\u00e1 em mar\u00e7o\/2018.<\/p>\n<p>Al\u00e9m disso, a presidente da CAERD assumiu o compromisso, sob pena de multa de 30% a ser revertida para o empregado em quest\u00e3o, de n\u00e3o descontar os 23 dias de greve, n\u00e3o abrir processos administrativos, punir ou fazer qualquer tipo de retalia\u00e7\u00e3o contra os empregados que tenham exercido o direito constitucional de Greve.<\/p>\n<p>Toda a categoria, na capital e no interior (nas localidades que j\u00e1 foram realizadas as assembleias), deliberaram por unanimidade, pela aprova\u00e7\u00e3o da proposta apresentada e deram por encerrada a greve, retornando as suas atividades normais, nesta quinta-feira, dia 30.<\/p>\n","protected":false},"excerpt":{"rendered":"<p>A audi\u00eancia de concilia\u00e7\u00e3o deu in\u00edcio no \u00faltimo dia 24, onde as partes n\u00e3o chegaram a um acordo, pois a Diretoria da CAERD, se manteve irredut\u00edvel, n\u00e3o usando de boa vontade para regularizar os sal\u00e1rios atrasados dos trabalhadores. Atendendo ent\u00e3o a uma solicita\u00e7\u00e3o do Sindicato, a Desembargadora Maria Cesarineide, designou a continua\u00e7\u00e3o da audi\u00eancia para&#8230;<a class=\"more-link\" href=\"http:\/\/blogdalucianaoliveira.com.br\/blog\/2017\/11\/30\/com-mediacao-do-trt-e-o-apoio-da-assembleia-legislativa-apos-23-dias-de-greve-da-caerd-categoria-aceita-proposta-e-retorna-as-atividades\/\">Continue a leitura <span class=\"meta-nav\">&raquo;<\/span><\/a><\/p>\n","protected":false},"author":1,"featured_media":0,"comment_status":"closed","ping_status":"open","sticky":false,"template":"","format":"standard","meta":{"_exactmetrics_skip_tracking":false,"_exactmetrics_sitenote_active":false,"_exactmetrics_sitenote_note":"","_exactmetrics_sitenote_category":0,"jetpack_post_was_ever_published":false,"_jetpack_newsletter_access":"","_jetpack_dont_email_post_to_subs":false,"_jetpack_newsletter_tier_id":0,"_jetpack_memberships_contains_paywalled_content":false,"_jetpack_memberships_contains_paid_content":false,"footnotes":"","jetpack_publicize_message":"","jetpack_publicize_feature_enabled":true,"jetpack_social_post_already_shared":true,"jetpack_social_options":{"image_generator_settings":{"template":"highway","enabled":false},"version":2}},"categories":[1],"tags":[],"class_list":["post-15271","post","type-post","status-publish","format-standard","hentry","category-notas"],"jetpack_publicize_connections":[],"jetpack_sharing_enabled":true,"jetpack_featured_media_url":"","jetpack_shortlink":"https:\/\/wp.me\/p7wKYW-3Yj","jetpack-related-posts":[],"_links":{"self":[{"href":"http:\/\/blogdalucianaoliveira.com.br\/blog\/wp-json\/wp\/v2\/posts\/15271","targetHints":{"allow":["GET"]}}],"collection":[{"href":"http:\/\/blogdalucianaoliveira.com.br\/blog\/wp-json\/wp\/v2\/posts"}],"about":[{"href":"http:\/\/blogdalucianaoliveira.com.br\/blog\/wp-json\/wp\/v2\/types\/post"}],"author":[{"embeddable":true,"href":"http:\/\/blogdalucianaoliveira.com.br\/blog\/wp-json\/wp\/v2\/users\/1"}],"replies":[{"embeddable":true,"href":"http:\/\/blogdalucianaoliveira.com.br\/blog\/wp-json\/wp\/v2\/comments?post=15271"}],"version-history":[{"count":1,"href":"http:\/\/blogdalucianaoliveira.com.br\/blog\/wp-json\/wp\/v2\/posts\/15271\/revisions"}],"predecessor-version":[{"id":15274,"href":"http:\/\/blogdalucianaoliveira.com.br\/blog\/wp-json\/wp\/v2\/posts\/15271\/revisions\/15274"}],"wp:attachment":[{"href":"http:\/\/blogdalucianaoliveira.com.br\/blog\/wp-json\/wp\/v2\/media?parent=15271"}],"wp:term":[{"taxonomy":"category","embeddable":true,"href":"http:\/\/blogdalucianaoliveira.com.br\/blog\/wp-json\/wp\/v2\/categories?post=15271"},{"taxonomy":"post_tag","embeddable":true,"href":"http:\/\/blogdalucianaoliveira.com.br\/blog\/wp-json\/wp\/v2\/tags?post=15271"}],"curies":[{"name":"wp","href":"https:\/\/api.w.org\/{rel}","templated":true}]}}