{"id":15278,"date":"2017-11-30T18:14:41","date_gmt":"2017-11-30T22:14:41","guid":{"rendered":"http:\/\/blogdalucianaoliveira.com.br\/blog\/?p=15278"},"modified":"2017-11-30T18:14:41","modified_gmt":"2017-11-30T22:14:41","slug":"ha-49-anos-o-podio-mais-emblematico-das-olimpiadas","status":"publish","type":"post","link":"http:\/\/blogdalucianaoliveira.com.br\/blog\/2017\/11\/30\/ha-49-anos-o-podio-mais-emblematico-das-olimpiadas\/","title":{"rendered":"H\u00e1 49 anos, o p\u00f3dio mais emblem\u00e1tico das Olimp\u00edadas"},"content":{"rendered":"<p><img data-recalc-dims=\"1\" loading=\"lazy\" decoding=\"async\" data-attachment-id=\"15279\" data-permalink=\"http:\/\/blogdalucianaoliveira.com.br\/blog\/2017\/11\/30\/ha-49-anos-o-podio-mais-emblematico-das-olimpiadas\/8650ce98-03eb-4ea8-8cd9-c88a43e58ff3\/\" data-orig-file=\"https:\/\/i0.wp.com\/blogdalucianaoliveira.com.br\/blog\/wp-content\/uploads\/2017\/11\/8650CE98-03EB-4EA8-8CD9-C88A43E58FF3.jpeg?fit=495%2C495\" data-orig-size=\"495,495\" data-comments-opened=\"0\" data-image-meta=\"{&quot;aperture&quot;:&quot;0&quot;,&quot;credit&quot;:&quot;&quot;,&quot;camera&quot;:&quot;&quot;,&quot;caption&quot;:&quot;&quot;,&quot;created_timestamp&quot;:&quot;0&quot;,&quot;copyright&quot;:&quot;&quot;,&quot;focal_length&quot;:&quot;0&quot;,&quot;iso&quot;:&quot;0&quot;,&quot;shutter_speed&quot;:&quot;0&quot;,&quot;title&quot;:&quot;&quot;,&quot;orientation&quot;:&quot;0&quot;}\" data-image-title=\"8650CE98-03EB-4EA8-8CD9-C88A43E58FF3\" data-image-description=\"\" data-image-caption=\"\" data-medium-file=\"https:\/\/i0.wp.com\/blogdalucianaoliveira.com.br\/blog\/wp-content\/uploads\/2017\/11\/8650CE98-03EB-4EA8-8CD9-C88A43E58FF3.jpeg?fit=300%2C300\" data-large-file=\"https:\/\/i0.wp.com\/blogdalucianaoliveira.com.br\/blog\/wp-content\/uploads\/2017\/11\/8650CE98-03EB-4EA8-8CD9-C88A43E58FF3.jpeg?fit=495%2C495\" class=\"alignnone size-full wp-image-15279\" src=\"https:\/\/i0.wp.com\/blogdalucianaoliveira.com.br\/blog\/wp-content\/uploads\/2017\/11\/8650CE98-03EB-4EA8-8CD9-C88A43E58FF3.jpeg?resize=495%2C495\" alt=\"8650CE98-03EB-4EA8-8CD9-C88A43E58FF3\" width=\"495\" height=\"495\" srcset=\"https:\/\/i0.wp.com\/blogdalucianaoliveira.com.br\/blog\/wp-content\/uploads\/2017\/11\/8650CE98-03EB-4EA8-8CD9-C88A43E58FF3.jpeg?w=495 495w, https:\/\/i0.wp.com\/blogdalucianaoliveira.com.br\/blog\/wp-content\/uploads\/2017\/11\/8650CE98-03EB-4EA8-8CD9-C88A43E58FF3.jpeg?resize=150%2C150 150w, https:\/\/i0.wp.com\/blogdalucianaoliveira.com.br\/blog\/wp-content\/uploads\/2017\/11\/8650CE98-03EB-4EA8-8CD9-C88A43E58FF3.jpeg?resize=300%2C300 300w\" sizes=\"auto, (max-width: 495px) 100vw, 495px\" \/><\/p>\n<p>Tommie Smith e John Carlos protagonizaram protesto pela vida do povo negro norte-americano<!--more--><\/p>\n<p>Vin\u00edcius Sobreira<br \/>\nBrasil de Fato | Recife (PE),<\/p>\n<p>O dia \u00e9 16 de outubro de 1968. O segundo dia das provas de 200 metros rasos nas Olimp\u00edadas da Cidade do M\u00e9xico. O norte-americano Tommie Smith, \u201cO Jato\u201d, justificou seu favoritismo e levou o ouro com o tempo de 19,83 segundos. O compatriota John Carlos levou o bronze. Ao cruzarem a linha de chegada, se abra\u00e7aram e fizeram os \u00faltimos ajustes para o protesto que entraria para a hist\u00f3ria do esporte.<\/p>\n<p>Retiraram os sapatos e trajavam meias pretas. Subiram no p\u00f3dio, receberam as medalhas e, ao tocar o hino dos Estados Unidos, eles n\u00e3o ergueram o rosto em respeito \u00e0 na\u00e7\u00e3o, mas baixaram a cabe\u00e7a e ergueram o punho, usando luvas pretas: a sauda\u00e7\u00e3o dos Panteras Negras, organiza\u00e7\u00e3o pol\u00edtica socialista e revolucion\u00e1ria norte-americana, fundada dois anos antes com o objetivo de organizar a popula\u00e7\u00e3o negra para enfrentar a viol\u00eancia causada pela pol\u00edcia nos bairros negros. O maior atacante da hist\u00f3ria de Portugal, Eus\u00e9bio (ex-Benfica), al\u00e9m dos brasileiros S\u00f3crates (ex-Corinthians) e Reinaldo (ex-Atl\u00e9tico-MG) celebravam seus gols repetindo o gesto.<\/p>\n<p>Os anos 1960 foram duros para a popula\u00e7\u00e3o negra norte-americana, com os assassinatos de Malcolm X (1965) e Martin Luther King Jr (1968). Al\u00e9m disso, os EUA estavam no meio da Guerra do Vietn\u00e3 (1955-1975), de onde sairia derrotado e com aproximadamente 60 mil soldados mortos \u2013 em sua maioria negros. No esporte, o pugilista Muhammad Ali, campe\u00e3o ol\u00edmpico e mundial de boxe, perdeu seu cintur\u00e3o em 1967 por se negar a ir lutar na Guerra.<\/p>\n<p>Estimulados pelo tamb\u00e9m negro professor de sociologia Harry Edwards, da universidade em que eram bolsistas Tommie Smith e John Carlos, atletas negros de v\u00e1rias modalidades fundaram a associa\u00e7\u00e3o Projeto Ol\u00edmpico pelos Direitos Humanos (OPHR). Alguns membros, como a estrela do basquete Kareem Abdul-Jabbar, boicotaram os jogos ol\u00edmpicos. Mas Tommie Smith e John Carlos foram, ganharam as medalhas e protestaram no p\u00f3dio.<\/p>\n<p>Mas o protesto em defesa das vidas negras n\u00e3o foi bem recebido pelas autoridades e imprensa. Os atletas foram duramente criticados at\u00e9 pelo Comit\u00ea Ol\u00edmpico Internacional, que disse que n\u00e3o se pode misturar pol\u00edtica e esporte. A dupla de corredores teve seus vistos de perman\u00eancia no M\u00e9xico imediatamente cancelados e, no dia seguinte, foram expulsos da Vila Ol\u00edmpica. Seus companheiros corredores do revezamento 4&#215;400 quiseram abandonar os jogos, mas os medalhistas os convenceram a competir. Lee Evans, Larry James, Ron Freeman correram e levaram o ouro. No p\u00f3dio, usaram boinas, outro s\u00edmbolo dos Panteras Negras.<\/p>\n<p>A dupla foi condenada ao esquecimento durante muitos anos at\u00e9 come\u00e7arem a ser reconhecidos como s\u00edmbolos da luta do povo negro norte-americano.<\/p>\n<p>O homem branco<\/p>\n<p>Junto a Tommie Smith e John Carlos est\u00e1 o australiano Peter Norman, o homem branco em segundo lugar no p\u00f3dio. Naquela noite o corredor fez os 200 metros em 20,06 segundos, que permanece at\u00e9 hoje, 50 anos depois, como recorde nacional da Austr\u00e1lia para a modalidade. Ele n\u00e3o \u00e9 negro e n\u00e3o ergueu o punho, mas usou o distintivo da OPHR no p\u00f3dio como forma de demonstrar apoio ao protesto dos companheiros norte-americanos.<\/p>\n<p>Na Austr\u00e1lia se vivia um momento de grande viol\u00eancia racista contra os abor\u00edgenes, popula\u00e7\u00e3o nativa da ilha continental. Norman tamb\u00e9m acabou relegado ao esquecimento pelas autoridades e se tornou alco\u00f3latra. Mesmo d\u00e9cadas depois, nas Olimp\u00edadas de Sidney 2000, nenhuma homenagem foi feita ao recordista nacional. Tommie Smith e John Carlos estiveram em seu funeral, em 2006.<\/p>\n<p><img data-recalc-dims=\"1\" loading=\"lazy\" decoding=\"async\" data-attachment-id=\"15280\" data-permalink=\"http:\/\/blogdalucianaoliveira.com.br\/blog\/2017\/11\/30\/ha-49-anos-o-podio-mais-emblematico-das-olimpiadas\/d2fcf431-0f82-477a-8fca-75e95345b85e\/\" data-orig-file=\"https:\/\/i0.wp.com\/blogdalucianaoliveira.com.br\/blog\/wp-content\/uploads\/2017\/11\/D2FCF431-0F82-477A-8FCA-75E95345B85E.jpeg?fit=571%2C750\" data-orig-size=\"571,750\" data-comments-opened=\"0\" data-image-meta=\"{&quot;aperture&quot;:&quot;0&quot;,&quot;credit&quot;:&quot;&quot;,&quot;camera&quot;:&quot;&quot;,&quot;caption&quot;:&quot;&quot;,&quot;created_timestamp&quot;:&quot;0&quot;,&quot;copyright&quot;:&quot;&quot;,&quot;focal_length&quot;:&quot;0&quot;,&quot;iso&quot;:&quot;0&quot;,&quot;shutter_speed&quot;:&quot;0&quot;,&quot;title&quot;:&quot;&quot;,&quot;orientation&quot;:&quot;0&quot;}\" data-image-title=\"D2FCF431-0F82-477A-8FCA-75E95345B85E\" data-image-description=\"\" data-image-caption=\"\" data-medium-file=\"https:\/\/i0.wp.com\/blogdalucianaoliveira.com.br\/blog\/wp-content\/uploads\/2017\/11\/D2FCF431-0F82-477A-8FCA-75E95345B85E.jpeg?fit=228%2C300\" data-large-file=\"https:\/\/i0.wp.com\/blogdalucianaoliveira.com.br\/blog\/wp-content\/uploads\/2017\/11\/D2FCF431-0F82-477A-8FCA-75E95345B85E.jpeg?fit=571%2C750\" src=\"https:\/\/i0.wp.com\/blogdalucianaoliveira.com.br\/blog\/wp-content\/uploads\/2017\/11\/D2FCF431-0F82-477A-8FCA-75E95345B85E.jpeg?resize=571%2C750\" alt=\"D2FCF431-0F82-477A-8FCA-75E95345B85E\" width=\"571\" height=\"750\" class=\"alignnone size-full wp-image-15280\" srcset=\"https:\/\/i0.wp.com\/blogdalucianaoliveira.com.br\/blog\/wp-content\/uploads\/2017\/11\/D2FCF431-0F82-477A-8FCA-75E95345B85E.jpeg?w=571 571w, https:\/\/i0.wp.com\/blogdalucianaoliveira.com.br\/blog\/wp-content\/uploads\/2017\/11\/D2FCF431-0F82-477A-8FCA-75E95345B85E.jpeg?resize=228%2C300 228w\" sizes=\"auto, (max-width: 571px) 100vw, 571px\" \/><\/p>\n<p>Futebol americano hoje<\/p>\n<p>Em 2012 o adolescente Trayvon Martin, de 17 anos, caminhava para a casa do pai, na Fl\u00f3rida, quando foi assassinado a tiros por um vigilante, que alegou leg\u00edtima defesa. Mas Trayvon estava desarmado. Antes, em 2011, a v\u00edtima foi Anthony Lamar Smith. Outro caso similar, tamb\u00e9m emblem\u00e1tico, foi o de Michael Brown, em Ferguson.<\/p>\n<p>Uma onda nacional de protestos da popula\u00e7\u00e3o negra das periferias se seguiu e os casos de viol\u00eancia policial contra jovens negros passaram a ter mais repercuss\u00e3o na sociedade e na m\u00eddia. Os protestos contra a viol\u00eancia policial foram muitas vezes respondidos com mais viol\u00eancia policial e mortes de outros jovens negros. Para completar, boa parte dos assassinos foi inocentado pela justi\u00e7a norte-americana.<\/p>\n<p>Os fatos citados, somados \u00e0 desigualdade brutal entre negros e brancos nos Estados Unidos, inspirou o jogador de futebol americano Colin Kaepernick a protestar antes de todos os jogos. Desde o segundo semestre de 2016, o quarterback n\u00e3o cantava o hino com a m\u00e3o no peito, mas se ajoelhava. O gesto teve muitas cr\u00edticas, mas tamb\u00e9m muitas demonstra\u00e7\u00f5es de apoio, inclusive de outros jogadores do seu ent\u00e3o clube, o San Francisco 49ers.<\/p>\n<p>Mas n\u00e3o importa se o protesto \u00e9 justo, o tratamento dado a quem protesta permanece o mesmo de outros tempos. No meio deste ano, quando as equipes montavam elenco para a temporada 2017\/2018, Colin Kaepernick foi demitido do San Francisco e nenhum outro clube quis contrat\u00e1-lo, apesar de ser um dos 10 melhores quarterbacks do campeonato.<\/p>\n<p>Mas outros atletas seguiram protestando, o que levou o caricato presidente Donald Trump a se pronunciar, no \u00faltimo m\u00eas de setembro, nas redes sociais pedindo justamente que os clubes demitissem qualquer atleta que repetir o protesto. Os jogadores responderam em massa ao conservador: brancos e negros, eleitores de Trump ou n\u00e3o, a maior parte dos atletas &#8211; e at\u00e9 cantores que interpretam o hino &#8211; realizou protestos antes dos jogos, se ajoelhando e, novamente, erguendo o punho, mostrando que ningu\u00e9m mais ficar\u00e1 em sil\u00eancio diante do racismo.<\/p>\n<p>&nbsp;<\/p>\n","protected":false},"excerpt":{"rendered":"<p>Tommie Smith e John Carlos protagonizaram protesto pela vida do povo negro norte-americano<\/p>\n","protected":false},"author":1,"featured_media":0,"comment_status":"closed","ping_status":"open","sticky":false,"template":"","format":"standard","meta":{"_exactmetrics_skip_tracking":false,"_exactmetrics_sitenote_active":false,"_exactmetrics_sitenote_note":"","_exactmetrics_sitenote_category":0,"jetpack_post_was_ever_published":false,"_jetpack_newsletter_access":"","_jetpack_dont_email_post_to_subs":false,"_jetpack_newsletter_tier_id":0,"_jetpack_memberships_contains_paywalled_content":false,"_jetpack_memberships_contains_paid_content":false,"footnotes":"","jetpack_publicize_message":"","jetpack_publicize_feature_enabled":true,"jetpack_social_post_already_shared":true,"jetpack_social_options":{"image_generator_settings":{"template":"highway","enabled":false},"version":2}},"categories":[1],"tags":[],"class_list":["post-15278","post","type-post","status-publish","format-standard","hentry","category-notas"],"jetpack_publicize_connections":[],"jetpack_sharing_enabled":true,"jetpack_featured_media_url":"","jetpack_shortlink":"https:\/\/wp.me\/p7wKYW-3Yq","jetpack-related-posts":[],"_links":{"self":[{"href":"http:\/\/blogdalucianaoliveira.com.br\/blog\/wp-json\/wp\/v2\/posts\/15278","targetHints":{"allow":["GET"]}}],"collection":[{"href":"http:\/\/blogdalucianaoliveira.com.br\/blog\/wp-json\/wp\/v2\/posts"}],"about":[{"href":"http:\/\/blogdalucianaoliveira.com.br\/blog\/wp-json\/wp\/v2\/types\/post"}],"author":[{"embeddable":true,"href":"http:\/\/blogdalucianaoliveira.com.br\/blog\/wp-json\/wp\/v2\/users\/1"}],"replies":[{"embeddable":true,"href":"http:\/\/blogdalucianaoliveira.com.br\/blog\/wp-json\/wp\/v2\/comments?post=15278"}],"version-history":[{"count":1,"href":"http:\/\/blogdalucianaoliveira.com.br\/blog\/wp-json\/wp\/v2\/posts\/15278\/revisions"}],"predecessor-version":[{"id":15281,"href":"http:\/\/blogdalucianaoliveira.com.br\/blog\/wp-json\/wp\/v2\/posts\/15278\/revisions\/15281"}],"wp:attachment":[{"href":"http:\/\/blogdalucianaoliveira.com.br\/blog\/wp-json\/wp\/v2\/media?parent=15278"}],"wp:term":[{"taxonomy":"category","embeddable":true,"href":"http:\/\/blogdalucianaoliveira.com.br\/blog\/wp-json\/wp\/v2\/categories?post=15278"},{"taxonomy":"post_tag","embeddable":true,"href":"http:\/\/blogdalucianaoliveira.com.br\/blog\/wp-json\/wp\/v2\/tags?post=15278"}],"curies":[{"name":"wp","href":"https:\/\/api.w.org\/{rel}","templated":true}]}}