{"id":15282,"date":"2017-12-01T08:48:12","date_gmt":"2017-12-01T12:48:12","guid":{"rendered":"http:\/\/blogdalucianaoliveira.com.br\/blog\/?p=15282"},"modified":"2017-12-01T08:48:12","modified_gmt":"2017-12-01T12:48:12","slug":"no-dia-mundial-de-luta-contra-a-aids-opas-quer-ampliar-acesso-a-prevencao","status":"publish","type":"post","link":"http:\/\/blogdalucianaoliveira.com.br\/blog\/2017\/12\/01\/no-dia-mundial-de-luta-contra-a-aids-opas-quer-ampliar-acesso-a-prevencao\/","title":{"rendered":"No Dia Mundial de Luta contra a Aids, Opas quer ampliar acesso \u00e0 preven\u00e7\u00e3o"},"content":{"rendered":"<p><img data-recalc-dims=\"1\" loading=\"lazy\" decoding=\"async\" data-attachment-id=\"15284\" data-permalink=\"http:\/\/blogdalucianaoliveira.com.br\/blog\/2017\/12\/01\/no-dia-mundial-de-luta-contra-a-aids-opas-quer-ampliar-acesso-a-prevencao\/7bd1c626-8b31-40e7-9a31-dfb14838812b\/\" data-orig-file=\"https:\/\/i0.wp.com\/blogdalucianaoliveira.com.br\/blog\/wp-content\/uploads\/2017\/12\/7BD1C626-8B31-40E7-9A31-DFB14838812B.jpeg?fit=463%2C318\" data-orig-size=\"463,318\" data-comments-opened=\"0\" data-image-meta=\"{&quot;aperture&quot;:&quot;0&quot;,&quot;credit&quot;:&quot;&quot;,&quot;camera&quot;:&quot;&quot;,&quot;caption&quot;:&quot;&quot;,&quot;created_timestamp&quot;:&quot;0&quot;,&quot;copyright&quot;:&quot;&quot;,&quot;focal_length&quot;:&quot;0&quot;,&quot;iso&quot;:&quot;0&quot;,&quot;shutter_speed&quot;:&quot;0&quot;,&quot;title&quot;:&quot;&quot;,&quot;orientation&quot;:&quot;0&quot;}\" data-image-title=\"7BD1C626-8B31-40E7-9A31-DFB14838812B\" data-image-description=\"\" data-image-caption=\"\" data-medium-file=\"https:\/\/i0.wp.com\/blogdalucianaoliveira.com.br\/blog\/wp-content\/uploads\/2017\/12\/7BD1C626-8B31-40E7-9A31-DFB14838812B.jpeg?fit=300%2C206\" data-large-file=\"https:\/\/i0.wp.com\/blogdalucianaoliveira.com.br\/blog\/wp-content\/uploads\/2017\/12\/7BD1C626-8B31-40E7-9A31-DFB14838812B.jpeg?fit=463%2C318\" src=\"https:\/\/i0.wp.com\/blogdalucianaoliveira.com.br\/blog\/wp-content\/uploads\/2017\/12\/7BD1C626-8B31-40E7-9A31-DFB14838812B.jpeg?resize=463%2C318\" alt=\"7BD1C626-8B31-40E7-9A31-DFB14838812B\" width=\"463\" height=\"318\" class=\"alignnone size-full wp-image-15284\" srcset=\"https:\/\/i0.wp.com\/blogdalucianaoliveira.com.br\/blog\/wp-content\/uploads\/2017\/12\/7BD1C626-8B31-40E7-9A31-DFB14838812B.jpeg?w=463 463w, https:\/\/i0.wp.com\/blogdalucianaoliveira.com.br\/blog\/wp-content\/uploads\/2017\/12\/7BD1C626-8B31-40E7-9A31-DFB14838812B.jpeg?resize=300%2C206 300w, https:\/\/i0.wp.com\/blogdalucianaoliveira.com.br\/blog\/wp-content\/uploads\/2017\/12\/7BD1C626-8B31-40E7-9A31-DFB14838812B.jpeg?resize=437%2C300 437w\" sizes=\"auto, (max-width: 463px) 100vw, 463px\" \/><\/p>\n<p>Na EBC, por Maiana Diniz \u2013 Criado em 1987, o Dia Mundial de Luta contra a Aids (S\u00edndrome da Imunodefici\u00eancia Adquirida) \u00e9 lembrado hoje (1\u00ba) e existe para alertar a humanidade para um dos maiores problemas de sa\u00fade p\u00fablica, que j\u00e1 matou mais de 35 milh\u00f5es de pessoas, 1 milh\u00e3o delas somente em 2016.<!--more--><\/p>\n<p>Segundo relat\u00f3rio da Organiza\u00e7\u00e3o Pan-Americana da Sa\u00fade (Opas) e do Programa Conjunto das Na\u00e7\u00f5es Unidas sobre HIV\/Aids (Unaids), divulgado nesta quinta-feira (30), a amplia\u00e7\u00e3o do acesso a todas as op\u00e7\u00f5es de preven\u00e7\u00e3o ao HIV (V\u00edrus da Imunodefici\u00eancia Humana) poderia reduzir o n\u00famero de novos casos do v\u00edrus na Am\u00e9rica Latina e Caribe, que desde 2010 se mant\u00eam em 120 mil por ano.<\/p>\n<p>As informa\u00e7\u00f5es do relat\u00f3rio e os dados do Unaids revelam que 64% dos novos casos de HIV na Am\u00e9rica Latina ocorrem em homens gays, profissionais do sexo e seus clientes, mulheres trans, pessoas que usam drogas injet\u00e1veis e nos parceiros dessas popula\u00e7\u00f5es-chave. Outro fato que chama a aten\u00e7\u00e3o \u00e9 o aumento de infec\u00e7\u00e3o entre os jovens: um ter\u00e7o das novas infec\u00e7\u00f5es ocorre em pessoas de 15 a 24 anos.<\/p>\n<p>A Unaids avalia que para reduzir as novas infec\u00e7\u00f5es entre as popula\u00e7\u00f5es-chave \u00e9 preciso adotar a\u00e7\u00f5es de preven\u00e7\u00e3o do HIV que sejam espec\u00edficas e de alto impacto, al\u00e9m de acesso a tratamento para todos.<\/p>\n<p>Em comunicado \u00e0 imprensa, o diretor regional do Unaids para Am\u00e9rica Latina e o Caribe, C\u00e9sar N\u00fa\u00f1ez, defendeu que \u00e9 preciso tamb\u00e9m ter \u201cum compromisso inabal\u00e1vel com o respeito, a igualdade de g\u00eanero, a prote\u00e7\u00e3o e a promo\u00e7\u00e3o de direitos humanos, incluindo o direito \u00e0 sa\u00fade\u201d.<\/p>\n<p>O diretor-executivo do Unaids, Michel Sidib\u00e9, destacou a import\u00e2ncia de garantir o acesso \u00e0 sa\u00fade a todos para enfrentar a doen\u00e7a. \u201cMesmo com todos os sucessos, a Aids ainda n\u00e3o acabou. Mas, se assegurarmos que todas as pessoas, em todos os lugares, tenham acesso ao seu direito \u00e0 sa\u00fade, a Aids pode acabar\u201d, disse.<\/p>\n<p>Quase 21 milh\u00f5es de pessoas portadoras do HIV est\u00e3o em tratamento no mundo e o n\u00famero de novas infec\u00e7\u00f5es e mortes relacionadas \u00e0 Aids est\u00e1 em decl\u00ednio em v\u00e1rios pa\u00edses. Na Europa Oriental e \u00c1sia Central, no entanto, o n\u00famero de novas infec\u00e7\u00f5es aumentou 60% desde 2010 e as mortes relacionadas \u00e0 Aids cresceram 27%.<\/p>\n<p>Na \u00c1frica Ocidental e Central, duas em cada tr\u00eas pessoas est\u00e3o sem acesso ao tratamento. \u201cN\u00e3o podemos ter uma abordagem de dois pesos e duas medidas com para acabar com a epidemia de Aids\u201d, avalia Sidib\u00e9.<\/p>\n<p>O infectologista Pablo Sebastian Velho trabalha h\u00e1 dez anos com pacientes soropositivos na Secretaria de Sa\u00fade de Santa Catarina e destacou que o programa brasileiro de tratamento de HIV \u00e9 uma refer\u00eancia mundial. \u201cTemos hoje os melhores medicamentos do mundo para oferecer aos pacientes, e gratuitamente.\u201d Uma evolu\u00e7\u00e3o no tratamento brasileiro, obtida ao longo dos anos, \u00e9 a possibilidade de ser iniciado o tratamento j\u00e1 na primeira consulta.<\/p>\n<p>HIV \u00e9 um v\u00edrus que se espalha atrav\u00e9s de flu\u00eddos corporais<\/p>\n<p>O HIV \u00e9 um v\u00edrus que se espalha atrav\u00e9s de flu\u00eddos corporais e afeta c\u00e9lulas espec\u00edficas do sistema imunol\u00f3gico, conhecidas como c\u00e9lulas CD4 ou c\u00e9lulas T. Atualmente, n\u00e3o h\u00e1 cura efetiva e segura, mas o HIV pode ser controlado com medicamentos.<\/p>\n<p>Muitos n\u00e3o sabem, mas ser portador do v\u00edrus HIV e ter Aids s\u00e3o duas coisas bem diferentes. \u201cO v\u00edrus HIV \u00e9 o causador da Aids, mas isso n\u00e3o significa que todas as pessoas que t\u00eam o v\u00edrus v\u00e3o desenvolver a Aids. E isso se deve, e muito, aos medicamentos que temos dispon\u00edveis no pa\u00eds\u201d, disse o especialista Pablo Velho.<\/p>\n<p>O infectologista explica que a \u00fanica maneira de evitar que a Aids se desenvolva \u00e9 fazer o tratamento adequado. \u201cSe nada for feito para interromper o processo de evolu\u00e7\u00e3o natural da doen\u00e7a, ela vai chegar. Em alguns indiv\u00edduos isso acontece de forma muito r\u00e1pida, e eles podem desenvolver a Aids em at\u00e9 dois anos ap\u00f3s o cont\u00e1gio. Na outra ponta, h\u00e1 algumas pessoas que podem levar mais de dez anos. Na m\u00e9dia, s\u00e3o sete anos, mas n\u00e3o se pode confiar nisso porque varia de pessoa para pessoa e n\u00e3o faz sentido esperar a pessoa ficar mal para come\u00e7ar o tratamento\u201d, explicou.<\/p>\n<p>O tratamento pode deixar o paciente com uma carga viral indetect\u00e1vel e, assim, o v\u00edrus se torna intransmiss\u00edvel na rela\u00e7\u00e3o sexual, desde que n\u00e3o existam outros fatores que aumentam o risco de transmiss\u00e3o, como, por exemplo, ter s\u00edfilis, o que causa les\u00f5es que aumentam o risco de contamina\u00e7\u00e3o.<\/p>\n<p>Preven\u00e7\u00e3o \u00e9 o melhor rem\u00e9dio<\/p>\n<p>A principal arma existente hoje contra a transmiss\u00e3o de HIV no Brasil, considerando que a transmiss\u00e3o em larga escala \u00e9 sexual, \u00e9 o uso de preservativo. Mas o infectologista Pablo Velho esclarece que h\u00e1 uma outra alternativa dispon\u00edvel na rede p\u00fablica de sa\u00fade para evitar a contamina\u00e7\u00e3o em caso de exposi\u00e7\u00e3o ao v\u00edrus.<\/p>\n<p>\u201cExiste uma forma, semelhante \u00e0 pilula do dia seguinte em rela\u00e7\u00e3o \u00e0 gesta\u00e7\u00e3o, que \u00e9, depois de ter uma exposi\u00e7\u00e3o sexual de risco, receber um medicamento que diminui a chance de se contaminar pelo HIV em unidades de sa\u00fade\u201d, explicou.<\/p>\n<p>Essa estrat\u00e9gia \u00e9 chamada de Profilaxia P\u00f3s-Exposi\u00e7\u00e3o, usada para casos de viol\u00eancia sexual ou de exposi\u00e7\u00e3o de risco ocasional. \u201cSe bebeu demais, nem lembra se usou preservativo ou sabe que n\u00e3o usou, procure uma unidade que voc\u00ea tem o direito \u00e0 preven\u00e7\u00e3o\u201d, explica o especialista. Para funcionar, a medica\u00e7\u00e3o deve ser administrada em at\u00e9 72 horas ap\u00f3s a rela\u00e7\u00e3o desprotegida e precisa ser tomada durante 28 dias. \u201cQuanto antes, mais eficaz\u201d afirma.<\/p>\n<p>Este m\u00eas, o Brasil vai adotar uma nova estrat\u00e9gia, a profilaxia pr\u00e9-exposi\u00e7\u00e3o. Pessoas que t\u00eam um risco aumentado de infec\u00e7\u00e3o &#8211; como, por exemplo, os profissionais do sexo e pessoas soronegativas que s\u00e3o casadas com pessoas soropositivas, entre outros &#8211; v\u00e3o poder receber um medicamento que diminui o risco de contamina\u00e7\u00e3o quando expostas.<\/p>\n<p>O especialista ressaltou que as profilaxias n\u00e3o excluem a necessidade de uso do preservativo, que continua sendo a melhor forma de evitar a contamina\u00e7\u00e3o tanto pelo HIV como pelas outras doen\u00e7as sexualmente transmiss\u00edveis.<\/p>\n<p>Outro fator importante para a queda no n\u00famero de transmiss\u00f5es \u00e9 a oferta de testes para que as pessoas contaminadas pelo HIV saibam da sua condi\u00e7\u00e3o e possam iniciar o tratamento. Na Am\u00e9rica Latina, duas em cada 10 pessoas vivendo com HIV, e 4 em cada 10 no Caribe n\u00e3o sabem que t\u00eam o v\u00edrus.<\/p>\n","protected":false},"excerpt":{"rendered":"<p>Na EBC, por Maiana Diniz \u2013 Criado em 1987, o Dia Mundial de Luta contra a Aids (S\u00edndrome da Imunodefici\u00eancia Adquirida) \u00e9 lembrado hoje (1\u00ba) e existe para alertar a humanidade para um dos maiores problemas de sa\u00fade p\u00fablica, que j\u00e1 matou mais de 35 milh\u00f5es de pessoas, 1 milh\u00e3o delas somente em 2016.<\/p>\n","protected":false},"author":1,"featured_media":0,"comment_status":"closed","ping_status":"open","sticky":false,"template":"","format":"standard","meta":{"_exactmetrics_skip_tracking":false,"_exactmetrics_sitenote_active":false,"_exactmetrics_sitenote_note":"","_exactmetrics_sitenote_category":0,"jetpack_post_was_ever_published":false,"_jetpack_newsletter_access":"","_jetpack_dont_email_post_to_subs":false,"_jetpack_newsletter_tier_id":0,"_jetpack_memberships_contains_paywalled_content":false,"_jetpack_memberships_contains_paid_content":false,"footnotes":"","jetpack_publicize_message":"","jetpack_publicize_feature_enabled":true,"jetpack_social_post_already_shared":true,"jetpack_social_options":{"image_generator_settings":{"template":"highway","enabled":false},"version":2}},"categories":[1],"tags":[],"class_list":["post-15282","post","type-post","status-publish","format-standard","hentry","category-notas"],"jetpack_publicize_connections":[],"jetpack_sharing_enabled":true,"jetpack_featured_media_url":"","jetpack_shortlink":"https:\/\/wp.me\/p7wKYW-3Yu","jetpack-related-posts":[],"_links":{"self":[{"href":"http:\/\/blogdalucianaoliveira.com.br\/blog\/wp-json\/wp\/v2\/posts\/15282","targetHints":{"allow":["GET"]}}],"collection":[{"href":"http:\/\/blogdalucianaoliveira.com.br\/blog\/wp-json\/wp\/v2\/posts"}],"about":[{"href":"http:\/\/blogdalucianaoliveira.com.br\/blog\/wp-json\/wp\/v2\/types\/post"}],"author":[{"embeddable":true,"href":"http:\/\/blogdalucianaoliveira.com.br\/blog\/wp-json\/wp\/v2\/users\/1"}],"replies":[{"embeddable":true,"href":"http:\/\/blogdalucianaoliveira.com.br\/blog\/wp-json\/wp\/v2\/comments?post=15282"}],"version-history":[{"count":1,"href":"http:\/\/blogdalucianaoliveira.com.br\/blog\/wp-json\/wp\/v2\/posts\/15282\/revisions"}],"predecessor-version":[{"id":15285,"href":"http:\/\/blogdalucianaoliveira.com.br\/blog\/wp-json\/wp\/v2\/posts\/15282\/revisions\/15285"}],"wp:attachment":[{"href":"http:\/\/blogdalucianaoliveira.com.br\/blog\/wp-json\/wp\/v2\/media?parent=15282"}],"wp:term":[{"taxonomy":"category","embeddable":true,"href":"http:\/\/blogdalucianaoliveira.com.br\/blog\/wp-json\/wp\/v2\/categories?post=15282"},{"taxonomy":"post_tag","embeddable":true,"href":"http:\/\/blogdalucianaoliveira.com.br\/blog\/wp-json\/wp\/v2\/tags?post=15282"}],"curies":[{"name":"wp","href":"https:\/\/api.w.org\/{rel}","templated":true}]}}