{"id":1534,"date":"2016-06-08T11:36:07","date_gmt":"2016-06-08T15:36:07","guid":{"rendered":"http:\/\/blogdalucianaoliveira.com.br\/blog\/?p=1534"},"modified":"2016-06-08T13:21:10","modified_gmt":"2016-06-08T17:21:10","slug":"pela-centesima-vez-sartre-pobre-do-pais-que-precisa-de-herois","status":"publish","type":"post","link":"http:\/\/blogdalucianaoliveira.com.br\/blog\/2016\/06\/08\/pela-centesima-vez-sartre-pobre-do-pais-que-precisa-de-herois\/","title":{"rendered":"Pela cent\u00e9sima vez, Brechet: &#8220;Pobre do pa\u00eds que precisa de her\u00f3is&#8221;"},"content":{"rendered":"<p> <img data-recalc-dims=\"1\" loading=\"lazy\" decoding=\"async\" data-attachment-id=\"1535\" data-permalink=\"http:\/\/blogdalucianaoliveira.com.br\/blog\/2016\/06\/08\/pela-centesima-vez-sartre-pobre-do-pais-que-precisa-de-herois\/japones2\/\" data-orig-file=\"https:\/\/i0.wp.com\/blogdalucianaoliveira.com.br\/blog\/wp-content\/uploads\/2016\/06\/japones2.jpg?fit=699%2C420\" data-orig-size=\"699,420\" data-comments-opened=\"0\" data-image-meta=\"{&quot;aperture&quot;:&quot;0&quot;,&quot;credit&quot;:&quot;&quot;,&quot;camera&quot;:&quot;&quot;,&quot;caption&quot;:&quot;&quot;,&quot;created_timestamp&quot;:&quot;0&quot;,&quot;copyright&quot;:&quot;&quot;,&quot;focal_length&quot;:&quot;0&quot;,&quot;iso&quot;:&quot;0&quot;,&quot;shutter_speed&quot;:&quot;0&quot;,&quot;title&quot;:&quot;&quot;,&quot;orientation&quot;:&quot;0&quot;}\" data-image-title=\"japones2\" data-image-description=\"\" data-image-caption=\"\" data-medium-file=\"https:\/\/i0.wp.com\/blogdalucianaoliveira.com.br\/blog\/wp-content\/uploads\/2016\/06\/japones2.jpg?fit=300%2C180\" data-large-file=\"https:\/\/i0.wp.com\/blogdalucianaoliveira.com.br\/blog\/wp-content\/uploads\/2016\/06\/japones2.jpg?fit=600%2C361\" src=\"https:\/\/i0.wp.com\/blogdalucianaoliveira.com.br\/blog\/wp-content\/uploads\/2016\/06\/japones2.jpg?resize=600%2C361\" alt=\"japones2\" width=\"600\" height=\"361\" class=\"alignnone size-full wp-image-1535\" srcset=\"https:\/\/i0.wp.com\/blogdalucianaoliveira.com.br\/blog\/wp-content\/uploads\/2016\/06\/japones2.jpg?w=699 699w, https:\/\/i0.wp.com\/blogdalucianaoliveira.com.br\/blog\/wp-content\/uploads\/2016\/06\/japones2.jpg?resize=300%2C180 300w\" sizes=\"auto, (max-width: 600px) 100vw, 600px\" \/><\/p>\n<p>O japon\u00eas da Federal dispensa apresenta\u00e7\u00f5es, pois motivou a produ\u00e7\u00e3o em escala industrial de m\u00e1scaras no carnaval deste ano, devido a alt\u00edssima popularidade que adquiriu cumprindo mandados de pris\u00e3o de corruptos. Falemos de n\u00f3s, da nossa voca\u00e7\u00e3o para ajoelhar e rezar diante de santos do pau oco. <!--more--><\/p>\n<p>Uma m\u00e1scara do japon\u00eas custava o dobro da concorrente, a do Darth Vader e a grande procura fez encalhar o estoque de Palocci, Kassab e Geno\u00edno. Ele virou at\u00e9 marchinha que arrastou multid\u00f5es em todo o pa\u00eds na folia momesca.<\/p>\n<p>Na C\u00e2mara Federal, ixi!<br \/>\nOps, Ishii foi tietado por deputados, assessores e servidores nos corredores e no plen\u00e1rio pra tirar uma selfie hist\u00f3rica.<\/p>\n<p><img data-recalc-dims=\"1\" loading=\"lazy\" decoding=\"async\" data-attachment-id=\"1538\" data-permalink=\"http:\/\/blogdalucianaoliveira.com.br\/blog\/2016\/06\/08\/pela-centesima-vez-sartre-pobre-do-pais-que-precisa-de-herois\/image-329\/\" data-orig-file=\"https:\/\/i0.wp.com\/blogdalucianaoliveira.com.br\/blog\/wp-content\/uploads\/2016\/06\/image-24.jpeg?fit=620%2C481\" data-orig-size=\"620,481\" data-comments-opened=\"0\" data-image-meta=\"{&quot;aperture&quot;:&quot;0&quot;,&quot;credit&quot;:&quot;&quot;,&quot;camera&quot;:&quot;&quot;,&quot;caption&quot;:&quot;&quot;,&quot;created_timestamp&quot;:&quot;0&quot;,&quot;copyright&quot;:&quot;&quot;,&quot;focal_length&quot;:&quot;0&quot;,&quot;iso&quot;:&quot;0&quot;,&quot;shutter_speed&quot;:&quot;0&quot;,&quot;title&quot;:&quot;&quot;,&quot;orientation&quot;:&quot;1&quot;}\" data-image-title=\"image\" data-image-description=\"\" data-image-caption=\"\" data-medium-file=\"https:\/\/i0.wp.com\/blogdalucianaoliveira.com.br\/blog\/wp-content\/uploads\/2016\/06\/image-24.jpeg?fit=300%2C233\" data-large-file=\"https:\/\/i0.wp.com\/blogdalucianaoliveira.com.br\/blog\/wp-content\/uploads\/2016\/06\/image-24.jpeg?fit=600%2C465\" src=\"https:\/\/i0.wp.com\/blogdalucianaoliveira.com.br\/blog\/wp-content\/uploads\/2016\/06\/image-24.jpeg?resize=600%2C465\" alt=\"image\" width=\"600\" height=\"465\" class=\"alignnone size-full wp-image-1538\" srcset=\"https:\/\/i0.wp.com\/blogdalucianaoliveira.com.br\/blog\/wp-content\/uploads\/2016\/06\/image-24.jpeg?w=620 620w, https:\/\/i0.wp.com\/blogdalucianaoliveira.com.br\/blog\/wp-content\/uploads\/2016\/06\/image-24.jpeg?resize=300%2C233 300w, https:\/\/i0.wp.com\/blogdalucianaoliveira.com.br\/blog\/wp-content\/uploads\/2016\/06\/image-24.jpeg?resize=387%2C300 387w\" sizes=\"auto, (max-width: 600px) 100vw, 600px\" \/><\/p>\n<p>Nesta quarta-feira, o japon\u00eas protagonizou a cena com a qual ganhou notoriedade, o cumprimento de um mandado de pris\u00e3o. <\/p>\n<p>Condenado pelo crime de facilita\u00e7\u00e3o do contrabando, o japon\u00eas da Federal foi preso em Curitiba.<\/p>\n<p><img data-recalc-dims=\"1\" loading=\"lazy\" decoding=\"async\" data-attachment-id=\"1548\" data-permalink=\"http:\/\/blogdalucianaoliveira.com.br\/blog\/2016\/06\/08\/pela-centesima-vez-sartre-pobre-do-pais-que-precisa-de-herois\/image-333\/\" data-orig-file=\"https:\/\/i0.wp.com\/blogdalucianaoliveira.com.br\/blog\/wp-content\/uploads\/2016\/06\/image-28.jpeg?fit=494%2C594\" data-orig-size=\"494,594\" data-comments-opened=\"0\" data-image-meta=\"{&quot;aperture&quot;:&quot;0&quot;,&quot;credit&quot;:&quot;&quot;,&quot;camera&quot;:&quot;&quot;,&quot;caption&quot;:&quot;&quot;,&quot;created_timestamp&quot;:&quot;0&quot;,&quot;copyright&quot;:&quot;&quot;,&quot;focal_length&quot;:&quot;0&quot;,&quot;iso&quot;:&quot;0&quot;,&quot;shutter_speed&quot;:&quot;0&quot;,&quot;title&quot;:&quot;&quot;,&quot;orientation&quot;:&quot;0&quot;}\" data-image-title=\"image\" data-image-description=\"\" data-image-caption=\"\" data-medium-file=\"https:\/\/i0.wp.com\/blogdalucianaoliveira.com.br\/blog\/wp-content\/uploads\/2016\/06\/image-28.jpeg?fit=249%2C300\" data-large-file=\"https:\/\/i0.wp.com\/blogdalucianaoliveira.com.br\/blog\/wp-content\/uploads\/2016\/06\/image-28.jpeg?fit=494%2C594\" src=\"https:\/\/i0.wp.com\/blogdalucianaoliveira.com.br\/blog\/wp-content\/uploads\/2016\/06\/image-28.jpeg?resize=494%2C594\" alt=\"image\" width=\"494\" height=\"594\" class=\"alignnone size-full wp-image-1548\" srcset=\"https:\/\/i0.wp.com\/blogdalucianaoliveira.com.br\/blog\/wp-content\/uploads\/2016\/06\/image-28.jpeg?w=494 494w, https:\/\/i0.wp.com\/blogdalucianaoliveira.com.br\/blog\/wp-content\/uploads\/2016\/06\/image-28.jpeg?resize=249%2C300 249w\" sizes=\"auto, (max-width: 494px) 100vw, 494px\" \/><\/p>\n<p>A not\u00edcia provoca uma reflex\u00e3o: o brasileiro \u00e9 vulner\u00e1vel \u00e0 manipula\u00e7\u00e3o midi\u00e1tica a ponto de cair com frequ\u00eancia na esparrela de criar personalidades perfeitas, acima do bem e do mal, sem ter a mais remota no\u00e7\u00e3o de quem s\u00e3o e como vivem. <\/p>\n<p><img data-recalc-dims=\"1\" loading=\"lazy\" decoding=\"async\" data-attachment-id=\"1539\" data-permalink=\"http:\/\/blogdalucianaoliveira.com.br\/blog\/2016\/06\/08\/pela-centesima-vez-sartre-pobre-do-pais-que-precisa-de-herois\/image-330\/\" data-orig-file=\"https:\/\/i0.wp.com\/blogdalucianaoliveira.com.br\/blog\/wp-content\/uploads\/2016\/06\/image-25.jpeg?fit=496%2C461\" data-orig-size=\"496,461\" data-comments-opened=\"0\" data-image-meta=\"{&quot;aperture&quot;:&quot;0&quot;,&quot;credit&quot;:&quot;&quot;,&quot;camera&quot;:&quot;&quot;,&quot;caption&quot;:&quot;&quot;,&quot;created_timestamp&quot;:&quot;0&quot;,&quot;copyright&quot;:&quot;&quot;,&quot;focal_length&quot;:&quot;0&quot;,&quot;iso&quot;:&quot;0&quot;,&quot;shutter_speed&quot;:&quot;0&quot;,&quot;title&quot;:&quot;&quot;,&quot;orientation&quot;:&quot;1&quot;}\" data-image-title=\"image\" data-image-description=\"\" data-image-caption=\"\" data-medium-file=\"https:\/\/i0.wp.com\/blogdalucianaoliveira.com.br\/blog\/wp-content\/uploads\/2016\/06\/image-25.jpeg?fit=300%2C279\" data-large-file=\"https:\/\/i0.wp.com\/blogdalucianaoliveira.com.br\/blog\/wp-content\/uploads\/2016\/06\/image-25.jpeg?fit=496%2C461\" src=\"https:\/\/i0.wp.com\/blogdalucianaoliveira.com.br\/blog\/wp-content\/uploads\/2016\/06\/image-25.jpeg?resize=496%2C461\" alt=\"image\" width=\"496\" height=\"461\" class=\"alignnone size-full wp-image-1539\" srcset=\"https:\/\/i0.wp.com\/blogdalucianaoliveira.com.br\/blog\/wp-content\/uploads\/2016\/06\/image-25.jpeg?w=496 496w, https:\/\/i0.wp.com\/blogdalucianaoliveira.com.br\/blog\/wp-content\/uploads\/2016\/06\/image-25.jpeg?resize=300%2C279 300w, https:\/\/i0.wp.com\/blogdalucianaoliveira.com.br\/blog\/wp-content\/uploads\/2016\/06\/image-25.jpeg?resize=323%2C300 323w\" sizes=\"auto, (max-width: 496px) 100vw, 496px\" \/><\/p>\n<p>Se a grande m\u00eddia elogiar \u00e9 porque \u00e9 bom. Se disser que n\u00e3o presta, entoa em coro: crucifica-o!<\/p>\n<p>O imagin\u00e1rio de falsos her\u00f3is tem outros personagens como o japon\u00eas, descrito pelo jornalista Jos\u00e9 Maschio como &#8220;mais um her\u00f3i de a\u00e7\u00facar que desmancha no lodo&#8221;.<\/p>\n<p>O que dizer do juiz S\u00e9rgio Moro?<br \/>\nAs mais de 20 representa\u00e7\u00f5es no Conselho Nacional de Justi\u00e7a por exorbitar de suas fun\u00e7\u00f5es e cometer abusos, n\u00e3o inibem di\u00e1rias manifesta\u00e7\u00f5es de &#8216;apoio&#8217;, inclusive de membros do judici\u00e1rio.<\/p>\n<p>Pra muita gente, Moro \u00e9 um her\u00f3i.  <\/p>\n<p>Pra outro tanto de gente n\u00e3o, pois foi alvo de intensos protestos acusado de atuar por motiva\u00e7\u00e3o partid\u00e1ria e com ilegalidades, mas isso a grande m\u00eddia n\u00e3o mostrou. <\/p>\n<p>Os her\u00f3is imagin\u00e1rios que consumimos s\u00e3o indispens\u00e1veis ao jogo pol\u00edtico que envolve todos os poderes e a m\u00eddia que manipula o p\u00fablico, afinal, algu\u00e9m ter que fazer a Ola.<\/p>\n<p>E quanto a isso, Sartre sacramentou: &#8220;N\u00e3o h\u00e1 desculpas, somos c\u00f4nscios disto&#8221;.<\/p>\n<p>E viva a engana\u00e7\u00e3o, a auto-mentira! Afinal, &#8220;o inferno s\u00e3o os outros&#8221;.<\/p>\n<p>Suportemos a ang\u00fastia, a frustra\u00e7\u00e3o, pois que somos um povo que segue padr\u00f5es midi\u00e1ticos firmes feito catarro na parede.<\/p>\n<p>&#8220;Quando os caminhos tra\u00e7ados se tornam demasiado dif\u00edceis ou quando n\u00e3o vemos caminho algum, verificamos que n\u00e3o podemos continuar num mundo t\u00e3o urgente e t\u00e3o dif\u00edcil. Todas as vias s\u00e3o barradas, e, apesar disso, \u00e9 preciso agir.<br \/>\nTentamos, ent\u00e3o, mudar o mundo, isto \u00e9, tentamos viver como se as rela\u00e7\u00f5es entre as coisas e suas potencialidades n\u00e3o fossem governadas por processos deterministas, mas pela magia&#8221;. <\/p>\n","protected":false},"excerpt":{"rendered":"<p>O japon\u00eas da Federal dispensa apresenta\u00e7\u00f5es, pois motivou a produ\u00e7\u00e3o em escala industrial de m\u00e1scaras no carnaval deste ano, devido a alt\u00edssima popularidade que adquiriu cumprindo mandados de pris\u00e3o de corruptos. Falemos de n\u00f3s, da nossa voca\u00e7\u00e3o para ajoelhar e rezar diante de santos do pau oco.<\/p>\n","protected":false},"author":1,"featured_media":0,"comment_status":"closed","ping_status":"open","sticky":false,"template":"","format":"standard","meta":{"_exactmetrics_skip_tracking":false,"_exactmetrics_sitenote_active":false,"_exactmetrics_sitenote_note":"","_exactmetrics_sitenote_category":0,"jetpack_post_was_ever_published":false,"_jetpack_newsletter_access":"","_jetpack_dont_email_post_to_subs":false,"_jetpack_newsletter_tier_id":0,"_jetpack_memberships_contains_paywalled_content":false,"_jetpack_memberships_contains_paid_content":false,"footnotes":"","jetpack_publicize_message":"","jetpack_publicize_feature_enabled":true,"jetpack_social_post_already_shared":true,"jetpack_social_options":{"image_generator_settings":{"template":"highway","enabled":false},"version":2}},"categories":[1],"tags":[21,123,122,124],"class_list":["post-1534","post","type-post","status-publish","format-standard","hentry","category-notas","tag-corrupcao","tag-heroi","tag-japones-da-federal","tag-preso"],"jetpack_publicize_connections":[],"jetpack_sharing_enabled":true,"jetpack_featured_media_url":"","jetpack_shortlink":"https:\/\/wp.me\/p7wKYW-oK","jetpack-related-posts":[],"_links":{"self":[{"href":"http:\/\/blogdalucianaoliveira.com.br\/blog\/wp-json\/wp\/v2\/posts\/1534","targetHints":{"allow":["GET"]}}],"collection":[{"href":"http:\/\/blogdalucianaoliveira.com.br\/blog\/wp-json\/wp\/v2\/posts"}],"about":[{"href":"http:\/\/blogdalucianaoliveira.com.br\/blog\/wp-json\/wp\/v2\/types\/post"}],"author":[{"embeddable":true,"href":"http:\/\/blogdalucianaoliveira.com.br\/blog\/wp-json\/wp\/v2\/users\/1"}],"replies":[{"embeddable":true,"href":"http:\/\/blogdalucianaoliveira.com.br\/blog\/wp-json\/wp\/v2\/comments?post=1534"}],"version-history":[{"count":7,"href":"http:\/\/blogdalucianaoliveira.com.br\/blog\/wp-json\/wp\/v2\/posts\/1534\/revisions"}],"predecessor-version":[{"id":1549,"href":"http:\/\/blogdalucianaoliveira.com.br\/blog\/wp-json\/wp\/v2\/posts\/1534\/revisions\/1549"}],"wp:attachment":[{"href":"http:\/\/blogdalucianaoliveira.com.br\/blog\/wp-json\/wp\/v2\/media?parent=1534"}],"wp:term":[{"taxonomy":"category","embeddable":true,"href":"http:\/\/blogdalucianaoliveira.com.br\/blog\/wp-json\/wp\/v2\/categories?post=1534"},{"taxonomy":"post_tag","embeddable":true,"href":"http:\/\/blogdalucianaoliveira.com.br\/blog\/wp-json\/wp\/v2\/tags?post=1534"}],"curies":[{"name":"wp","href":"https:\/\/api.w.org\/{rel}","templated":true}]}}