{"id":1553,"date":"2016-06-08T16:17:31","date_gmt":"2016-06-08T20:17:31","guid":{"rendered":"http:\/\/blogdalucianaoliveira.com.br\/blog\/?p=1553"},"modified":"2016-06-08T16:17:31","modified_gmt":"2016-06-08T20:17:31","slug":"sera-que-ainda-precisa-desenhar-pra-rosa-entender-porque-dilma-sofreu-um-golpe","status":"publish","type":"post","link":"http:\/\/blogdalucianaoliveira.com.br\/blog\/2016\/06\/08\/sera-que-ainda-precisa-desenhar-pra-rosa-entender-porque-dilma-sofreu-um-golpe\/","title":{"rendered":"Ser\u00e1 que ainda precisa desenhar pra Rosa entender porque Dilma sofreu um golpe?"},"content":{"rendered":"<p><img data-recalc-dims=\"1\" loading=\"lazy\" decoding=\"async\" data-attachment-id=\"1554\" data-permalink=\"http:\/\/blogdalucianaoliveira.com.br\/blog\/2016\/06\/08\/sera-que-ainda-precisa-desenhar-pra-rosa-entender-porque-dilma-sofreu-um-golpe\/image-335\/\" data-orig-file=\"https:\/\/i0.wp.com\/blogdalucianaoliveira.com.br\/blog\/wp-content\/uploads\/2016\/06\/image-30.jpeg?fit=320%2C213\" data-orig-size=\"320,213\" data-comments-opened=\"0\" data-image-meta=\"{&quot;aperture&quot;:&quot;0&quot;,&quot;credit&quot;:&quot;&quot;,&quot;camera&quot;:&quot;&quot;,&quot;caption&quot;:&quot;&quot;,&quot;created_timestamp&quot;:&quot;0&quot;,&quot;copyright&quot;:&quot;&quot;,&quot;focal_length&quot;:&quot;0&quot;,&quot;iso&quot;:&quot;0&quot;,&quot;shutter_speed&quot;:&quot;0&quot;,&quot;title&quot;:&quot;&quot;,&quot;orientation&quot;:&quot;0&quot;}\" data-image-title=\"image\" data-image-description=\"\" data-image-caption=\"\" data-medium-file=\"https:\/\/i0.wp.com\/blogdalucianaoliveira.com.br\/blog\/wp-content\/uploads\/2016\/06\/image-30.jpeg?fit=300%2C200\" data-large-file=\"https:\/\/i0.wp.com\/blogdalucianaoliveira.com.br\/blog\/wp-content\/uploads\/2016\/06\/image-30.jpeg?fit=320%2C213\" src=\"https:\/\/i0.wp.com\/blogdalucianaoliveira.com.br\/blog\/wp-content\/uploads\/2016\/06\/image-30.jpeg?resize=320%2C213\" alt=\"image\" width=\"320\" height=\"213\" class=\"alignnone size-full wp-image-1554\" srcset=\"https:\/\/i0.wp.com\/blogdalucianaoliveira.com.br\/blog\/wp-content\/uploads\/2016\/06\/image-30.jpeg?w=320 320w, https:\/\/i0.wp.com\/blogdalucianaoliveira.com.br\/blog\/wp-content\/uploads\/2016\/06\/image-30.jpeg?resize=300%2C200 300w\" sizes=\"auto, (max-width: 320px) 100vw, 320px\" \/><\/p>\n<p>Lula venceria 1\u00ba turno em todos os cen\u00e1rios, diz CNT\/MDA<!--more--><\/p>\n<p>Do Portal Terra<\/p>\n<p>Pesquisa CNT\/MDA feita com 2.002 pessoas em 137 munic\u00edpios localizados de 25 unidades federativas mostra que o ex-presidente Luiz In\u00e1cio Lula da Silva seria o candidato mais votado em todos os cen\u00e1rios de primeiro turno para as elei\u00e7\u00f5es presidenciais de 2018.<\/p>\n<p>De acordo com o levantamento divulgado hoje (8), em um cen\u00e1rio em que o principal advers\u00e1rio fosse o tucano A\u00e9cio Neves, Lula teria 22% das inten\u00e7\u00f5es de votos, enquanto A\u00e9cio teria 15,9%, seguido de Marina Silva (14,8%), Ciro Gomes (6%), Jair Bolsonaro (5,8%) e Michel Temer (5,4%). Brancos e nulos totalizariam 21,2%, enquanto o total de indecisos, neste cen\u00e1rio, seria de 8,9% dos eleitores.<\/p>\n<p>Em um segundo cen\u00e1rio, no qual A\u00e9cio seria substitu\u00eddo pelo governador de S\u00e3o Paulo, Geraldo Alckmin, Lula teria 22,3% das inten\u00e7\u00f5es de votos, seguido por Marina Silva (16,6%) e Alckmin ficaria em terceiro com 9,6%. Na sequ\u00eancia, viriam Ciro Gomes (6,3%), Michel Temer (6,2%) e Jair Bolsonaro (6,2%). Brancos e nulos totalizariam, neste cen\u00e1rio, 24% dos eleitores, enquanto 8,8% dos entrevistados se declararam indecisos.<\/p>\n<p>De acordo com a pesquisa, Lula foi o candidato mais citado nas inten\u00e7\u00f5es de votos espont\u00e2neas, com 8,6%. Em segundo lugar, o candidato mais citado foi A\u00e9cio Neves (5,7%), seguido por Marina Silva (3,8%), Dilma Rousseff (2,3%), Michel Temer (2,1%), Jair Bolsonaro (2,1%), Ciro Gomes (1,2%), Geraldo Alckmin (0,6%), Joaquim Barbosa (0,6%) e Jos\u00e9 Serra (0,3%).<\/p>\n<p>Para o segundo turno, foram apresentados quatro cen\u00e1rios. Caso a disputa fosse entre Lula e A\u00e9cio, o tucano teria 34,3% das inten\u00e7\u00f5es de votos, enquanto o petista teria 29,9%. Brancos e nulos somariam 28,8% dos votos, enquanto 7% se declararam indecisos.<\/p>\n<p>Caso a disputa fosse entre A\u00e9cio Neves e Michel Temer, A\u00e9cio ganharia com 32,3% dos votos, ante os 15,8% das inten\u00e7\u00f5es de votos para Temer. O percentual de votos brancos e nulos, neste cen\u00e1rio, seria 42,2%. J\u00e1 os indecisos seriam 9,7%.<\/p>\n<p>Em um eventual confronto de segundo turno entre A\u00e9cio e Marina Silva, o tucano obteria 29,7% das inten\u00e7\u00f5es de votos, ante os 28% declarados para Marina. Brancos e nulos totalizariam 34,6% dos votos; os indecisos seriam 7,7%.<\/p>\n<p>O quarto cen\u00e1rio projetado pela CNT \u00e9 o de um confronto entre Lula e Temer. De acordo com a pesquisa, se esta fosse a configura\u00e7\u00e3o de um segundo turno, Lula teria 31,7% dos votos, enquanto Temer teria 27,3%. Brancos e nulos totalizariam 33,4% dos votos e indecisos seriam 7,6%.<\/p>\n<p>A margem de erro da pesquisa \u00e9 de 2,2 pontos percentuais com 95% de n\u00edvel de confian\u00e7a.<\/p>\n","protected":false},"excerpt":{"rendered":"<p>Lula venceria 1\u00ba turno em todos os cen\u00e1rios, diz CNT\/MDA<\/p>\n","protected":false},"author":1,"featured_media":0,"comment_status":"closed","ping_status":"open","sticky":false,"template":"","format":"standard","meta":{"_exactmetrics_skip_tracking":false,"_exactmetrics_sitenote_active":false,"_exactmetrics_sitenote_note":"","_exactmetrics_sitenote_category":0,"jetpack_post_was_ever_published":false,"_jetpack_newsletter_access":"","_jetpack_dont_email_post_to_subs":false,"_jetpack_newsletter_tier_id":0,"_jetpack_memberships_contains_paywalled_content":false,"_jetpack_memberships_contains_paid_content":false,"footnotes":"","jetpack_publicize_message":"","jetpack_publicize_feature_enabled":true,"jetpack_social_post_already_shared":true,"jetpack_social_options":{"image_generator_settings":{"template":"highway","enabled":false},"version":2}},"categories":[1],"tags":[],"class_list":["post-1553","post","type-post","status-publish","format-standard","hentry","category-notas"],"jetpack_publicize_connections":[],"jetpack_sharing_enabled":true,"jetpack_featured_media_url":"","jetpack_shortlink":"https:\/\/wp.me\/p7wKYW-p3","jetpack-related-posts":[],"_links":{"self":[{"href":"http:\/\/blogdalucianaoliveira.com.br\/blog\/wp-json\/wp\/v2\/posts\/1553","targetHints":{"allow":["GET"]}}],"collection":[{"href":"http:\/\/blogdalucianaoliveira.com.br\/blog\/wp-json\/wp\/v2\/posts"}],"about":[{"href":"http:\/\/blogdalucianaoliveira.com.br\/blog\/wp-json\/wp\/v2\/types\/post"}],"author":[{"embeddable":true,"href":"http:\/\/blogdalucianaoliveira.com.br\/blog\/wp-json\/wp\/v2\/users\/1"}],"replies":[{"embeddable":true,"href":"http:\/\/blogdalucianaoliveira.com.br\/blog\/wp-json\/wp\/v2\/comments?post=1553"}],"version-history":[{"count":1,"href":"http:\/\/blogdalucianaoliveira.com.br\/blog\/wp-json\/wp\/v2\/posts\/1553\/revisions"}],"predecessor-version":[{"id":1555,"href":"http:\/\/blogdalucianaoliveira.com.br\/blog\/wp-json\/wp\/v2\/posts\/1553\/revisions\/1555"}],"wp:attachment":[{"href":"http:\/\/blogdalucianaoliveira.com.br\/blog\/wp-json\/wp\/v2\/media?parent=1553"}],"wp:term":[{"taxonomy":"category","embeddable":true,"href":"http:\/\/blogdalucianaoliveira.com.br\/blog\/wp-json\/wp\/v2\/categories?post=1553"},{"taxonomy":"post_tag","embeddable":true,"href":"http:\/\/blogdalucianaoliveira.com.br\/blog\/wp-json\/wp\/v2\/tags?post=1553"}],"curies":[{"name":"wp","href":"https:\/\/api.w.org\/{rel}","templated":true}]}}