{"id":15561,"date":"2017-12-13T11:34:10","date_gmt":"2017-12-13T15:34:10","guid":{"rendered":"http:\/\/blogdalucianaoliveira.com.br\/blog\/?p=15561"},"modified":"2017-12-13T11:35:48","modified_gmt":"2017-12-13T15:35:48","slug":"estao-sacrificando-vida-pelo-povo-diz-presidente-da-cnbb-no-8o-dia-da-greve-de-fome","status":"publish","type":"post","link":"http:\/\/blogdalucianaoliveira.com.br\/blog\/2017\/12\/13\/estao-sacrificando-vida-pelo-povo-diz-presidente-da-cnbb-no-8o-dia-da-greve-de-fome\/","title":{"rendered":"Est\u00e3o sacrificando vida pelo povo, diz presidente da CNBB no 8\u00ba dia da greve de fome"},"content":{"rendered":"<p><img data-recalc-dims=\"1\" loading=\"lazy\" decoding=\"async\" data-attachment-id=\"15563\" data-permalink=\"http:\/\/blogdalucianaoliveira.com.br\/blog\/2017\/12\/13\/estao-sacrificando-vida-pelo-povo-diz-presidente-da-cnbb-no-8o-dia-da-greve-de-fome\/fome1\/\" data-orig-file=\"https:\/\/i0.wp.com\/blogdalucianaoliveira.com.br\/blog\/wp-content\/uploads\/2017\/12\/fome1.jpg?fit=640%2C426\" data-orig-size=\"640,426\" data-comments-opened=\"0\" data-image-meta=\"{&quot;aperture&quot;:&quot;0&quot;,&quot;credit&quot;:&quot;&quot;,&quot;camera&quot;:&quot;&quot;,&quot;caption&quot;:&quot;&quot;,&quot;created_timestamp&quot;:&quot;0&quot;,&quot;copyright&quot;:&quot;&quot;,&quot;focal_length&quot;:&quot;0&quot;,&quot;iso&quot;:&quot;0&quot;,&quot;shutter_speed&quot;:&quot;0&quot;,&quot;title&quot;:&quot;&quot;,&quot;orientation&quot;:&quot;0&quot;}\" data-image-title=\"fome1\" data-image-description=\"\" data-image-caption=\"\" data-medium-file=\"https:\/\/i0.wp.com\/blogdalucianaoliveira.com.br\/blog\/wp-content\/uploads\/2017\/12\/fome1.jpg?fit=300%2C200\" data-large-file=\"https:\/\/i0.wp.com\/blogdalucianaoliveira.com.br\/blog\/wp-content\/uploads\/2017\/12\/fome1.jpg?fit=600%2C399\" src=\"https:\/\/i0.wp.com\/blogdalucianaoliveira.com.br\/blog\/wp-content\/uploads\/2017\/12\/fome1.jpg?resize=600%2C399\" alt=\"fome1\" width=\"600\" height=\"399\" class=\"alignnone size-full wp-image-15563\" srcset=\"https:\/\/i0.wp.com\/blogdalucianaoliveira.com.br\/blog\/wp-content\/uploads\/2017\/12\/fome1.jpg?w=640 640w, https:\/\/i0.wp.com\/blogdalucianaoliveira.com.br\/blog\/wp-content\/uploads\/2017\/12\/fome1.jpg?resize=300%2C200 300w, https:\/\/i0.wp.com\/blogdalucianaoliveira.com.br\/blog\/wp-content\/uploads\/2017\/12\/fome1.jpg?resize=451%2C300 451w\" sizes=\"auto, (max-width: 600px) 100vw, 600px\" \/><\/p>\n<p>Militantes tiveram apoio de Dom Sergio e da deputada Erundina; iniciativas semelhantes de protesto se espalham pelo pa\u00eds<!--more--><\/p>\n<p>Cristiane Sampaio<br \/>\nBrasil de Fato | Bras\u00edlia (DF)<\/p>\n<p>Os sete militantes que fazem greve de fome em Bras\u00edlia contra a reforma da Previd\u00eancia entraram no oitavo dia de protesto nesta ter\u00e7a-feira (12). Eles est\u00e3o se mantendo \u00e0 base de soro e \u00e1gua e continuam recebendo apoio pol\u00edtico, tanto de parlamentares quanto de outros segmentos da sociedade.<\/p>\n<p>O presidente da Confer\u00eancia Nacional dos Bispos do Brasil (CNBB), Dom Sergio da Rocha, esteve na C\u00e2mara Federal nesta ter\u00e7a para prestar solidariedade aos militantes.<\/p>\n<p>&#8220;Manifesta\u00e7\u00f5es pac\u00edficas na busca da justi\u00e7a e da paz s\u00e3o muito importantes. A pr\u00f3pria CNBB tem valorizado os gestos e mobiliza\u00e7\u00f5es da popula\u00e7\u00e3o brasileira. \u00c9 claro que n\u00f3s queremos a vida desses irm\u00e3os que est\u00e3o em greve de fome, mas eles est\u00e3o oferecendo esse sacrif\u00edcio pra que o nosso povo \u2014 sobretudo os mais pobres, os mais fragilizados \u2014 tenha vida, tenha os seus direitos&#8221;, disse o religioso.<\/p>\n<p>Tamb\u00e9m nesta ter\u00e7a (12), os grevistas receberam o apoio de atores do Grupo de Teatro Pol\u00edtico e V\u00eddeo Popular de Bras\u00edlia, que fizeram uma interven\u00e7\u00e3o art\u00edstica na C\u00e2mara contra a reforma.<\/p>\n<p>Quatro dos grevistas s\u00e3o do Movimento dos Pequenos Agricultores (MPA) e duas s\u00e3o do Movimento de Mulheres Camponesas (MMC). A maior preocupa\u00e7\u00e3o do grupo, que iniciou a greve de fome na ter\u00e7a-feira (5), \u00e9 o impacto que a reforma pode ter na vida dos trabalhadores rurais. Segundo proje\u00e7\u00f5es dos movimentos populares, mais de 70% do segmento pode ficar de fora da cobertura previdenci\u00e1ria caso o texto seja aprovado.<\/p>\n<p>A deputada Luiza Erundina (Psol-SP) foi uma das pessoas que estiveram junto ao grupo nesta ter\u00e7a para demonstrar apoio. Filha de camponeses sem terra, ela destacou que o protesto dos grevistas \u00e9 uma atitude de solidariedade ao conjunto da popula\u00e7\u00e3o. <\/p>\n<p>&#8220;Esse gesto de coragem, sem d\u00favida nenhuma, representa uma contribui\u00e7\u00e3o inestim\u00e1vel pra formar a consci\u00eancia de quem n\u00e3o est\u00e1 aqui. Isso exerce press\u00e3o sobre os parlamentares, sobretudo aqueles que ainda n\u00e3o se definiram&#8221;, completou.<\/p>\n<p>A iniciativa dos grevistas contagiou outras pessoas pelo pa\u00eds. Nesta quarta-feira (13), mais dez trabalhadores urbanos e camponeses do Rio Grande do Sul dar\u00e3o in\u00edcio a um jejum contra a reforma da Previd\u00eancia. O estado j\u00e1 tem outros quatro manifestantes em greve de fome. Em Sergipe, tamb\u00e9m h\u00e1 quatro grevistas.<\/p>\n<p>Bruno Pilon, dirigente do MPA e um dos porta-vozes dos grevistas de Bras\u00edlia, disse ao Brasil de Fato que a ades\u00e3o de outros manifestantes demonstra que a luta contra a reforma se trata de uma a\u00e7\u00e3o conjunta. <\/p>\n<p>&#8220;A gente n\u00e3o pode dizer que est\u00e1 contente com isso porque a gente n\u00e3o gostaria de estar fazendo isso. Num momento normal, a gente gostaria de estar estudando, debatendo agroecologia, organizando a produ\u00e7\u00e3o, mas, pra proteger uma conquista nossa, temos que fazer com que bravos companheiros e companheiras coloquem sua vida em jogo&#8221;, declarou. <\/p>\n<p>O presidente da C\u00e2mara dos deputados, Rodrigo Maia (DEM-RJ), tamb\u00e9m esteve no local onde est\u00e3o os manifestantes. Ele ressaltou o apoio \u00e0 reforma, mas n\u00e3o especificou se vai colocar o texto em vota\u00e7\u00e3o no plen\u00e1rio. A mat\u00e9ria tramita na Casa desde o ano passado. <\/p>\n<p>Edi\u00e7\u00e3o: Vanessa Martina Silva<\/p>\n","protected":false},"excerpt":{"rendered":"<p>Militantes tiveram apoio de Dom Sergio e da deputada Erundina; iniciativas semelhantes de protesto se espalham pelo pa\u00eds<\/p>\n","protected":false},"author":1,"featured_media":15563,"comment_status":"closed","ping_status":"open","sticky":false,"template":"","format":"standard","meta":{"_exactmetrics_skip_tracking":false,"_exactmetrics_sitenote_active":false,"_exactmetrics_sitenote_note":"","_exactmetrics_sitenote_category":0,"jetpack_post_was_ever_published":false,"_jetpack_newsletter_access":"","_jetpack_dont_email_post_to_subs":false,"_jetpack_newsletter_tier_id":0,"_jetpack_memberships_contains_paywalled_content":false,"_jetpack_memberships_contains_paid_content":false,"footnotes":"","jetpack_publicize_message":"","jetpack_publicize_feature_enabled":true,"jetpack_social_post_already_shared":true,"jetpack_social_options":{"image_generator_settings":{"template":"highway","enabled":false},"version":2}},"categories":[1],"tags":[],"class_list":["post-15561","post","type-post","status-publish","format-standard","has-post-thumbnail","hentry","category-notas"],"jetpack_publicize_connections":[],"jetpack_sharing_enabled":true,"jetpack_featured_media_url":"https:\/\/i0.wp.com\/blogdalucianaoliveira.com.br\/blog\/wp-content\/uploads\/2017\/12\/fome1.jpg?fit=640%2C426","jetpack_shortlink":"https:\/\/wp.me\/p7wKYW-42Z","jetpack-related-posts":[],"_links":{"self":[{"href":"http:\/\/blogdalucianaoliveira.com.br\/blog\/wp-json\/wp\/v2\/posts\/15561","targetHints":{"allow":["GET"]}}],"collection":[{"href":"http:\/\/blogdalucianaoliveira.com.br\/blog\/wp-json\/wp\/v2\/posts"}],"about":[{"href":"http:\/\/blogdalucianaoliveira.com.br\/blog\/wp-json\/wp\/v2\/types\/post"}],"author":[{"embeddable":true,"href":"http:\/\/blogdalucianaoliveira.com.br\/blog\/wp-json\/wp\/v2\/users\/1"}],"replies":[{"embeddable":true,"href":"http:\/\/blogdalucianaoliveira.com.br\/blog\/wp-json\/wp\/v2\/comments?post=15561"}],"version-history":[{"count":2,"href":"http:\/\/blogdalucianaoliveira.com.br\/blog\/wp-json\/wp\/v2\/posts\/15561\/revisions"}],"predecessor-version":[{"id":15564,"href":"http:\/\/blogdalucianaoliveira.com.br\/blog\/wp-json\/wp\/v2\/posts\/15561\/revisions\/15564"}],"wp:featuredmedia":[{"embeddable":true,"href":"http:\/\/blogdalucianaoliveira.com.br\/blog\/wp-json\/wp\/v2\/media\/15563"}],"wp:attachment":[{"href":"http:\/\/blogdalucianaoliveira.com.br\/blog\/wp-json\/wp\/v2\/media?parent=15561"}],"wp:term":[{"taxonomy":"category","embeddable":true,"href":"http:\/\/blogdalucianaoliveira.com.br\/blog\/wp-json\/wp\/v2\/categories?post=15561"},{"taxonomy":"post_tag","embeddable":true,"href":"http:\/\/blogdalucianaoliveira.com.br\/blog\/wp-json\/wp\/v2\/tags?post=15561"}],"curies":[{"name":"wp","href":"https:\/\/api.w.org\/{rel}","templated":true}]}}