{"id":15596,"date":"2017-12-14T16:26:02","date_gmt":"2017-12-14T20:26:02","guid":{"rendered":"http:\/\/blogdalucianaoliveira.com.br\/blog\/?p=15596"},"modified":"2017-12-14T16:27:28","modified_gmt":"2017-12-14T20:27:28","slug":"oab-ro-deve-resposta-a-advogada-chamada-de-vagabunda","status":"publish","type":"post","link":"http:\/\/blogdalucianaoliveira.com.br\/blog\/2017\/12\/14\/oab-ro-deve-resposta-a-advogada-chamada-de-vagabunda\/","title":{"rendered":"OAB-RO DEVE RESPOSTA \u00c0 ADVOGADA CHAMADA DE \u2018VAGABUNDA\u2019"},"content":{"rendered":"<p><img data-recalc-dims=\"1\" loading=\"lazy\" decoding=\"async\" data-attachment-id=\"15597\" data-permalink=\"http:\/\/blogdalucianaoliveira.com.br\/blog\/2017\/12\/14\/oab-ro-deve-resposta-a-advogada-chamada-de-vagabunda\/unir\/\" data-orig-file=\"https:\/\/i0.wp.com\/blogdalucianaoliveira.com.br\/blog\/wp-content\/uploads\/2017\/12\/unir.jpeg?fit=600%2C297\" data-orig-size=\"600,297\" data-comments-opened=\"0\" data-image-meta=\"{&quot;aperture&quot;:&quot;0&quot;,&quot;credit&quot;:&quot;&quot;,&quot;camera&quot;:&quot;&quot;,&quot;caption&quot;:&quot;&quot;,&quot;created_timestamp&quot;:&quot;0&quot;,&quot;copyright&quot;:&quot;&quot;,&quot;focal_length&quot;:&quot;0&quot;,&quot;iso&quot;:&quot;0&quot;,&quot;shutter_speed&quot;:&quot;0&quot;,&quot;title&quot;:&quot;&quot;,&quot;orientation&quot;:&quot;0&quot;}\" data-image-title=\"unir\" data-image-description=\"\" data-image-caption=\"\" data-medium-file=\"https:\/\/i0.wp.com\/blogdalucianaoliveira.com.br\/blog\/wp-content\/uploads\/2017\/12\/unir.jpeg?fit=300%2C149\" data-large-file=\"https:\/\/i0.wp.com\/blogdalucianaoliveira.com.br\/blog\/wp-content\/uploads\/2017\/12\/unir.jpeg?fit=600%2C297\" src=\"https:\/\/i0.wp.com\/blogdalucianaoliveira.com.br\/blog\/wp-content\/uploads\/2017\/12\/unir.jpeg?resize=600%2C297\" alt=\"unir\" width=\"600\" height=\"297\" class=\"alignnone size-full wp-image-15597\" srcset=\"https:\/\/i0.wp.com\/blogdalucianaoliveira.com.br\/blog\/wp-content\/uploads\/2017\/12\/unir.jpeg?w=600 600w, https:\/\/i0.wp.com\/blogdalucianaoliveira.com.br\/blog\/wp-content\/uploads\/2017\/12\/unir.jpeg?resize=300%2C149 300w\" sizes=\"auto, (max-width: 600px) 100vw, 600px\" \/><\/p>\n<p>Tem mais de um ano que o advogado e professor universit\u00e1rio, Samuel Milet, praticou ofensas graves contra a palestrante da Universidade de Bras\u00edlia (UnB) Sinara Gumiere.<\/p>\n<p>Em \u00e1udio que ganhou repercuss\u00e3o nacional na imprensa, o professor desqualificou com palavras indignas ao exerc\u00edcio doc\u00eancia e advocacia a palestra da doutoranda em Direito que tinha como tema: Por Que \u00c9 Preciso Falar De G\u00eanero No Direito?<!--more--><\/p>\n<p><iframe loading=\"lazy\" title=\"Audio do professor Samuel Milet by midia-ninja\" width=\"600\" height=\"400\" scrolling=\"no\" frameborder=\"no\" src=\"https:\/\/w.soundcloud.com\/player\/?visual=true&#038;url=https%3A%2F%2Fapi.soundcloud.com%2Ftracks%2F289725804&#038;show_artwork=true&#038;maxheight=900&#038;maxwidth=600\"><\/iframe><\/p>\n<p>O professor n\u00e3o usou s\u00f3 termos chulos para emitir sua opini\u00e3o sobre a diversidade de g\u00eanero e aborto, mas atacou diretamente a honra da palestrante ao xing\u00e1-la, dentre outros adjetivos pejorativos, de &#8216;vagabunda&#8217; e &#8216;bostinha&#8217;, <\/p>\n<p>Houve protestos no meio acad\u00eamico, notas de rep\u00fadio de diversos \u00f3rg\u00e3os e entidades como a OAB-RO circularam nos ve\u00edculos de comunica\u00e7\u00e3o e o Minist\u00e9rio P\u00fablico Federal encaminhou recomenda\u00e7\u00f5es \u00e0 Universidade Federal de Rond\u00f4nia \u2013 UNIR. <\/p>\n<p><iframe loading=\"lazy\" src=\"https:\/\/www.facebook.com\/plugins\/video.php?href=https%3A%2F%2Fwww.facebook.com%2Fjustificando%2Fvideos%2F1181061091985727%2F&#038;show_text=0&#038;width=560\" width=\"560\" height=\"315\" style=\"border:none;overflow:hidden\" scrolling=\"no\" frameborder=\"0\" allowTransparency=\"true\" allowFullScreen=\"true\"><\/iframe><\/p>\n<p>Milet foi submetido a Processo Administrativo Disciplinar que culminou em seu afastamento por 90 dias, mas a recomenda\u00e7\u00e3o para que a UNIR promovesse debates sobre a quest\u00e3o da misoginia, homofobia e limites da liberdade express\u00e3o com os docentes n\u00e3o foi atendida. <\/p>\n<p>Em documento enviado ao MPF, a reitoria alegou que \u201cdo ponto de vista te\u00f3rico a manifesta\u00e7\u00e3o do \u2018discurso de \u00f3dio\u2019 n\u00e3o \u00e9 primazia da UNIR, nem do Brasil\u201d e que caso promovesse os debates, n\u00e3o haveria como obrigar a comunidade acad\u00eamica \u00e0 participa\u00e7\u00e3o.<\/p>\n<p><img data-recalc-dims=\"1\" loading=\"lazy\" decoding=\"async\" data-attachment-id=\"15600\" data-permalink=\"http:\/\/blogdalucianaoliveira.com.br\/blog\/2017\/12\/14\/oab-ro-deve-resposta-a-advogada-chamada-de-vagabunda\/bf6b4446-153a-40fb-b3bf-f651dd6dc089\/\" data-orig-file=\"https:\/\/i0.wp.com\/blogdalucianaoliveira.com.br\/blog\/wp-content\/uploads\/2017\/12\/BF6B4446-153A-40FB-B3BF-F651DD6DC089.jpeg?fit=751%2C410\" data-orig-size=\"751,410\" data-comments-opened=\"0\" data-image-meta=\"{&quot;aperture&quot;:&quot;0&quot;,&quot;credit&quot;:&quot;&quot;,&quot;camera&quot;:&quot;&quot;,&quot;caption&quot;:&quot;&quot;,&quot;created_timestamp&quot;:&quot;0&quot;,&quot;copyright&quot;:&quot;&quot;,&quot;focal_length&quot;:&quot;0&quot;,&quot;iso&quot;:&quot;0&quot;,&quot;shutter_speed&quot;:&quot;0&quot;,&quot;title&quot;:&quot;&quot;,&quot;orientation&quot;:&quot;0&quot;}\" data-image-title=\"BF6B4446-153A-40FB-B3BF-F651DD6DC089\" data-image-description=\"\" data-image-caption=\"\" data-medium-file=\"https:\/\/i0.wp.com\/blogdalucianaoliveira.com.br\/blog\/wp-content\/uploads\/2017\/12\/BF6B4446-153A-40FB-B3BF-F651DD6DC089.jpeg?fit=300%2C164\" data-large-file=\"https:\/\/i0.wp.com\/blogdalucianaoliveira.com.br\/blog\/wp-content\/uploads\/2017\/12\/BF6B4446-153A-40FB-B3BF-F651DD6DC089.jpeg?fit=600%2C328\" src=\"https:\/\/i0.wp.com\/blogdalucianaoliveira.com.br\/blog\/wp-content\/uploads\/2017\/12\/BF6B4446-153A-40FB-B3BF-F651DD6DC089.jpeg?resize=600%2C328\" alt=\"BF6B4446-153A-40FB-B3BF-F651DD6DC089\" width=\"600\" height=\"328\" class=\"alignnone size-full wp-image-15600\" srcset=\"https:\/\/i0.wp.com\/blogdalucianaoliveira.com.br\/blog\/wp-content\/uploads\/2017\/12\/BF6B4446-153A-40FB-B3BF-F651DD6DC089.jpeg?w=751 751w, https:\/\/i0.wp.com\/blogdalucianaoliveira.com.br\/blog\/wp-content\/uploads\/2017\/12\/BF6B4446-153A-40FB-B3BF-F651DD6DC089.jpeg?resize=300%2C164 300w, https:\/\/i0.wp.com\/blogdalucianaoliveira.com.br\/blog\/wp-content\/uploads\/2017\/12\/BF6B4446-153A-40FB-B3BF-F651DD6DC089.jpeg?resize=550%2C300 550w\" sizes=\"auto, (max-width: 600px) 100vw, 600px\" \/><\/p>\n<p><img data-recalc-dims=\"1\" loading=\"lazy\" decoding=\"async\" data-attachment-id=\"15601\" data-permalink=\"http:\/\/blogdalucianaoliveira.com.br\/blog\/2017\/12\/14\/oab-ro-deve-resposta-a-advogada-chamada-de-vagabunda\/bbc739ad-8e04-4bf8-96f8-43721ee57ace\/\" data-orig-file=\"https:\/\/i0.wp.com\/blogdalucianaoliveira.com.br\/blog\/wp-content\/uploads\/2017\/12\/BBC739AD-8E04-4BF8-96F8-43721EE57ACE.jpeg?fit=774%2C313\" data-orig-size=\"774,313\" data-comments-opened=\"0\" data-image-meta=\"{&quot;aperture&quot;:&quot;0&quot;,&quot;credit&quot;:&quot;&quot;,&quot;camera&quot;:&quot;&quot;,&quot;caption&quot;:&quot;&quot;,&quot;created_timestamp&quot;:&quot;0&quot;,&quot;copyright&quot;:&quot;&quot;,&quot;focal_length&quot;:&quot;0&quot;,&quot;iso&quot;:&quot;0&quot;,&quot;shutter_speed&quot;:&quot;0&quot;,&quot;title&quot;:&quot;&quot;,&quot;orientation&quot;:&quot;0&quot;}\" data-image-title=\"BBC739AD-8E04-4BF8-96F8-43721EE57ACE\" data-image-description=\"\" data-image-caption=\"\" data-medium-file=\"https:\/\/i0.wp.com\/blogdalucianaoliveira.com.br\/blog\/wp-content\/uploads\/2017\/12\/BBC739AD-8E04-4BF8-96F8-43721EE57ACE.jpeg?fit=300%2C121\" data-large-file=\"https:\/\/i0.wp.com\/blogdalucianaoliveira.com.br\/blog\/wp-content\/uploads\/2017\/12\/BBC739AD-8E04-4BF8-96F8-43721EE57ACE.jpeg?fit=600%2C243\" src=\"https:\/\/i0.wp.com\/blogdalucianaoliveira.com.br\/blog\/wp-content\/uploads\/2017\/12\/BBC739AD-8E04-4BF8-96F8-43721EE57ACE.jpeg?resize=600%2C243\" alt=\"BBC739AD-8E04-4BF8-96F8-43721EE57ACE\" width=\"600\" height=\"243\" class=\"alignnone size-full wp-image-15601\" srcset=\"https:\/\/i0.wp.com\/blogdalucianaoliveira.com.br\/blog\/wp-content\/uploads\/2017\/12\/BBC739AD-8E04-4BF8-96F8-43721EE57ACE.jpeg?w=774 774w, https:\/\/i0.wp.com\/blogdalucianaoliveira.com.br\/blog\/wp-content\/uploads\/2017\/12\/BBC739AD-8E04-4BF8-96F8-43721EE57ACE.jpeg?resize=300%2C121 300w, https:\/\/i0.wp.com\/blogdalucianaoliveira.com.br\/blog\/wp-content\/uploads\/2017\/12\/BBC739AD-8E04-4BF8-96F8-43721EE57ACE.jpeg?resize=768%2C311 768w, https:\/\/i0.wp.com\/blogdalucianaoliveira.com.br\/blog\/wp-content\/uploads\/2017\/12\/BBC739AD-8E04-4BF8-96F8-43721EE57ACE.jpeg?resize=742%2C300 742w\" sizes=\"auto, (max-width: 600px) 100vw, 600px\" \/><\/p>\n<p>Ao recusar a recomenda\u00e7\u00e3o dos debates, independentemente de quantos participariam, a UNIR deixou de reafirmar seu compromisso com a promo\u00e7\u00e3o da igualdade. <\/p>\n<p>De igual gravidade \u00e9 a lentid\u00e3o da Seccional da OAB-RO com o processo 22.000.2016.0024601, uma vez que a relatora opinou pelo prosseguimento da representa\u00e7\u00e3o por vislumbrar \u201cque o ato do representado violou os preceitos do C\u00f3digo de \u00c9tica e Disciplina\u201d.<\/p>\n<p>Em 09 de agosto deste ano foi realizada uma audi\u00eancia a pedido das Comiss\u00f5es da Diversidade e da Mulher Advogada, onde foi negada a suspens\u00e3o liminar de Milet e tamb\u00e9m as preliminares por ele arguidas. <\/p>\n<p>De l\u00e1 pra c\u00e1, o processo n\u00e3o andou no Tribunal de \u00c9tica e Disciplina.<\/p>\n","protected":false},"excerpt":{"rendered":"<p>Tem mais de um ano que o advogado e professor universit\u00e1rio, Samuel Milet, praticou ofensas graves contra a palestrante da Universidade de Bras\u00edlia (UnB) Sinara Gumiere. Em \u00e1udio que ganhou repercuss\u00e3o nacional na imprensa, o professor desqualificou com palavras indignas ao exerc\u00edcio doc\u00eancia e advocacia a palestra da doutoranda em Direito que tinha como tema:&#8230;<a class=\"more-link\" href=\"http:\/\/blogdalucianaoliveira.com.br\/blog\/2017\/12\/14\/oab-ro-deve-resposta-a-advogada-chamada-de-vagabunda\/\">Continue a leitura <span class=\"meta-nav\">&raquo;<\/span><\/a><\/p>\n","protected":false},"author":1,"featured_media":0,"comment_status":"closed","ping_status":"open","sticky":false,"template":"","format":"standard","meta":{"_exactmetrics_skip_tracking":false,"_exactmetrics_sitenote_active":false,"_exactmetrics_sitenote_note":"","_exactmetrics_sitenote_category":0,"jetpack_post_was_ever_published":false,"_jetpack_newsletter_access":"","_jetpack_dont_email_post_to_subs":false,"_jetpack_newsletter_tier_id":0,"_jetpack_memberships_contains_paywalled_content":false,"_jetpack_memberships_contains_paid_content":false,"footnotes":"","jetpack_publicize_message":"","jetpack_publicize_feature_enabled":true,"jetpack_social_post_already_shared":true,"jetpack_social_options":{"image_generator_settings":{"template":"highway","enabled":false},"version":2}},"categories":[1],"tags":[],"class_list":["post-15596","post","type-post","status-publish","format-standard","hentry","category-notas"],"jetpack_publicize_connections":[],"jetpack_sharing_enabled":true,"jetpack_featured_media_url":"","jetpack_shortlink":"https:\/\/wp.me\/p7wKYW-43y","jetpack-related-posts":[],"_links":{"self":[{"href":"http:\/\/blogdalucianaoliveira.com.br\/blog\/wp-json\/wp\/v2\/posts\/15596","targetHints":{"allow":["GET"]}}],"collection":[{"href":"http:\/\/blogdalucianaoliveira.com.br\/blog\/wp-json\/wp\/v2\/posts"}],"about":[{"href":"http:\/\/blogdalucianaoliveira.com.br\/blog\/wp-json\/wp\/v2\/types\/post"}],"author":[{"embeddable":true,"href":"http:\/\/blogdalucianaoliveira.com.br\/blog\/wp-json\/wp\/v2\/users\/1"}],"replies":[{"embeddable":true,"href":"http:\/\/blogdalucianaoliveira.com.br\/blog\/wp-json\/wp\/v2\/comments?post=15596"}],"version-history":[{"count":3,"href":"http:\/\/blogdalucianaoliveira.com.br\/blog\/wp-json\/wp\/v2\/posts\/15596\/revisions"}],"predecessor-version":[{"id":15602,"href":"http:\/\/blogdalucianaoliveira.com.br\/blog\/wp-json\/wp\/v2\/posts\/15596\/revisions\/15602"}],"wp:attachment":[{"href":"http:\/\/blogdalucianaoliveira.com.br\/blog\/wp-json\/wp\/v2\/media?parent=15596"}],"wp:term":[{"taxonomy":"category","embeddable":true,"href":"http:\/\/blogdalucianaoliveira.com.br\/blog\/wp-json\/wp\/v2\/categories?post=15596"},{"taxonomy":"post_tag","embeddable":true,"href":"http:\/\/blogdalucianaoliveira.com.br\/blog\/wp-json\/wp\/v2\/tags?post=15596"}],"curies":[{"name":"wp","href":"https:\/\/api.w.org\/{rel}","templated":true}]}}