{"id":15603,"date":"2017-12-14T20:09:06","date_gmt":"2017-12-15T00:09:06","guid":{"rendered":"http:\/\/blogdalucianaoliveira.com.br\/blog\/?p=15603"},"modified":"2017-12-14T20:09:06","modified_gmt":"2017-12-15T00:09:06","slug":"stf-conclui-julgamento-de-recurso-de-ivo-cassol-primeiro-senador-condenado","status":"publish","type":"post","link":"http:\/\/blogdalucianaoliveira.com.br\/blog\/2017\/12\/14\/stf-conclui-julgamento-de-recurso-de-ivo-cassol-primeiro-senador-condenado\/","title":{"rendered":"STF conclui julgamento de recurso de Ivo Cassol, primeiro senador condenado"},"content":{"rendered":"<p><img data-recalc-dims=\"1\" loading=\"lazy\" decoding=\"async\" data-attachment-id=\"15604\" data-permalink=\"http:\/\/blogdalucianaoliveira.com.br\/blog\/2017\/12\/14\/stf-conclui-julgamento-de-recurso-de-ivo-cassol-primeiro-senador-condenado\/s-2\/\" data-orig-file=\"https:\/\/i0.wp.com\/blogdalucianaoliveira.com.br\/blog\/wp-content\/uploads\/2017\/12\/S.jpg?fit=550%2C364\" data-orig-size=\"550,364\" data-comments-opened=\"0\" data-image-meta=\"{&quot;aperture&quot;:&quot;0&quot;,&quot;credit&quot;:&quot;&quot;,&quot;camera&quot;:&quot;&quot;,&quot;caption&quot;:&quot;&quot;,&quot;created_timestamp&quot;:&quot;0&quot;,&quot;copyright&quot;:&quot;&quot;,&quot;focal_length&quot;:&quot;0&quot;,&quot;iso&quot;:&quot;0&quot;,&quot;shutter_speed&quot;:&quot;0&quot;,&quot;title&quot;:&quot;&quot;,&quot;orientation&quot;:&quot;1&quot;}\" data-image-title=\"S\" data-image-description=\"\" data-image-caption=\"\" data-medium-file=\"https:\/\/i0.wp.com\/blogdalucianaoliveira.com.br\/blog\/wp-content\/uploads\/2017\/12\/S.jpg?fit=300%2C199\" data-large-file=\"https:\/\/i0.wp.com\/blogdalucianaoliveira.com.br\/blog\/wp-content\/uploads\/2017\/12\/S.jpg?fit=550%2C364\" src=\"https:\/\/i0.wp.com\/blogdalucianaoliveira.com.br\/blog\/wp-content\/uploads\/2017\/12\/S.jpg?resize=550%2C364\" alt=\"S\" width=\"550\" height=\"364\" class=\"alignnone size-full wp-image-15604\" srcset=\"https:\/\/i0.wp.com\/blogdalucianaoliveira.com.br\/blog\/wp-content\/uploads\/2017\/12\/S.jpg?w=550 550w, https:\/\/i0.wp.com\/blogdalucianaoliveira.com.br\/blog\/wp-content\/uploads\/2017\/12\/S.jpg?resize=300%2C199 300w, https:\/\/i0.wp.com\/blogdalucianaoliveira.com.br\/blog\/wp-content\/uploads\/2017\/12\/S.jpg?resize=453%2C300 453w\" sizes=\"auto, (max-width: 550px) 100vw, 550px\" \/><\/p>\n<p>Prevaleceu tese divergente mais favor\u00e1vel ao parlamentar, reduzindo sua pena de pris\u00e3o e, com isso, substituindo-a por servi\u00e7os \u00e0 comunidade<!--more--><\/p>\n<p>No Migalhas &#8211; O plen\u00e1rio do STF conclui nesta quinta-feira, 14, o julgamento de tr\u00eas embargos na AP 565, que tem como r\u00e9u o senador Ivo Cassol. Ele foi condenado pela Corte em agosto de 2013, mas at\u00e9 hoje n\u00e3o cumpriu a pena. Com a decis\u00e3o, a pena de Cassol e outros dois condenados foi reduzida para 4 anos de deten\u00e7\u00e3o e pagamento de multa, permitindo, com isso, a substitui\u00e7\u00e3o da pena privativa de liberdade pela restritiva de direitos com presta\u00e7\u00e3o de servi\u00e7os \u00e0 comunidade.<\/p>\n<p>Ivo Cassol foi o primeiro senador condenado pelo Supremo desde a vig\u00eancia da CF, \u00e0 unanimidade, pelo crime de fraude a licita\u00e7\u00f5es ocorridas quando foi prefeito da cidade de Rolim de Moura\/RO, entre 1998 e 2002. Ele foi condenado pelo STF a 4 anos, 8 meses e 26 dias de deten\u00e7\u00e3o em regime semiaberto e ao pagamento de multa de pouco mais de R$ 200 mil.<\/p>\n<p>Os embargos come\u00e7aram a serem julgados ano passado, e o saudoso ministro Teori ent\u00e3o pediu vista, mas logo liberou o processo. A relatora, minsitra C\u00e1rmen L\u00facia, tinha votado para rejeitar os embargos e o ministro Toffoli inaugurou a diverg\u00eancia para acolher em parte e reduzir a pena do senador. Com a redu\u00e7\u00e3o da pena, o parlamentar n\u00e3o cumprir\u00e1 pris\u00e3o e dever\u00e1 prestar servi\u00e7os \u00e0 comunidade.<\/p>\n<p>Nesta quinta-feira, como o ministro Alexandre de Moraes, acompanhou a relatora, o julgamento ficou empatado em cinco a cinco, diante do impedimento do ministro Fux, que analisou o caso quando integrava o STJ. A presidente ent\u00e3o citou precedente da Corte na AP 470 (mensal\u00e3o) no qual foi fixado entendimento de que, em caso de empate, prevaleceria o resultado mais favor\u00e1vel ao r\u00e9u.<\/p>\n<p>Os ministros acompanharam, \u00e0 exce\u00e7\u00e3o de Marco Aur\u00e9lio, para quem deveria prevalecer a norma regimental relativa ao voto de qualidade da presid\u00eancia: \u201cH\u00e1 de haver uma solu\u00e7\u00e3o para que realmente se julgue a a\u00e7\u00e3o penal. E essa solu\u00e7\u00e3o est\u00e1 no regimento interno, que n\u00e3o foi revogado. N\u00e3o cabe a proclama\u00e7\u00e3o de uma das correntes.\u201d<\/p>\n","protected":false},"excerpt":{"rendered":"<p>Prevaleceu tese divergente mais favor\u00e1vel ao parlamentar, reduzindo sua pena de pris\u00e3o e, com isso, substituindo-a por servi\u00e7os \u00e0 comunidade<\/p>\n","protected":false},"author":1,"featured_media":0,"comment_status":"closed","ping_status":"open","sticky":false,"template":"","format":"standard","meta":{"_exactmetrics_skip_tracking":false,"_exactmetrics_sitenote_active":false,"_exactmetrics_sitenote_note":"","_exactmetrics_sitenote_category":0,"jetpack_post_was_ever_published":false,"_jetpack_newsletter_access":"","_jetpack_dont_email_post_to_subs":false,"_jetpack_newsletter_tier_id":0,"_jetpack_memberships_contains_paywalled_content":false,"_jetpack_memberships_contains_paid_content":false,"footnotes":"","jetpack_publicize_message":"","jetpack_publicize_feature_enabled":true,"jetpack_social_post_already_shared":true,"jetpack_social_options":{"image_generator_settings":{"template":"highway","enabled":false},"version":2}},"categories":[1],"tags":[],"class_list":["post-15603","post","type-post","status-publish","format-standard","hentry","category-notas"],"jetpack_publicize_connections":[],"jetpack_sharing_enabled":true,"jetpack_featured_media_url":"","jetpack_shortlink":"https:\/\/wp.me\/p7wKYW-43F","jetpack-related-posts":[],"_links":{"self":[{"href":"http:\/\/blogdalucianaoliveira.com.br\/blog\/wp-json\/wp\/v2\/posts\/15603","targetHints":{"allow":["GET"]}}],"collection":[{"href":"http:\/\/blogdalucianaoliveira.com.br\/blog\/wp-json\/wp\/v2\/posts"}],"about":[{"href":"http:\/\/blogdalucianaoliveira.com.br\/blog\/wp-json\/wp\/v2\/types\/post"}],"author":[{"embeddable":true,"href":"http:\/\/blogdalucianaoliveira.com.br\/blog\/wp-json\/wp\/v2\/users\/1"}],"replies":[{"embeddable":true,"href":"http:\/\/blogdalucianaoliveira.com.br\/blog\/wp-json\/wp\/v2\/comments?post=15603"}],"version-history":[{"count":1,"href":"http:\/\/blogdalucianaoliveira.com.br\/blog\/wp-json\/wp\/v2\/posts\/15603\/revisions"}],"predecessor-version":[{"id":15605,"href":"http:\/\/blogdalucianaoliveira.com.br\/blog\/wp-json\/wp\/v2\/posts\/15603\/revisions\/15605"}],"wp:attachment":[{"href":"http:\/\/blogdalucianaoliveira.com.br\/blog\/wp-json\/wp\/v2\/media?parent=15603"}],"wp:term":[{"taxonomy":"category","embeddable":true,"href":"http:\/\/blogdalucianaoliveira.com.br\/blog\/wp-json\/wp\/v2\/categories?post=15603"},{"taxonomy":"post_tag","embeddable":true,"href":"http:\/\/blogdalucianaoliveira.com.br\/blog\/wp-json\/wp\/v2\/tags?post=15603"}],"curies":[{"name":"wp","href":"https:\/\/api.w.org\/{rel}","templated":true}]}}