{"id":15606,"date":"2017-12-14T20:13:55","date_gmt":"2017-12-15T00:13:55","guid":{"rendered":"http:\/\/blogdalucianaoliveira.com.br\/blog\/?p=15606"},"modified":"2017-12-14T20:16:31","modified_gmt":"2017-12-15T00:16:31","slug":"votacao-de-reforma-da-previdencia-na-argentina-e-adiada-apos-protestos-populares","status":"publish","type":"post","link":"http:\/\/blogdalucianaoliveira.com.br\/blog\/2017\/12\/14\/votacao-de-reforma-da-previdencia-na-argentina-e-adiada-apos-protestos-populares\/","title":{"rendered":"Vota\u00e7\u00e3o de reforma da Previd\u00eancia na Argentina \u00e9 adiada ap\u00f3s protestos populares"},"content":{"rendered":"<p><img data-recalc-dims=\"1\" loading=\"lazy\" decoding=\"async\" data-attachment-id=\"15607\" data-permalink=\"http:\/\/blogdalucianaoliveira.com.br\/blog\/2017\/12\/14\/votacao-de-reforma-da-previdencia-na-argentina-e-adiada-apos-protestos-populares\/macri\/\" data-orig-file=\"https:\/\/i0.wp.com\/blogdalucianaoliveira.com.br\/blog\/wp-content\/uploads\/2017\/12\/macri.jpg?fit=640%2C480\" data-orig-size=\"640,480\" data-comments-opened=\"0\" data-image-meta=\"{&quot;aperture&quot;:&quot;0&quot;,&quot;credit&quot;:&quot;&quot;,&quot;camera&quot;:&quot;&quot;,&quot;caption&quot;:&quot;&quot;,&quot;created_timestamp&quot;:&quot;0&quot;,&quot;copyright&quot;:&quot;&quot;,&quot;focal_length&quot;:&quot;0&quot;,&quot;iso&quot;:&quot;0&quot;,&quot;shutter_speed&quot;:&quot;0&quot;,&quot;title&quot;:&quot;&quot;,&quot;orientation&quot;:&quot;0&quot;}\" data-image-title=\"macri\" data-image-description=\"\" data-image-caption=\"\" data-medium-file=\"https:\/\/i0.wp.com\/blogdalucianaoliveira.com.br\/blog\/wp-content\/uploads\/2017\/12\/macri.jpg?fit=300%2C225\" data-large-file=\"https:\/\/i0.wp.com\/blogdalucianaoliveira.com.br\/blog\/wp-content\/uploads\/2017\/12\/macri.jpg?fit=600%2C450\" class=\"alignnone size-full wp-image-15607\" src=\"https:\/\/i0.wp.com\/blogdalucianaoliveira.com.br\/blog\/wp-content\/uploads\/2017\/12\/macri.jpg?resize=600%2C450\" alt=\"macri\" width=\"600\" height=\"450\" srcset=\"https:\/\/i0.wp.com\/blogdalucianaoliveira.com.br\/blog\/wp-content\/uploads\/2017\/12\/macri.jpg?w=640 640w, https:\/\/i0.wp.com\/blogdalucianaoliveira.com.br\/blog\/wp-content\/uploads\/2017\/12\/macri.jpg?resize=300%2C225 300w, https:\/\/i0.wp.com\/blogdalucianaoliveira.com.br\/blog\/wp-content\/uploads\/2017\/12\/macri.jpg?resize=400%2C300 400w\" sizes=\"auto, (max-width: 600px) 100vw, 600px\" \/><\/p>\n<p>Mais de mil oficiais das for\u00e7as policiais foram colocados nas ruas de Buenos Aires; repress\u00e3o e viol\u00eancia marcaram o dia<!--more--><br \/>\nColetivo Passarinho*<br \/>\nColabora\u00e7\u00e3o para o Brasil de Fato | Buenos Aires (Argentina)<\/p>\n<p>A vota\u00e7\u00e3o da reforma previdenci\u00e1ria da Argentina foi adiada na C\u00e2mara de Deputados do pa\u00eds, na tarde desta quinta-feira (14). O an\u00fancio foi feito ap\u00f3s protestos populares em Buenos Aires, onde ocorreu\u00a0forte repress\u00e3o policial contra os manifestantes. As mobiliza\u00e7\u00f5es\u00a0contr\u00e1rias \u00e0 medida seguem nesta sexta-feira (15), data em que a Central Geral dos Trabalhadores (CGT) marcou\u00a0uma greve geral de 24 horas.<\/p>\n<p>A reforma proposta pelo governo do presidente Mauricio Macri (Cambiemos) pretende economizar 100 bilh\u00f5es de pesos argentinos (aproximadamente R$ 20 bilh\u00f5es) para o Estado argentino e ir\u00e1 afetar\u00a017 milh\u00f5es de aposentados, pensionistas e benefici\u00e1rios de programas sociais.<\/p>\n<p>Em meio \u00e0 tentativa de aprova\u00e7\u00e3o da reforma, o\u00a0<a href=\"https:\/\/www.brasildefato.com.br\/2017\/12\/14\/buenos-aires-em-estado-de-sitio-a-omc-e-a-reforma-previdenciaria\/\">governo colocou nas ruas da capital do pa\u00eds\u00a0mais\u00a0de 1 mil oficiais das for\u00e7as policiais argentinas<\/a>.<\/p>\n<p>Diante do cen\u00e1rio de\u00a0repress\u00e3o aos protestos, os pr\u00f3prios deputados oficialistas foram obrigados a suspender a vota\u00e7\u00e3o. Os\u00a0epis\u00f3dios de viol\u00eancia deixaram dois parlamentares da oposi\u00e7\u00e3o e v\u00e1rios manifestantes feridos, de acordo com informa\u00e7\u00f5es apuradas no local.<\/p>\n<p>A tentativa de aprova\u00e7\u00e3o da reforma ocorre logo ap\u00f3s a\u00a011\u00aa Reuni\u00e3o Ministerial da Organiza\u00e7\u00e3o Mundial de Com\u00e9rcio (OMC), que ocorreu em Buenos Aires, entre a segunda (11) e essa quarta-feira (13). Durante o evento,\u00a0<a href=\"https:\/\/www.brasildefato.com.br\/2017\/12\/11\/apos-impedir-participacao-da-sociedade-civil-macri-inicia-cupula-da-omc-na-argentina\/\" target=\"_blank\">organiza\u00e7\u00f5es da sociedade civil foram impedidas de participar da reuni\u00e3o e organizaram a C\u00fapula dos Povos<\/a>, que tamb\u00e9m foi alvo de proibi\u00e7\u00f5es e repress\u00e3o pelo governo macrista.<\/p>\n<p><img data-recalc-dims=\"1\" decoding=\"async\" src=\"https:\/\/i0.wp.com\/farm5.staticflickr.com\/4685\/39026896452_81f89926c6_o.jpg?w=600&#038;ssl=1\" alt=\"\" \/><\/p>\n<p><strong>Dia de manifesta\u00e7\u00e3o<\/strong><\/p>\n<p>Os protestos desta quinta-feira (14)\u00a0come\u00e7aram \u00e0s 9h (hor\u00e1rio de Bras\u00edlia) e foram ganhando for\u00e7a at\u00e9\u00a0\u00e0s 15h, hor\u00e1rio previsto para a vota\u00e7\u00e3o da reforma da Previd\u00eancia na C\u00e2mara de Deputados. Milhares de trabalhadores contr\u00e1rios \u00e0 medida se reuniram no Centro da capital.<\/p>\n<p>Convocados pela Central Aut\u00f4noma dos Trabalhadores (CTA) e pela Central Geral dos Trabalhadores (CGT), o\u00a0protesto\u00a0iniciou na Avenida de Maio e seguiu em marcha em dire\u00e7\u00e3o ao Congresso Nacional. No entanto, os manifestantes\u00a0tiveram que recuar ao serem reprimidos pelas for\u00e7as policiais.<\/p>\n<p>Mais de mil oficiais da Pol\u00edcia Federal, Gendarmeria (For\u00e7a Nacional Argentina) e Pol\u00edcia de Seguran\u00e7a Aeroportu\u00e1ria participaram da a\u00e7\u00e3o. Bombas de g\u00e1s lacrimog\u00eaneo, balas de borracha e jatos d&#8217;\u00e1gua com corante eram atirados nos manifestantes\u00a0que abriam a manifesta\u00e7\u00e3o e em um grupo de pessoas mascaradas que se separou do ato das centrais sindicais\u00a0para jogar pedras e garrafas nos policiais.<\/p>\n<p><img data-recalc-dims=\"1\" decoding=\"async\" src=\"https:\/\/i0.wp.com\/farm5.staticflickr.com\/4546\/38176578485_7dd466b79b_o.jpg?w=600&#038;ssl=1\" alt=\"\" \/><\/p>\n<p><strong>C\u00e2mara de Deputados<\/strong><\/p>\n<p>Enquanto isso, dentro do Congresso, os policiais impediam a entrada de deputados da oposi\u00e7\u00e3o na sala de vota\u00e7\u00e3o,\u00a0entre eles, Axel Kicillof, ex-ministro de Economia do governo de\u00a0Cristina Kirchner. Ao menos dois deputados ficaram feridos,\u00a0um deles foi levado em uma ambul\u00e2ncia ap\u00f3s receber um golpe de um dos policiais.<\/p>\n<p>Tamb\u00e9m houve muita confus\u00e3o entre os parlamentares, dentro da C\u00e2mara. Para iniciar a sess\u00e3o, era\u00a0necess\u00e1ria a presen\u00e7a de\u00a0129 deputados. O presidente da Casa, Emilio Monz\u00f3 (PRO-Cambiemos), da base governista, anunciou, \u00e0s 15h30, que o qu\u00f3rum m\u00ednimo tinha sido atingido, mas a oposi\u00e7\u00e3o questionou o n\u00famero e a validade da sess\u00e3o, e denunciou a repress\u00e3o policial.<\/p>\n<p>Ap\u00f3s muita discuss\u00e3o e\u00a0&#8220;empurra-empurra&#8221; entre os parlamentares, por volta das 16h15, a deputada governista Elisa Carri\u00f3 tamb\u00e9m pediu que a sess\u00e3o fosse anulada e teve o seu pedido acatado por Monz\u00f3. Enquanto a oposi\u00e7\u00e3o comemorava o adiamento e denunciava a atua\u00e7\u00e3o truculenta do lado de fora, governistas diziam que a oposi\u00e7\u00e3o tinha agido de forma violenta dentro do plen\u00e1rio.<\/p>\n<p><img data-recalc-dims=\"1\" decoding=\"async\" src=\"https:\/\/i0.wp.com\/farm5.staticflickr.com\/4681\/38176587065_865289c2a5_o.jpg?w=600&#038;ssl=1\" alt=\"\" \/><\/p>\n<p><strong>Medida pol\u00eamica<\/strong><\/p>\n<p>A reforma previdenci\u00e1ria proposta por Macri\u00a0altera o crit\u00e9rio de atualiza\u00e7\u00e3o dos benef\u00edcios de aposentados, pensionistas, pessoas com defici\u00eancia e benefici\u00e1rios de programas de renda m\u00ednima.<\/p>\n<p>A tentativa de aprova\u00e7\u00e3o da proposta foi\u00a0poss\u00edvel ap\u00f3s uma parte da oposi\u00e7\u00e3o peronista (de oposi\u00e7\u00e3o), composta pelos governadores, negociar\u00a0com o governo para que uma parcela dos recursos economizados seja destinada \u00e0s prov\u00edncias, que atualmente est\u00e3o fortemente endividadas.<\/p>\n<p>O projeto, que j\u00e1 recebeu meia san\u00e7\u00e3o do Senado, deveria ser votado na C\u00e2mara de Deputados. Ele teve sua tramita\u00e7\u00e3o adiantada pelo partido do governo\u00a0para que a vota\u00e7\u00e3o acontecesse nesta quinta (14), data que coincide com o fim da Reuni\u00e3o Ministerial da OMC em Buenos Aires.<\/p>\n<p>O efetivo militar preparado para garantir a seguran\u00e7a de executivos e autoridades de Estado do mundo todo que participaram do evento foi,\u00a0ent\u00e3o, aproveitado para reprimir os protestos que j\u00e1 haviam come\u00e7ado desde ter\u00e7a-feira (12).<\/p>\n<p><em>*Coletivo po\u00e9tico-pol\u00edtico de brasileiros e brasileiras residentes em Buenos Aires pertencentes a v\u00e1rias correntes da esquerda.<\/em><\/p>\n<p class=\"editor\">Edi\u00e7\u00e3o: Vivian Neves Fernandes<\/p>\n<div class=\"content-footer\"><\/div>\n","protected":false},"excerpt":{"rendered":"<p>Mais de mil oficiais das for\u00e7as policiais foram colocados nas ruas de Buenos Aires; repress\u00e3o e viol\u00eancia marcaram o dia<\/p>\n","protected":false},"author":1,"featured_media":0,"comment_status":"closed","ping_status":"open","sticky":false,"template":"","format":"standard","meta":{"_exactmetrics_skip_tracking":false,"_exactmetrics_sitenote_active":false,"_exactmetrics_sitenote_note":"","_exactmetrics_sitenote_category":0,"jetpack_post_was_ever_published":false,"_jetpack_newsletter_access":"","_jetpack_dont_email_post_to_subs":false,"_jetpack_newsletter_tier_id":0,"_jetpack_memberships_contains_paywalled_content":false,"_jetpack_memberships_contains_paid_content":false,"footnotes":"","jetpack_publicize_message":"","jetpack_publicize_feature_enabled":true,"jetpack_social_post_already_shared":true,"jetpack_social_options":{"image_generator_settings":{"template":"highway","enabled":false},"version":2}},"categories":[1],"tags":[],"class_list":["post-15606","post","type-post","status-publish","format-standard","hentry","category-notas"],"jetpack_publicize_connections":[],"jetpack_sharing_enabled":true,"jetpack_featured_media_url":"","jetpack_shortlink":"https:\/\/wp.me\/p7wKYW-43I","jetpack-related-posts":[],"_links":{"self":[{"href":"http:\/\/blogdalucianaoliveira.com.br\/blog\/wp-json\/wp\/v2\/posts\/15606","targetHints":{"allow":["GET"]}}],"collection":[{"href":"http:\/\/blogdalucianaoliveira.com.br\/blog\/wp-json\/wp\/v2\/posts"}],"about":[{"href":"http:\/\/blogdalucianaoliveira.com.br\/blog\/wp-json\/wp\/v2\/types\/post"}],"author":[{"embeddable":true,"href":"http:\/\/blogdalucianaoliveira.com.br\/blog\/wp-json\/wp\/v2\/users\/1"}],"replies":[{"embeddable":true,"href":"http:\/\/blogdalucianaoliveira.com.br\/blog\/wp-json\/wp\/v2\/comments?post=15606"}],"version-history":[{"count":3,"href":"http:\/\/blogdalucianaoliveira.com.br\/blog\/wp-json\/wp\/v2\/posts\/15606\/revisions"}],"predecessor-version":[{"id":15609,"href":"http:\/\/blogdalucianaoliveira.com.br\/blog\/wp-json\/wp\/v2\/posts\/15606\/revisions\/15609"}],"wp:attachment":[{"href":"http:\/\/blogdalucianaoliveira.com.br\/blog\/wp-json\/wp\/v2\/media?parent=15606"}],"wp:term":[{"taxonomy":"category","embeddable":true,"href":"http:\/\/blogdalucianaoliveira.com.br\/blog\/wp-json\/wp\/v2\/categories?post=15606"},{"taxonomy":"post_tag","embeddable":true,"href":"http:\/\/blogdalucianaoliveira.com.br\/blog\/wp-json\/wp\/v2\/tags?post=15606"}],"curies":[{"name":"wp","href":"https:\/\/api.w.org\/{rel}","templated":true}]}}