{"id":15629,"date":"2017-12-16T12:26:25","date_gmt":"2017-12-16T16:26:25","guid":{"rendered":"http:\/\/blogdalucianaoliveira.com.br\/blog\/?p=15629"},"modified":"2017-12-16T12:26:25","modified_gmt":"2017-12-16T16:26:25","slug":"para-funcionarios-novas-regras-de-conduta-da-ebc-ditam-censura-previa","status":"publish","type":"post","link":"http:\/\/blogdalucianaoliveira.com.br\/blog\/2017\/12\/16\/para-funcionarios-novas-regras-de-conduta-da-ebc-ditam-censura-previa\/","title":{"rendered":"Para funcion\u00e1rios, novas regras de conduta da EBC ditam &#8220;censura pr\u00e9via&#8221;"},"content":{"rendered":"<p><img data-recalc-dims=\"1\" loading=\"lazy\" decoding=\"async\" data-attachment-id=\"15630\" data-permalink=\"http:\/\/blogdalucianaoliveira.com.br\/blog\/2017\/12\/16\/para-funcionarios-novas-regras-de-conduta-da-ebc-ditam-censura-previa\/8c4d47c1-a2b3-400f-b6ad-d47b6f5696b1\/\" data-orig-file=\"https:\/\/i0.wp.com\/blogdalucianaoliveira.com.br\/blog\/wp-content\/uploads\/2017\/12\/8C4D47C1-A2B3-400F-B6AD-D47B6F5696B1.jpeg?fit=640%2C426\" data-orig-size=\"640,426\" data-comments-opened=\"0\" data-image-meta=\"{&quot;aperture&quot;:&quot;0&quot;,&quot;credit&quot;:&quot;&quot;,&quot;camera&quot;:&quot;&quot;,&quot;caption&quot;:&quot;&quot;,&quot;created_timestamp&quot;:&quot;0&quot;,&quot;copyright&quot;:&quot;&quot;,&quot;focal_length&quot;:&quot;0&quot;,&quot;iso&quot;:&quot;0&quot;,&quot;shutter_speed&quot;:&quot;0&quot;,&quot;title&quot;:&quot;&quot;,&quot;orientation&quot;:&quot;0&quot;}\" data-image-title=\"8C4D47C1-A2B3-400F-B6AD-D47B6F5696B1\" data-image-description=\"\" data-image-caption=\"\" data-medium-file=\"https:\/\/i0.wp.com\/blogdalucianaoliveira.com.br\/blog\/wp-content\/uploads\/2017\/12\/8C4D47C1-A2B3-400F-B6AD-D47B6F5696B1.jpeg?fit=300%2C200\" data-large-file=\"https:\/\/i0.wp.com\/blogdalucianaoliveira.com.br\/blog\/wp-content\/uploads\/2017\/12\/8C4D47C1-A2B3-400F-B6AD-D47B6F5696B1.jpeg?fit=600%2C399\" src=\"https:\/\/i0.wp.com\/blogdalucianaoliveira.com.br\/blog\/wp-content\/uploads\/2017\/12\/8C4D47C1-A2B3-400F-B6AD-D47B6F5696B1.jpeg?resize=600%2C399\" alt=\"8C4D47C1-A2B3-400F-B6AD-D47B6F5696B1\" width=\"600\" height=\"399\" class=\"alignnone size-full wp-image-15630\" srcset=\"https:\/\/i0.wp.com\/blogdalucianaoliveira.com.br\/blog\/wp-content\/uploads\/2017\/12\/8C4D47C1-A2B3-400F-B6AD-D47B6F5696B1.jpeg?w=640 640w, https:\/\/i0.wp.com\/blogdalucianaoliveira.com.br\/blog\/wp-content\/uploads\/2017\/12\/8C4D47C1-A2B3-400F-B6AD-D47B6F5696B1.jpeg?resize=300%2C200 300w, https:\/\/i0.wp.com\/blogdalucianaoliveira.com.br\/blog\/wp-content\/uploads\/2017\/12\/8C4D47C1-A2B3-400F-B6AD-D47B6F5696B1.jpeg?resize=451%2C300 451w\" sizes=\"auto, (max-width: 600px) 100vw, 600px\" \/><\/p>\n<p>C\u00f3digo de conduta define desde como os funcion\u00e1rios devem se vestir at\u00e9 como se comportar em redes sociais<!--more--><\/p>\n<p>Rute Pina<br \/>\nBrasil de Fato<\/p>\n<p>Funcion\u00e1rios da Empresa Brasil de Comunica\u00e7\u00e3o (EBC) t\u00eam denunciado o novo c\u00f3digo de conduta da estatal, aprovado nesta quinta-feira (14), por entender que as normas instituem uma esp\u00e9cie de censura pr\u00e9via.<\/p>\n<p>Para Isabela Vieira, funcion\u00e1ria que integra o conselho de administra\u00e7\u00e3o da estatal e votou contra a medida, a regra vai legitimar a persegui\u00e7\u00e3o aos jornalistas: &#8220;N\u00f3s temos informa\u00e7\u00f5es sobre dossi\u00eas que a empresa faz sobre nossas postagens nas redes sociais, monitoramento, e isso j\u00e1 era realidade antes dessa norma.&#8221;<\/p>\n<p>O c\u00f3digo de conduta dita regras que v\u00e3o desde como os funcion\u00e1rios devem se vestir at\u00e9 como se comportar em redes sociais pessoais.<\/p>\n<p>Vieira considera que as medidas adotadas s\u00e3o uma esp\u00e9cie de censura pr\u00e9via aos jornalistas e devem resultar em persegui\u00e7\u00f5es pol\u00edticas dentro da empresa.<\/p>\n<p>A jornalista afirma ainda que o c\u00f3digo viola a leis sobre liberdade de express\u00e3o, como o Artigo 19 da Declara\u00e7\u00e3o Universal do Direitos Humanos. Para ela, a puni\u00e7\u00e3o contra atos il\u00edcitos em redes sociais j\u00e1 est\u00e3o contemplados nas esferas civil e criminal.<\/p>\n<p>&#8220;O que a gente tem visto \u00e9 uma persegui\u00e7\u00e3o pol\u00edtica, principalmente aos funcion\u00e1rios que s\u00e3o identificados com o campo da esquerda e a gente tem muito medo que aumente muito mais a persegui\u00e7\u00e3o.&#8221;<\/p>\n<p>A institui\u00e7\u00e3o de um c\u00f3digo de conduta \u00e9 exig\u00eancia da nova lei das estatais, aprovada no ano passado, mas os trabalhadores consideram que o texto da EBC adota cl\u00e1usulas abusivas e com termos vagos.<\/p>\n<p>Para os jornalistas, a regra pode criminalizar funcion\u00e1rios. O texto pede, por exemplo, que os funcion\u00e1rios n\u00e3o adotem &#8220;comportamentos que possam prejudicar o bom andamento das atividades&#8221;.<\/p>\n<p>Al\u00e9m disso, o novo c\u00f3digo impede que funcion\u00e1rios realizem &#8220;estudos, pesquisas, pareceres e outros trabalhos de sua autoria ou participa\u00e7\u00e3o, que envolvam conhecimentos relacionados \u00e0 empresa&#8221;, o que os funcion\u00e1rios classificam como censura intelectual e acad\u00eamica.<\/p>\n<p>G\u00e9sio Passos, empregado da EBC e integrante do Sindicato dos Jornalistas do Distrito Federal, diz que uma das cl\u00e1usulas do novo c\u00f3digo vai limitar a atua\u00e7\u00e3o em defesa da comunica\u00e7\u00e3o p\u00fablica, proibindo a divulga\u00e7\u00e3o de informa\u00e7\u00f5es sobre a estatal.<\/p>\n<p>O sindicalista afirma ainda que as no\u00e7\u00f5es gen\u00e9ricas de respeito \u00e0 hierarquia presentes no texto podem culminar em censura editorial ou de linha pol\u00edtica.<\/p>\n<p>&#8220;Ela vai censurar, por exemplo, os profissionais de revelar informa\u00e7\u00f5es sobre a empresa. Tanto do ponto de vista pol\u00edtico, se as pessoas vazarem informa\u00e7\u00f5es de coisas erradas que acontecem na empresa, mas tamb\u00e9m do ponto de vista t\u00e9cnico.&#8221;<\/p>\n<p>Imprensa<\/p>\n<p>Neste ano, em um movimento similar, outros jornais ditaram regras similares. Em outubro deste ano, o estadunidense The New York Times lan\u00e7ou diretrizes de como seus jornalistas devem se comportar em redes sociais, pedindo isen\u00e7\u00e3o para n\u00e3o prejudicar a reputa\u00e7\u00e3o do jornal.<\/p>\n<p>No Brasil, a Folha de S. Paulo pediu que os profissionais n\u00e3o emitam opini\u00f5es pol\u00edtico-partid\u00e1rias, mesmo se deixar claro que se trata de uma opini\u00e3o pessoal.<\/p>\n<p>Isabela Vieira considera que esses c\u00f3digos ferem os direitos civis e pol\u00edticos dos jornalistas como cidad\u00e3os e tamb\u00e9m a liberdade de express\u00e3o, principalmente pol\u00edtica.<\/p>\n<p>&#8220;N\u00f3s jornalistas, de quem as postagens s\u00e3o condenadas e que s\u00e3o apontadas, somos de esquerda. Essas pessoas nunca s\u00e3o as fascistas. Voc\u00ea tem editores e chefes de reportagem destes mesmos ve\u00edculos que t\u00eam posturas criminosas nas redes sociais. A gente viveu esse fato com o nosso presidente, que teve um ato racista e passa \u00e0 margem de qualquer c\u00f3digo e de qualquer regra de conduta \u00e9tica e moral.&#8221; <\/p>\n<p>Outro lado<\/p>\n<p>O novo c\u00f3digo j\u00e1 entra em vigor a partir do momento da aprova\u00e7\u00e3o da medida. Questionada pela reportagem, a EBC n\u00e3o respondeu as quest\u00f5es encaminhadas por e-mail. Aos funcion\u00e1rios, a estatal alegou que a regra foi formulada com base em outros \u00f3rg\u00e3os governamentais.<\/p>\n<p>Edi\u00e7\u00e3o: Vanessa Martina Silva<\/p>\n","protected":false},"excerpt":{"rendered":"<p>C\u00f3digo de conduta define desde como os funcion\u00e1rios devem se vestir at\u00e9 como se comportar em redes sociais<\/p>\n","protected":false},"author":1,"featured_media":0,"comment_status":"closed","ping_status":"open","sticky":false,"template":"","format":"standard","meta":{"_exactmetrics_skip_tracking":false,"_exactmetrics_sitenote_active":false,"_exactmetrics_sitenote_note":"","_exactmetrics_sitenote_category":0,"jetpack_post_was_ever_published":false,"_jetpack_newsletter_access":"","_jetpack_dont_email_post_to_subs":false,"_jetpack_newsletter_tier_id":0,"_jetpack_memberships_contains_paywalled_content":false,"_jetpack_memberships_contains_paid_content":false,"footnotes":"","jetpack_publicize_message":"","jetpack_publicize_feature_enabled":true,"jetpack_social_post_already_shared":true,"jetpack_social_options":{"image_generator_settings":{"template":"highway","enabled":false},"version":2}},"categories":[1],"tags":[],"class_list":["post-15629","post","type-post","status-publish","format-standard","hentry","category-notas"],"jetpack_publicize_connections":[],"jetpack_sharing_enabled":true,"jetpack_featured_media_url":"","jetpack_shortlink":"https:\/\/wp.me\/p7wKYW-445","jetpack-related-posts":[],"_links":{"self":[{"href":"http:\/\/blogdalucianaoliveira.com.br\/blog\/wp-json\/wp\/v2\/posts\/15629","targetHints":{"allow":["GET"]}}],"collection":[{"href":"http:\/\/blogdalucianaoliveira.com.br\/blog\/wp-json\/wp\/v2\/posts"}],"about":[{"href":"http:\/\/blogdalucianaoliveira.com.br\/blog\/wp-json\/wp\/v2\/types\/post"}],"author":[{"embeddable":true,"href":"http:\/\/blogdalucianaoliveira.com.br\/blog\/wp-json\/wp\/v2\/users\/1"}],"replies":[{"embeddable":true,"href":"http:\/\/blogdalucianaoliveira.com.br\/blog\/wp-json\/wp\/v2\/comments?post=15629"}],"version-history":[{"count":1,"href":"http:\/\/blogdalucianaoliveira.com.br\/blog\/wp-json\/wp\/v2\/posts\/15629\/revisions"}],"predecessor-version":[{"id":15631,"href":"http:\/\/blogdalucianaoliveira.com.br\/blog\/wp-json\/wp\/v2\/posts\/15629\/revisions\/15631"}],"wp:attachment":[{"href":"http:\/\/blogdalucianaoliveira.com.br\/blog\/wp-json\/wp\/v2\/media?parent=15629"}],"wp:term":[{"taxonomy":"category","embeddable":true,"href":"http:\/\/blogdalucianaoliveira.com.br\/blog\/wp-json\/wp\/v2\/categories?post=15629"},{"taxonomy":"post_tag","embeddable":true,"href":"http:\/\/blogdalucianaoliveira.com.br\/blog\/wp-json\/wp\/v2\/tags?post=15629"}],"curies":[{"name":"wp","href":"https:\/\/api.w.org\/{rel}","templated":true}]}}