{"id":15636,"date":"2017-12-17T13:28:55","date_gmt":"2017-12-17T17:28:55","guid":{"rendered":"http:\/\/blogdalucianaoliveira.com.br\/blog\/?p=15636"},"modified":"2017-12-17T13:28:55","modified_gmt":"2017-12-17T17:28:55","slug":"depois-de-8-anos-em-prisao-preventiva-agricultores-do-mst-sao-inocentados","status":"publish","type":"post","link":"http:\/\/blogdalucianaoliveira.com.br\/blog\/2017\/12\/17\/depois-de-8-anos-em-prisao-preventiva-agricultores-do-mst-sao-inocentados\/","title":{"rendered":"Depois de 8 anos em pris\u00e3o preventiva, agricultores do MST s\u00e3o inocentados"},"content":{"rendered":"<p><img data-recalc-dims=\"1\" loading=\"lazy\" decoding=\"async\" data-attachment-id=\"15637\" data-permalink=\"http:\/\/blogdalucianaoliveira.com.br\/blog\/2017\/12\/17\/depois-de-8-anos-em-prisao-preventiva-agricultores-do-mst-sao-inocentados\/2b285d77-c2cb-4c56-af2c-2c5718477517\/\" data-orig-file=\"https:\/\/i0.wp.com\/blogdalucianaoliveira.com.br\/blog\/wp-content\/uploads\/2017\/12\/2B285D77-C2CB-4C56-AF2C-2C5718477517.jpeg?fit=457%2C322\" data-orig-size=\"457,322\" data-comments-opened=\"0\" data-image-meta=\"{&quot;aperture&quot;:&quot;0&quot;,&quot;credit&quot;:&quot;&quot;,&quot;camera&quot;:&quot;&quot;,&quot;caption&quot;:&quot;&quot;,&quot;created_timestamp&quot;:&quot;0&quot;,&quot;copyright&quot;:&quot;&quot;,&quot;focal_length&quot;:&quot;0&quot;,&quot;iso&quot;:&quot;0&quot;,&quot;shutter_speed&quot;:&quot;0&quot;,&quot;title&quot;:&quot;&quot;,&quot;orientation&quot;:&quot;0&quot;}\" data-image-title=\"2B285D77-C2CB-4C56-AF2C-2C5718477517\" data-image-description=\"\" data-image-caption=\"\" data-medium-file=\"https:\/\/i0.wp.com\/blogdalucianaoliveira.com.br\/blog\/wp-content\/uploads\/2017\/12\/2B285D77-C2CB-4C56-AF2C-2C5718477517.jpeg?fit=300%2C211\" data-large-file=\"https:\/\/i0.wp.com\/blogdalucianaoliveira.com.br\/blog\/wp-content\/uploads\/2017\/12\/2B285D77-C2CB-4C56-AF2C-2C5718477517.jpeg?fit=457%2C322\" src=\"https:\/\/i0.wp.com\/blogdalucianaoliveira.com.br\/blog\/wp-content\/uploads\/2017\/12\/2B285D77-C2CB-4C56-AF2C-2C5718477517.jpeg?resize=457%2C322\" alt=\"2B285D77-C2CB-4C56-AF2C-2C5718477517\" width=\"457\" height=\"322\" class=\"alignnone size-full wp-image-15637\" srcset=\"https:\/\/i0.wp.com\/blogdalucianaoliveira.com.br\/blog\/wp-content\/uploads\/2017\/12\/2B285D77-C2CB-4C56-AF2C-2C5718477517.jpeg?w=457 457w, https:\/\/i0.wp.com\/blogdalucianaoliveira.com.br\/blog\/wp-content\/uploads\/2017\/12\/2B285D77-C2CB-4C56-AF2C-2C5718477517.jpeg?resize=300%2C211 300w, https:\/\/i0.wp.com\/blogdalucianaoliveira.com.br\/blog\/wp-content\/uploads\/2017\/12\/2B285D77-C2CB-4C56-AF2C-2C5718477517.jpeg?resize=426%2C300 426w\" sizes=\"auto, (max-width: 457px) 100vw, 457px\" \/><\/p>\n<p>No Conjur &#8211; Depois de serem mantidos por oito anos em pris\u00e3o preventiva, dois agricultores integrantes do Movimento dos Trabalhadores Sem Terra foram inocentados pelo Tribunal de Justi\u00e7a de Pernambuco. No \u00faltimo dia 6, o j\u00fari entendeu n\u00e3o haver prova suficiente para a condena\u00e7\u00e3o.<!--more--><\/p>\n<p>Eles eram acusados de matar quatro seguran\u00e7as de uma fazenda a 137 quil\u00f4metros do Recife, em fevereiro de 2009, quando o MST reivindicava a \u00e1rea.<\/p>\n<p>A defesa foi apresentada em agosto de 2009. A partir de ent\u00e3o, diversos pedidos de revoga\u00e7\u00e3o de pris\u00e3o preventiva foram ajuizados, sem \u00eaxito. O escrit\u00f3rio Cezar Britto &#038; Advogados Associados representou os r\u00e9us em Habeas Corpus nas cortes superiores e no Supremo Tribunal Federal.<\/p>\n<p>Pedidos de liminar feitos em 2016 foram negados no Superior Tribunal de Justi\u00e7a e no Supremo. Em abril deste ano, o STJ julgou o m\u00e9rito do primeiro HC apresentado e a 6\u00aa Turma da corte deferiu o pedido.<\/p>\n<p>O advogado Paulo Freire, que fez a sustenta\u00e7\u00e3o oral no STJ, classificou como &#8220;absolutamente injustific\u00e1vel&#8221; o tempo levado no andamento do processo. A primeira audi\u00eancia de instru\u00e7\u00e3o e julgamento aconteceu dois anos depois do recebimento da den\u00fancia e da apresenta\u00e7\u00e3o da defesa pr\u00e9via. &#8220;O juiz ordenou a expedi\u00e7\u00e3o das cartas precat\u00f3rias \u2014 para o depoimento das testemunhas de defesa domiciliadas fora da comarca \u2014 somente ao final da audi\u00eancia de instru\u00e7\u00e3o e julgamento, em agosto de 2011, a despeito das defesas pr\u00e9vias e o rol de testemunhas terem sido oferecidos em agosto de 2009 e de 2010\u201d, argumentou o advogado.<\/p>\n<p>Agora, no entendimento dele, como os agricultores foram inocentados pelo Tribunal do J\u00fari, os quase oito anos de pris\u00e3o preventiva s\u00e3o uma clara viola\u00e7\u00e3o da dignidade da pessoa humana. &#8220;Por mais grave e complexo que seja a conduta delituosa, n\u00e3o \u00e9 poss\u00edvel que haja manuten\u00e7\u00e3o da pris\u00e3o por tempo excessivamente escabroso. Tem-se a impress\u00e3o que, por serem agricultores de um movimento t\u00e3o estigmatizado quanto \u00e9 o MST, decretou-se a pris\u00e3o cautelar de acordo com a &#8216;cara dos r\u00e9us&#8217; e n\u00e3o com as evid\u00eancias em si.\u201d<\/p>\n<p>Processo origin\u00e1rio 0000019-93.2009.8.17.1310<\/p>\n","protected":false},"excerpt":{"rendered":"<p>No Conjur &#8211; Depois de serem mantidos por oito anos em pris\u00e3o preventiva, dois agricultores integrantes do Movimento dos Trabalhadores Sem Terra foram inocentados pelo Tribunal de Justi\u00e7a de Pernambuco. No \u00faltimo dia 6, o j\u00fari entendeu n\u00e3o haver prova suficiente para a condena\u00e7\u00e3o.<\/p>\n","protected":false},"author":1,"featured_media":0,"comment_status":"closed","ping_status":"open","sticky":false,"template":"","format":"standard","meta":{"_exactmetrics_skip_tracking":false,"_exactmetrics_sitenote_active":false,"_exactmetrics_sitenote_note":"","_exactmetrics_sitenote_category":0,"jetpack_post_was_ever_published":false,"_jetpack_newsletter_access":"","_jetpack_dont_email_post_to_subs":false,"_jetpack_newsletter_tier_id":0,"_jetpack_memberships_contains_paywalled_content":false,"_jetpack_memberships_contains_paid_content":false,"footnotes":"","jetpack_publicize_message":"","jetpack_publicize_feature_enabled":true,"jetpack_social_post_already_shared":true,"jetpack_social_options":{"image_generator_settings":{"template":"highway","enabled":false},"version":2}},"categories":[1],"tags":[],"class_list":["post-15636","post","type-post","status-publish","format-standard","hentry","category-notas"],"jetpack_publicize_connections":[],"jetpack_sharing_enabled":true,"jetpack_featured_media_url":"","jetpack_shortlink":"https:\/\/wp.me\/p7wKYW-44c","jetpack-related-posts":[],"_links":{"self":[{"href":"http:\/\/blogdalucianaoliveira.com.br\/blog\/wp-json\/wp\/v2\/posts\/15636","targetHints":{"allow":["GET"]}}],"collection":[{"href":"http:\/\/blogdalucianaoliveira.com.br\/blog\/wp-json\/wp\/v2\/posts"}],"about":[{"href":"http:\/\/blogdalucianaoliveira.com.br\/blog\/wp-json\/wp\/v2\/types\/post"}],"author":[{"embeddable":true,"href":"http:\/\/blogdalucianaoliveira.com.br\/blog\/wp-json\/wp\/v2\/users\/1"}],"replies":[{"embeddable":true,"href":"http:\/\/blogdalucianaoliveira.com.br\/blog\/wp-json\/wp\/v2\/comments?post=15636"}],"version-history":[{"count":1,"href":"http:\/\/blogdalucianaoliveira.com.br\/blog\/wp-json\/wp\/v2\/posts\/15636\/revisions"}],"predecessor-version":[{"id":15638,"href":"http:\/\/blogdalucianaoliveira.com.br\/blog\/wp-json\/wp\/v2\/posts\/15636\/revisions\/15638"}],"wp:attachment":[{"href":"http:\/\/blogdalucianaoliveira.com.br\/blog\/wp-json\/wp\/v2\/media?parent=15636"}],"wp:term":[{"taxonomy":"category","embeddable":true,"href":"http:\/\/blogdalucianaoliveira.com.br\/blog\/wp-json\/wp\/v2\/categories?post=15636"},{"taxonomy":"post_tag","embeddable":true,"href":"http:\/\/blogdalucianaoliveira.com.br\/blog\/wp-json\/wp\/v2\/tags?post=15636"}],"curies":[{"name":"wp","href":"https:\/\/api.w.org\/{rel}","templated":true}]}}