{"id":15645,"date":"2017-12-18T08:54:58","date_gmt":"2017-12-18T12:54:58","guid":{"rendered":"http:\/\/blogdalucianaoliveira.com.br\/blog\/?p=15645"},"modified":"2017-12-18T08:54:58","modified_gmt":"2017-12-18T12:54:58","slug":"golpe-jogou-54-milhoes-de-brasileiros-na-pobreza-extrema","status":"publish","type":"post","link":"http:\/\/blogdalucianaoliveira.com.br\/blog\/2017\/12\/18\/golpe-jogou-54-milhoes-de-brasileiros-na-pobreza-extrema\/","title":{"rendered":"GOLPE JOGOU 5,4 MILH\u00d5ES DE BRASILEIROS NA POBREZA EXTREMA"},"content":{"rendered":"<p><img data-recalc-dims=\"1\" loading=\"lazy\" decoding=\"async\" data-attachment-id=\"15646\" data-permalink=\"http:\/\/blogdalucianaoliveira.com.br\/blog\/2017\/12\/18\/golpe-jogou-54-milhoes-de-brasileiros-na-pobreza-extrema\/go-3\/\" data-orig-file=\"https:\/\/i0.wp.com\/blogdalucianaoliveira.com.br\/blog\/wp-content\/uploads\/2017\/12\/go.jpg?fit=1000%2C357\" data-orig-size=\"1000,357\" data-comments-opened=\"0\" data-image-meta=\"{&quot;aperture&quot;:&quot;0&quot;,&quot;credit&quot;:&quot;&quot;,&quot;camera&quot;:&quot;&quot;,&quot;caption&quot;:&quot;&quot;,&quot;created_timestamp&quot;:&quot;0&quot;,&quot;copyright&quot;:&quot;&quot;,&quot;focal_length&quot;:&quot;0&quot;,&quot;iso&quot;:&quot;0&quot;,&quot;shutter_speed&quot;:&quot;0&quot;,&quot;title&quot;:&quot;&quot;,&quot;orientation&quot;:&quot;0&quot;}\" data-image-title=\"go\" data-image-description=\"\" data-image-caption=\"\" data-medium-file=\"https:\/\/i0.wp.com\/blogdalucianaoliveira.com.br\/blog\/wp-content\/uploads\/2017\/12\/go.jpg?fit=300%2C107\" data-large-file=\"https:\/\/i0.wp.com\/blogdalucianaoliveira.com.br\/blog\/wp-content\/uploads\/2017\/12\/go.jpg?fit=600%2C214\" class=\"alignnone size-full wp-image-15646\" src=\"https:\/\/i0.wp.com\/blogdalucianaoliveira.com.br\/blog\/wp-content\/uploads\/2017\/12\/go.jpg?resize=600%2C214\" alt=\"go\" width=\"600\" height=\"214\" srcset=\"https:\/\/i0.wp.com\/blogdalucianaoliveira.com.br\/blog\/wp-content\/uploads\/2017\/12\/go.jpg?w=1000 1000w, https:\/\/i0.wp.com\/blogdalucianaoliveira.com.br\/blog\/wp-content\/uploads\/2017\/12\/go.jpg?resize=300%2C107 300w, https:\/\/i0.wp.com\/blogdalucianaoliveira.com.br\/blog\/wp-content\/uploads\/2017\/12\/go.jpg?resize=768%2C274 768w, https:\/\/i0.wp.com\/blogdalucianaoliveira.com.br\/blog\/wp-content\/uploads\/2017\/12\/go.jpg?resize=800%2C286 800w\" sizes=\"auto, (max-width: 600px) 100vw, 600px\" \/><\/p>\n<p>247 &#8211; Depois de uma d\u00e9cada em queda, a pobreza voltou a crescer no Brasil gra\u00e7as \u00e0 longa e profunda recess\u00e3o ocorrida entre 2014 e 2016. De acordo com levantamento do Instituto de Estudos do Trabalho e Sociedade (Iets), mais de nove milh\u00f5es de brasileiros ca\u00edram, em 2015, abaixo da linha de pobreza (US$ 5,50 per capita por dia ou R$ 387,07 mensais), em decorr\u00eancia da deteriora\u00e7\u00e3o do emprego e da renda.<!--more--><\/p>\n<p>Do total, 5,4 milh\u00f5es est\u00e3o no crit\u00e9rio do Banco Mundial para extrema pobreza, isto \u00e9, vivem hoje com menos de US$ 1,90 por dia ou R$ 133,72 por m\u00eas. As informa\u00e7\u00f5es se baseiam em dados da &#8220;S\u00edntese de Indicadores Sociais&#8221;, documento elaborado pelo IBGE a partir da s\u00e9rie hist\u00f3rica dispon\u00edvel da Pesquisa Nacional por Amostra de Domic\u00edlios (Pnad).<\/p>\n<p>Na sexta-feira, o IBGE revelou que 52,2 milh\u00f5es de pessoas viviam abaixo da linha de pobreza em 2016, o equivalente a 25,4% da popula\u00e7\u00e3o. No caso da pobreza extrema, eram 13,35 milh\u00f5es de pessoas, 6,5% da popula\u00e7\u00e3o. O Iets cruzou linhas de cortes e criou uma s\u00e9rie hist\u00f3rica para comparar com outros per\u00edodos.<\/p>\n<p>As informa\u00e7\u00f5es s\u00e3o de reportagem de Bruno Villas B\u00f4as e Ligia Guimar\u00e3es no Valor.<\/p>\n<p>Leia aqui:\u00a0\u00a0<a href=\"http:\/\/www.valor.com.br\/brasil\/5230271\/recessao-jogou-54-milhoes-na-pobreza-extrema\">http:\/\/www.valor.com.br\/brasil\/5230271\/recessao-jogou-54-milhoes-na-pobreza-extrema<\/a><\/p>\n","protected":false},"excerpt":{"rendered":"<p>247 &#8211; Depois de uma d\u00e9cada em queda, a pobreza voltou a crescer no Brasil gra\u00e7as \u00e0 longa e profunda recess\u00e3o ocorrida entre 2014 e 2016. De acordo com levantamento do Instituto de Estudos do Trabalho e Sociedade (Iets), mais de nove milh\u00f5es de brasileiros ca\u00edram, em 2015, abaixo da linha de pobreza (US$ 5,50&#8230;<a class=\"more-link\" href=\"http:\/\/blogdalucianaoliveira.com.br\/blog\/2017\/12\/18\/golpe-jogou-54-milhoes-de-brasileiros-na-pobreza-extrema\/\">Continue a leitura <span class=\"meta-nav\">&raquo;<\/span><\/a><\/p>\n","protected":false},"author":1,"featured_media":0,"comment_status":"closed","ping_status":"open","sticky":false,"template":"","format":"standard","meta":{"_exactmetrics_skip_tracking":false,"_exactmetrics_sitenote_active":false,"_exactmetrics_sitenote_note":"","_exactmetrics_sitenote_category":0,"jetpack_post_was_ever_published":false,"_jetpack_newsletter_access":"","_jetpack_dont_email_post_to_subs":false,"_jetpack_newsletter_tier_id":0,"_jetpack_memberships_contains_paywalled_content":false,"_jetpack_memberships_contains_paid_content":false,"footnotes":"","jetpack_publicize_message":"","jetpack_publicize_feature_enabled":true,"jetpack_social_post_already_shared":true,"jetpack_social_options":{"image_generator_settings":{"template":"highway","enabled":false},"version":2}},"categories":[1],"tags":[],"class_list":["post-15645","post","type-post","status-publish","format-standard","hentry","category-notas"],"jetpack_publicize_connections":[],"jetpack_sharing_enabled":true,"jetpack_featured_media_url":"","jetpack_shortlink":"https:\/\/wp.me\/p7wKYW-44l","jetpack-related-posts":[],"_links":{"self":[{"href":"http:\/\/blogdalucianaoliveira.com.br\/blog\/wp-json\/wp\/v2\/posts\/15645","targetHints":{"allow":["GET"]}}],"collection":[{"href":"http:\/\/blogdalucianaoliveira.com.br\/blog\/wp-json\/wp\/v2\/posts"}],"about":[{"href":"http:\/\/blogdalucianaoliveira.com.br\/blog\/wp-json\/wp\/v2\/types\/post"}],"author":[{"embeddable":true,"href":"http:\/\/blogdalucianaoliveira.com.br\/blog\/wp-json\/wp\/v2\/users\/1"}],"replies":[{"embeddable":true,"href":"http:\/\/blogdalucianaoliveira.com.br\/blog\/wp-json\/wp\/v2\/comments?post=15645"}],"version-history":[{"count":1,"href":"http:\/\/blogdalucianaoliveira.com.br\/blog\/wp-json\/wp\/v2\/posts\/15645\/revisions"}],"predecessor-version":[{"id":15647,"href":"http:\/\/blogdalucianaoliveira.com.br\/blog\/wp-json\/wp\/v2\/posts\/15645\/revisions\/15647"}],"wp:attachment":[{"href":"http:\/\/blogdalucianaoliveira.com.br\/blog\/wp-json\/wp\/v2\/media?parent=15645"}],"wp:term":[{"taxonomy":"category","embeddable":true,"href":"http:\/\/blogdalucianaoliveira.com.br\/blog\/wp-json\/wp\/v2\/categories?post=15645"},{"taxonomy":"post_tag","embeddable":true,"href":"http:\/\/blogdalucianaoliveira.com.br\/blog\/wp-json\/wp\/v2\/tags?post=15645"}],"curies":[{"name":"wp","href":"https:\/\/api.w.org\/{rel}","templated":true}]}}