{"id":15657,"date":"2017-12-18T11:51:41","date_gmt":"2017-12-18T15:51:41","guid":{"rendered":"http:\/\/blogdalucianaoliveira.com.br\/blog\/?p=15657"},"modified":"2017-12-18T11:51:41","modified_gmt":"2017-12-18T15:51:41","slug":"desenvolvimentismo-e-imposicao-moral-corta-corta-so-faz-miseria","status":"publish","type":"post","link":"http:\/\/blogdalucianaoliveira.com.br\/blog\/2017\/12\/18\/desenvolvimentismo-e-imposicao-moral-corta-corta-so-faz-miseria\/","title":{"rendered":"Desenvolvimentismo \u00e9 imposi\u00e7\u00e3o moral, corta-corta s\u00f3 faz mis\u00e9ria"},"content":{"rendered":"<p><img data-recalc-dims=\"1\" loading=\"lazy\" decoding=\"async\" data-attachment-id=\"15658\" data-permalink=\"http:\/\/blogdalucianaoliveira.com.br\/blog\/2017\/12\/18\/desenvolvimentismo-e-imposicao-moral-corta-corta-so-faz-miseria\/pobrez\/\" data-orig-file=\"https:\/\/i0.wp.com\/blogdalucianaoliveira.com.br\/blog\/wp-content\/uploads\/2017\/12\/pobrez.jpg?fit=600%2C297\" data-orig-size=\"600,297\" data-comments-opened=\"0\" data-image-meta=\"{&quot;aperture&quot;:&quot;0&quot;,&quot;credit&quot;:&quot;&quot;,&quot;camera&quot;:&quot;&quot;,&quot;caption&quot;:&quot;&quot;,&quot;created_timestamp&quot;:&quot;0&quot;,&quot;copyright&quot;:&quot;&quot;,&quot;focal_length&quot;:&quot;0&quot;,&quot;iso&quot;:&quot;0&quot;,&quot;shutter_speed&quot;:&quot;0&quot;,&quot;title&quot;:&quot;&quot;,&quot;orientation&quot;:&quot;0&quot;}\" data-image-title=\"pobrez\" data-image-description=\"\" data-image-caption=\"\" data-medium-file=\"https:\/\/i0.wp.com\/blogdalucianaoliveira.com.br\/blog\/wp-content\/uploads\/2017\/12\/pobrez.jpg?fit=300%2C149\" data-large-file=\"https:\/\/i0.wp.com\/blogdalucianaoliveira.com.br\/blog\/wp-content\/uploads\/2017\/12\/pobrez.jpg?fit=600%2C297\" src=\"https:\/\/i0.wp.com\/blogdalucianaoliveira.com.br\/blog\/wp-content\/uploads\/2017\/12\/pobrez.jpg?resize=600%2C297\" alt=\"pobrez\" width=\"600\" height=\"297\" class=\"alignnone size-full wp-image-15658\" srcset=\"https:\/\/i0.wp.com\/blogdalucianaoliveira.com.br\/blog\/wp-content\/uploads\/2017\/12\/pobrez.jpg?w=600 600w, https:\/\/i0.wp.com\/blogdalucianaoliveira.com.br\/blog\/wp-content\/uploads\/2017\/12\/pobrez.jpg?resize=300%2C149 300w\" sizes=\"auto, (max-width: 600px) 100vw, 600px\" \/><\/p>\n<p>Pol\u00edtica nacional-desenvolvimentista, em nosso pa\u00eds, n\u00e3o \u00e9 uma op\u00e7\u00e3o, mas uma imposi\u00e7\u00e3o moral.<!--more--><\/p>\n<p>No Tijola\u00e7o, por Fernando Brito &#8211; Os n\u00fameros publicados hoje pelo Valor, mostrando que o bi\u00eanio 15\/16 \u2013 em que o Brasil seguiu a receita do \u201ccorta-corta\u201d neoliberal \u2013 representou a volta de mais de 5 milh\u00f5es de brasileiros \u00e0 linha da extrema pobreza.<\/p>\n<p>Mais bem dito, \u00e0 mis\u00e9ria que representam R$ 6 de renda por dia, ou um caf\u00e9 e dois p\u00e3ezinhos, isso morando na rua.<\/p>\n<p>\u00c9 gente de carne (pouca) e osso, a quem a brutalidade com que s\u00e3o tratados vai brutalizando cada vez mais a eles e aos brutos que enxergam a economia como um balancete de firma.<\/p>\n<p>Os Joaquins de M\u00e3os de Tesoura e os Henriques do Teto de Gastos acham que eles s\u00e3o um problema, mas eles s\u00e3o t\u00e3o brasileiros quanto os \u201cgente fina\u201d que gritam que n\u00e3o v\u00e3o pagar o pato, nem os impostos e recebem, por isso, perd\u00f5es e mais perd\u00f5es tribut\u00e1rios.<\/p>\n<p>Inclus\u00e3o, nas nossas plagas, n\u00e3o \u00e9 po\u00e7\u00e3o, \u00e9 dever moral e \u2013 o que eles n\u00e3o conseguem ver \u2013 solu\u00e7\u00e3o para o pa\u00eds.<\/p>\n<p>A compara\u00e7\u00e3o, feita h\u00e1 dias pelo Le Monde, do Brasil com a Fran\u00e7a do romance Os Miser\u00e1veis, de Victor Hugo s\u00f3 peca em uma diferen\u00e7a.<\/p>\n<p>\u00c9 que aqui os nossos impiedosos inspetores Javert n\u00e3o sofrem do drama moral que fez o personagem do livro se atirar ao Sena.<\/p>\n","protected":false},"excerpt":{"rendered":"<p>Pol\u00edtica nacional-desenvolvimentista, em nosso pa\u00eds, n\u00e3o \u00e9 uma op\u00e7\u00e3o, mas uma imposi\u00e7\u00e3o moral.<\/p>\n","protected":false},"author":1,"featured_media":0,"comment_status":"closed","ping_status":"open","sticky":false,"template":"","format":"standard","meta":{"_exactmetrics_skip_tracking":false,"_exactmetrics_sitenote_active":false,"_exactmetrics_sitenote_note":"","_exactmetrics_sitenote_category":0,"jetpack_post_was_ever_published":false,"_jetpack_newsletter_access":"","_jetpack_dont_email_post_to_subs":false,"_jetpack_newsletter_tier_id":0,"_jetpack_memberships_contains_paywalled_content":false,"_jetpack_memberships_contains_paid_content":false,"footnotes":"","jetpack_publicize_message":"","jetpack_publicize_feature_enabled":true,"jetpack_social_post_already_shared":true,"jetpack_social_options":{"image_generator_settings":{"template":"highway","enabled":false},"version":2}},"categories":[1],"tags":[],"class_list":["post-15657","post","type-post","status-publish","format-standard","hentry","category-notas"],"jetpack_publicize_connections":[],"jetpack_sharing_enabled":true,"jetpack_featured_media_url":"","jetpack_shortlink":"https:\/\/wp.me\/p7wKYW-44x","jetpack-related-posts":[],"_links":{"self":[{"href":"http:\/\/blogdalucianaoliveira.com.br\/blog\/wp-json\/wp\/v2\/posts\/15657","targetHints":{"allow":["GET"]}}],"collection":[{"href":"http:\/\/blogdalucianaoliveira.com.br\/blog\/wp-json\/wp\/v2\/posts"}],"about":[{"href":"http:\/\/blogdalucianaoliveira.com.br\/blog\/wp-json\/wp\/v2\/types\/post"}],"author":[{"embeddable":true,"href":"http:\/\/blogdalucianaoliveira.com.br\/blog\/wp-json\/wp\/v2\/users\/1"}],"replies":[{"embeddable":true,"href":"http:\/\/blogdalucianaoliveira.com.br\/blog\/wp-json\/wp\/v2\/comments?post=15657"}],"version-history":[{"count":1,"href":"http:\/\/blogdalucianaoliveira.com.br\/blog\/wp-json\/wp\/v2\/posts\/15657\/revisions"}],"predecessor-version":[{"id":15659,"href":"http:\/\/blogdalucianaoliveira.com.br\/blog\/wp-json\/wp\/v2\/posts\/15657\/revisions\/15659"}],"wp:attachment":[{"href":"http:\/\/blogdalucianaoliveira.com.br\/blog\/wp-json\/wp\/v2\/media?parent=15657"}],"wp:term":[{"taxonomy":"category","embeddable":true,"href":"http:\/\/blogdalucianaoliveira.com.br\/blog\/wp-json\/wp\/v2\/categories?post=15657"},{"taxonomy":"post_tag","embeddable":true,"href":"http:\/\/blogdalucianaoliveira.com.br\/blog\/wp-json\/wp\/v2\/tags?post=15657"}],"curies":[{"name":"wp","href":"https:\/\/api.w.org\/{rel}","templated":true}]}}