{"id":15660,"date":"2017-12-18T21:01:52","date_gmt":"2017-12-19T01:01:52","guid":{"rendered":"http:\/\/blogdalucianaoliveira.com.br\/blog\/?p=15660"},"modified":"2017-12-18T21:01:52","modified_gmt":"2017-12-19T01:01:52","slug":"247-argentina-vira-praca-de-guerra-contra-reformas","status":"publish","type":"post","link":"http:\/\/blogdalucianaoliveira.com.br\/blog\/2017\/12\/18\/247-argentina-vira-praca-de-guerra-contra-reformas\/","title":{"rendered":"247: ARGENTINA VIRA PRA\u00c7A DE GUERRA CONTRA REFORMAS"},"content":{"rendered":"<p><img data-recalc-dims=\"1\" loading=\"lazy\" decoding=\"async\" data-attachment-id=\"15661\" data-permalink=\"http:\/\/blogdalucianaoliveira.com.br\/blog\/2017\/12\/18\/247-argentina-vira-praca-de-guerra-contra-reformas\/9ac74940-3ac8-486c-8a34-46f6c38cc6fa\/\" data-orig-file=\"https:\/\/i0.wp.com\/blogdalucianaoliveira.com.br\/blog\/wp-content\/uploads\/2017\/12\/9AC74940-3AC8-486C-8A34-46F6C38CC6FA.jpeg?fit=480%2C240\" data-orig-size=\"480,240\" data-comments-opened=\"0\" data-image-meta=\"{&quot;aperture&quot;:&quot;0&quot;,&quot;credit&quot;:&quot;&quot;,&quot;camera&quot;:&quot;&quot;,&quot;caption&quot;:&quot;&quot;,&quot;created_timestamp&quot;:&quot;0&quot;,&quot;copyright&quot;:&quot;&quot;,&quot;focal_length&quot;:&quot;0&quot;,&quot;iso&quot;:&quot;0&quot;,&quot;shutter_speed&quot;:&quot;0&quot;,&quot;title&quot;:&quot;&quot;,&quot;orientation&quot;:&quot;0&quot;}\" data-image-title=\"9AC74940-3AC8-486C-8A34-46F6C38CC6FA\" data-image-description=\"\" data-image-caption=\"\" data-medium-file=\"https:\/\/i0.wp.com\/blogdalucianaoliveira.com.br\/blog\/wp-content\/uploads\/2017\/12\/9AC74940-3AC8-486C-8A34-46F6C38CC6FA.jpeg?fit=300%2C150\" data-large-file=\"https:\/\/i0.wp.com\/blogdalucianaoliveira.com.br\/blog\/wp-content\/uploads\/2017\/12\/9AC74940-3AC8-486C-8A34-46F6C38CC6FA.jpeg?fit=480%2C240\" src=\"https:\/\/i0.wp.com\/blogdalucianaoliveira.com.br\/blog\/wp-content\/uploads\/2017\/12\/9AC74940-3AC8-486C-8A34-46F6C38CC6FA.jpeg?resize=480%2C240\" alt=\"9AC74940-3AC8-486C-8A34-46F6C38CC6FA\" width=\"480\" height=\"240\" class=\"alignnone size-full wp-image-15661\" srcset=\"https:\/\/i0.wp.com\/blogdalucianaoliveira.com.br\/blog\/wp-content\/uploads\/2017\/12\/9AC74940-3AC8-486C-8A34-46F6C38CC6FA.jpeg?w=480 480w, https:\/\/i0.wp.com\/blogdalucianaoliveira.com.br\/blog\/wp-content\/uploads\/2017\/12\/9AC74940-3AC8-486C-8A34-46F6C38CC6FA.jpeg?resize=300%2C150 300w\" sizes=\"auto, (max-width: 480px) 100vw, 480px\" \/><\/p>\n<p>Ag\u00eancia Brasil &#8211; A viol\u00eancia registrada do lado de fora da sede do Congresso da Argentina por enfrentamentos entre grupos de manifestantes e a pol\u00edcia se agravou nesta segunda-feira (18) durante a sess\u00e3o que discute a pol\u00eamica reforma da Previd\u00eancia no pa\u00eds proposta pelo governo, enquanto a oposi\u00e7\u00e3o pede que a sess\u00e3o seja suspensa.<!--more--><\/p>\n<p>Segundo o jornal P\u00e1gina 12, por volta das 18h (19h em Bras\u00edlia) o saldo era de 81 feridos. De acordo com o Minist\u00e9rio da Sa\u00fade do pa\u00eds, mais de 60 pessoas foram atendidas em hospitais.<\/p>\n<p>A situa\u00e7\u00e3o chegou a tal ponto que, apesar da determina\u00e7\u00e3o de que a seguran\u00e7a no entorno do Congresso caberia somente \u00e0 pol\u00edcia de Buenos Aires, o contingente n\u00e3o foi suficiente e decidiu-se pela interven\u00e7\u00e3o de agentes da Pol\u00edcia Federal e da Gendarmaria, uma for\u00e7a de natureza militar que responde diretamente ao Executivo nacional.<\/p>\n<p>Antes do in\u00edcio da sess\u00e3o, \u00e0s 14h locais (15h em Bras\u00edlia), manifestantes convocados por organiza\u00e7\u00f5es sociais e sindicais atiraram pedras e garrafas contra os policiais. Tamb\u00e9m lan\u00e7aram roj\u00f5es e fizera barricadas com as grades que cercam o Pal\u00e1cio Legislativo. Depois disso, a pol\u00edcia come\u00e7ou a disparar balas de borracha e a usar g\u00e1s de pimenta.<\/p>\n<p>Os incidentes ocorrem depois que, na quinta-feira passada (14), quando o projeto seria discutido em outra sess\u00e3o, houve um enfrentamento entre gendarmes e manifestantes que deixou dezenas de feridos e v\u00e1rios detidos.<\/p>\n","protected":false},"excerpt":{"rendered":"<p>Ag\u00eancia Brasil &#8211; A viol\u00eancia registrada do lado de fora da sede do Congresso da Argentina por enfrentamentos entre grupos de manifestantes e a pol\u00edcia se agravou nesta segunda-feira (18) durante a sess\u00e3o que discute a pol\u00eamica reforma da Previd\u00eancia no pa\u00eds proposta pelo governo, enquanto a oposi\u00e7\u00e3o pede que a sess\u00e3o seja suspensa.<\/p>\n","protected":false},"author":1,"featured_media":0,"comment_status":"closed","ping_status":"open","sticky":false,"template":"","format":"standard","meta":{"_exactmetrics_skip_tracking":false,"_exactmetrics_sitenote_active":false,"_exactmetrics_sitenote_note":"","_exactmetrics_sitenote_category":0,"jetpack_post_was_ever_published":false,"_jetpack_newsletter_access":"","_jetpack_dont_email_post_to_subs":false,"_jetpack_newsletter_tier_id":0,"_jetpack_memberships_contains_paywalled_content":false,"_jetpack_memberships_contains_paid_content":false,"footnotes":"","jetpack_publicize_message":"","jetpack_publicize_feature_enabled":true,"jetpack_social_post_already_shared":true,"jetpack_social_options":{"image_generator_settings":{"template":"highway","enabled":false},"version":2}},"categories":[1],"tags":[],"class_list":["post-15660","post","type-post","status-publish","format-standard","hentry","category-notas"],"jetpack_publicize_connections":[],"jetpack_sharing_enabled":true,"jetpack_featured_media_url":"","jetpack_shortlink":"https:\/\/wp.me\/p7wKYW-44A","jetpack-related-posts":[],"_links":{"self":[{"href":"http:\/\/blogdalucianaoliveira.com.br\/blog\/wp-json\/wp\/v2\/posts\/15660","targetHints":{"allow":["GET"]}}],"collection":[{"href":"http:\/\/blogdalucianaoliveira.com.br\/blog\/wp-json\/wp\/v2\/posts"}],"about":[{"href":"http:\/\/blogdalucianaoliveira.com.br\/blog\/wp-json\/wp\/v2\/types\/post"}],"author":[{"embeddable":true,"href":"http:\/\/blogdalucianaoliveira.com.br\/blog\/wp-json\/wp\/v2\/users\/1"}],"replies":[{"embeddable":true,"href":"http:\/\/blogdalucianaoliveira.com.br\/blog\/wp-json\/wp\/v2\/comments?post=15660"}],"version-history":[{"count":1,"href":"http:\/\/blogdalucianaoliveira.com.br\/blog\/wp-json\/wp\/v2\/posts\/15660\/revisions"}],"predecessor-version":[{"id":15662,"href":"http:\/\/blogdalucianaoliveira.com.br\/blog\/wp-json\/wp\/v2\/posts\/15660\/revisions\/15662"}],"wp:attachment":[{"href":"http:\/\/blogdalucianaoliveira.com.br\/blog\/wp-json\/wp\/v2\/media?parent=15660"}],"wp:term":[{"taxonomy":"category","embeddable":true,"href":"http:\/\/blogdalucianaoliveira.com.br\/blog\/wp-json\/wp\/v2\/categories?post=15660"},{"taxonomy":"post_tag","embeddable":true,"href":"http:\/\/blogdalucianaoliveira.com.br\/blog\/wp-json\/wp\/v2\/tags?post=15660"}],"curies":[{"name":"wp","href":"https:\/\/api.w.org\/{rel}","templated":true}]}}