{"id":15670,"date":"2017-12-19T09:27:25","date_gmt":"2017-12-19T13:27:25","guid":{"rendered":"http:\/\/blogdalucianaoliveira.com.br\/blog\/?p=15670"},"modified":"2017-12-19T09:27:25","modified_gmt":"2017-12-19T13:27:25","slug":"marcelo-odebrecht-vai-para-casa-apos-dois-anos-e-meio-de-prisao","status":"publish","type":"post","link":"http:\/\/blogdalucianaoliveira.com.br\/blog\/2017\/12\/19\/marcelo-odebrecht-vai-para-casa-apos-dois-anos-e-meio-de-prisao\/","title":{"rendered":"Marcelo Odebrecht vai para casa ap\u00f3s dois anos e meio de pris\u00e3o"},"content":{"rendered":"<p><img data-recalc-dims=\"1\" loading=\"lazy\" decoding=\"async\" data-attachment-id=\"15671\" data-permalink=\"http:\/\/blogdalucianaoliveira.com.br\/blog\/2017\/12\/19\/marcelo-odebrecht-vai-para-casa-apos-dois-anos-e-meio-de-prisao\/mama\/\" data-orig-file=\"https:\/\/i0.wp.com\/blogdalucianaoliveira.com.br\/blog\/wp-content\/uploads\/2017\/12\/mama.jpg?fit=1242%2C828\" data-orig-size=\"1242,828\" data-comments-opened=\"0\" data-image-meta=\"{&quot;aperture&quot;:&quot;0&quot;,&quot;credit&quot;:&quot;&quot;,&quot;camera&quot;:&quot;&quot;,&quot;caption&quot;:&quot;&quot;,&quot;created_timestamp&quot;:&quot;0&quot;,&quot;copyright&quot;:&quot;&quot;,&quot;focal_length&quot;:&quot;0&quot;,&quot;iso&quot;:&quot;0&quot;,&quot;shutter_speed&quot;:&quot;0&quot;,&quot;title&quot;:&quot;&quot;,&quot;orientation&quot;:&quot;0&quot;}\" data-image-title=\"mama\" data-image-description=\"\" data-image-caption=\"\" data-medium-file=\"https:\/\/i0.wp.com\/blogdalucianaoliveira.com.br\/blog\/wp-content\/uploads\/2017\/12\/mama.jpg?fit=300%2C200\" data-large-file=\"https:\/\/i0.wp.com\/blogdalucianaoliveira.com.br\/blog\/wp-content\/uploads\/2017\/12\/mama.jpg?fit=600%2C400\" src=\"https:\/\/i0.wp.com\/blogdalucianaoliveira.com.br\/blog\/wp-content\/uploads\/2017\/12\/mama.jpg?resize=600%2C400\" alt=\"mama\" width=\"600\" height=\"400\" class=\"alignnone size-full wp-image-15671\" srcset=\"https:\/\/i0.wp.com\/blogdalucianaoliveira.com.br\/blog\/wp-content\/uploads\/2017\/12\/mama.jpg?w=1242 1242w, https:\/\/i0.wp.com\/blogdalucianaoliveira.com.br\/blog\/wp-content\/uploads\/2017\/12\/mama.jpg?resize=300%2C200 300w, https:\/\/i0.wp.com\/blogdalucianaoliveira.com.br\/blog\/wp-content\/uploads\/2017\/12\/mama.jpg?resize=768%2C512 768w, https:\/\/i0.wp.com\/blogdalucianaoliveira.com.br\/blog\/wp-content\/uploads\/2017\/12\/mama.jpg?resize=1024%2C683 1024w, https:\/\/i0.wp.com\/blogdalucianaoliveira.com.br\/blog\/wp-content\/uploads\/2017\/12\/mama.jpg?resize=450%2C300 450w\" sizes=\"auto, (max-width: 600px) 100vw, 600px\" \/><\/p>\n<p>Do G1:<\/p>\n<p>Ap\u00f3s dois anos e meio na cadeia, Marcelo Odebrecht, ex-presidente do Grupo Odebrecht, deve deixar a carceragem da Pol\u00edcia Federal, em Curitiba, nesta ter\u00e7a-feira (19). O herdeiro de uma das maiores empresas do pa\u00eds foi preso em 19 de junho de 2015, quando foi deflagrada a 14\u00aa fase da Opera\u00e7\u00e3o Lava Jato, batizada de Erga Omnes.<!--more--><\/p>\n<p>Condenado a 31 anos e 6 meses de pris\u00e3o em dois processos, pelos crimes de corrup\u00e7\u00e3o ativa, lavagem de dinheiro e associa\u00e7\u00e3o criminosa, Marcelo vai deixar a pris\u00e3o gra\u00e7as a um acordo de colabora\u00e7\u00e3o premiada firmado com a Procuradoria-Geral da Rep\u00fablica (PGR) e do qual participaram outras 76 pessoas ligadas \u00e0 Odebrecht.<\/p>\n<p>O acordo determina que Marcelo cumpra uma pena total de 10 anos, incluindo o tempo em que ficou detido no Paran\u00e1.<\/p>\n<p>Como ser\u00e1 cumprida a pena, conforme o acordo:<\/p>\n<p>2 anos e 6 meses em regime fechado (j\u00e1 cumpridos);<br \/>\n2 anos e 6 meses em regime fechado diferenciado: fica em casa e \u00e9 monitorado por tornozeleira eletr\u00f4nica;<br \/>\n2 anos e 6 meses em regime semiaberto diferenciado: pode sair de casa, mas deve se recolher durante a noite e aos fins de semana e feriados. Tamb\u00e9m deve prestar 22 horas mensais de servi\u00e7o comunit\u00e1rio;<br \/>\n2 anos e 6 meses em regime aberto diferenciado: pode sair, mas deve passar os fins de semana e os feriados em casa.<\/p>\n<p>Restri\u00e7\u00f5es e benef\u00edcios<\/p>\n<p>O G1 conseguiu confirmar que, nesta fase de regime fechado diferenciado, o acordo com Marcelo Odebrecht prev\u00ea, ainda:<\/p>\n<p>Restri\u00e7\u00e3o de visitas: as visitas ser\u00e3o limitadas a familiares, advogados e 15 pessoas predeterminadas, que integrar\u00e3o uma lista que ser\u00e1 entregue pela defesa \u00e0 Justi\u00e7a;<\/p>\n<p>Dias \u201clivres\u201d: nos pr\u00f3ximos dois anos e meio, Marcelo ter\u00e1 direito a duas \u201csaidinhas\u201d, ou seja, poder\u00e1 sair de casa em duas ocasi\u00f5es. As datas n\u00e3o foram confirmadas.<\/p>\n<p>Caso haja descumprimento das regras ou caso seja descoberto que as informa\u00e7\u00f5es prestadas na colabora\u00e7\u00e3o n\u00e3o s\u00e3o verdadeiras, a Justi\u00e7a poder\u00e1 determinar a regress\u00e3o de regime, e o benef\u00edcio n\u00e3o valer\u00e1 para outras eventuais condena\u00e7\u00f5es.<\/p>\n<p>Marcelo Odebrecht responde a outros cinco processos na Justi\u00e7a Federal do Paran\u00e1, que ainda n\u00e3o foram julgados em primeira inst\u00e2ncia. Desses, quatro s\u00e3o a\u00e7\u00f5es criminais , e o \u00faltimo \u00e9 um processo por improbidade administrativa, em que tamb\u00e9m s\u00e3o r\u00e9us outros ex-executivos da empreiteira e ex-funcion\u00e1rios da Petrobras.<\/p>\n<p>Multa<br \/>\nPara ter direito a essa pena mais branda, Marcelo Odebrecht teve que contar \u00e0 Justi\u00e7a o que sabia sobre os esquemas criminosos que envolviam a empresa. Al\u00e9m disso, foi obrigado a pagar uma multa de R$ 73,3 milh\u00f5es, valor quitado em junho deste ano.<\/p>\n<p>A Odebrecht, por sua vez, ter\u00e1 que pagar R$ 3,82 bilh\u00f5es em multas, que est\u00e3o previstas em um acordo de leni\u00eancia firmado com autoridades do Brasil, dos Estados Unidos e da Su\u00ed\u00e7a. Desse total, R$ 3 bilh\u00f5es ficar\u00e3o no Brasil, e o restante ser\u00e1 usado para pagar multas nos outros dois pa\u00edses.<\/p>\n<p>(\u2026)<\/p>\n","protected":false},"excerpt":{"rendered":"<p>Do G1: Ap\u00f3s dois anos e meio na cadeia, Marcelo Odebrecht, ex-presidente do Grupo Odebrecht, deve deixar a carceragem da Pol\u00edcia Federal, em Curitiba, nesta ter\u00e7a-feira (19). O herdeiro de uma das maiores empresas do pa\u00eds foi preso em 19 de junho de 2015, quando foi deflagrada a 14\u00aa fase da Opera\u00e7\u00e3o Lava Jato, batizada&#8230;<a class=\"more-link\" href=\"http:\/\/blogdalucianaoliveira.com.br\/blog\/2017\/12\/19\/marcelo-odebrecht-vai-para-casa-apos-dois-anos-e-meio-de-prisao\/\">Continue a leitura <span class=\"meta-nav\">&raquo;<\/span><\/a><\/p>\n","protected":false},"author":1,"featured_media":0,"comment_status":"closed","ping_status":"open","sticky":false,"template":"","format":"standard","meta":{"_exactmetrics_skip_tracking":false,"_exactmetrics_sitenote_active":false,"_exactmetrics_sitenote_note":"","_exactmetrics_sitenote_category":0,"jetpack_post_was_ever_published":false,"_jetpack_newsletter_access":"","_jetpack_dont_email_post_to_subs":false,"_jetpack_newsletter_tier_id":0,"_jetpack_memberships_contains_paywalled_content":false,"_jetpack_memberships_contains_paid_content":false,"footnotes":"","jetpack_publicize_message":"","jetpack_publicize_feature_enabled":true,"jetpack_social_post_already_shared":true,"jetpack_social_options":{"image_generator_settings":{"template":"highway","enabled":false},"version":2}},"categories":[1],"tags":[],"class_list":["post-15670","post","type-post","status-publish","format-standard","hentry","category-notas"],"jetpack_publicize_connections":[],"jetpack_sharing_enabled":true,"jetpack_featured_media_url":"","jetpack_shortlink":"https:\/\/wp.me\/p7wKYW-44K","jetpack-related-posts":[],"_links":{"self":[{"href":"http:\/\/blogdalucianaoliveira.com.br\/blog\/wp-json\/wp\/v2\/posts\/15670","targetHints":{"allow":["GET"]}}],"collection":[{"href":"http:\/\/blogdalucianaoliveira.com.br\/blog\/wp-json\/wp\/v2\/posts"}],"about":[{"href":"http:\/\/blogdalucianaoliveira.com.br\/blog\/wp-json\/wp\/v2\/types\/post"}],"author":[{"embeddable":true,"href":"http:\/\/blogdalucianaoliveira.com.br\/blog\/wp-json\/wp\/v2\/users\/1"}],"replies":[{"embeddable":true,"href":"http:\/\/blogdalucianaoliveira.com.br\/blog\/wp-json\/wp\/v2\/comments?post=15670"}],"version-history":[{"count":1,"href":"http:\/\/blogdalucianaoliveira.com.br\/blog\/wp-json\/wp\/v2\/posts\/15670\/revisions"}],"predecessor-version":[{"id":15672,"href":"http:\/\/blogdalucianaoliveira.com.br\/blog\/wp-json\/wp\/v2\/posts\/15670\/revisions\/15672"}],"wp:attachment":[{"href":"http:\/\/blogdalucianaoliveira.com.br\/blog\/wp-json\/wp\/v2\/media?parent=15670"}],"wp:term":[{"taxonomy":"category","embeddable":true,"href":"http:\/\/blogdalucianaoliveira.com.br\/blog\/wp-json\/wp\/v2\/categories?post=15670"},{"taxonomy":"post_tag","embeddable":true,"href":"http:\/\/blogdalucianaoliveira.com.br\/blog\/wp-json\/wp\/v2\/tags?post=15670"}],"curies":[{"name":"wp","href":"https:\/\/api.w.org\/{rel}","templated":true}]}}