{"id":15673,"date":"2017-12-19T16:37:27","date_gmt":"2017-12-19T20:37:27","guid":{"rendered":"http:\/\/blogdalucianaoliveira.com.br\/blog\/?p=15673"},"modified":"2017-12-19T16:37:27","modified_gmt":"2017-12-19T20:37:27","slug":"retrospectiva-2017-bancada-ruralista-promoveu-ano-de-retrocessos-no-campo","status":"publish","type":"post","link":"http:\/\/blogdalucianaoliveira.com.br\/blog\/2017\/12\/19\/retrospectiva-2017-bancada-ruralista-promoveu-ano-de-retrocessos-no-campo\/","title":{"rendered":"Retrospectiva 2017: Bancada ruralista promoveu ano de retrocessos no campo"},"content":{"rendered":"<p><img data-recalc-dims=\"1\" loading=\"lazy\" decoding=\"async\" data-attachment-id=\"15674\" data-permalink=\"http:\/\/blogdalucianaoliveira.com.br\/blog\/2017\/12\/19\/retrospectiva-2017-bancada-ruralista-promoveu-ano-de-retrocessos-no-campo\/blai-2\/\" data-orig-file=\"https:\/\/i0.wp.com\/blogdalucianaoliveira.com.br\/blog\/wp-content\/uploads\/2017\/12\/blai.jpg?fit=640%2C426\" data-orig-size=\"640,426\" data-comments-opened=\"0\" data-image-meta=\"{&quot;aperture&quot;:&quot;0&quot;,&quot;credit&quot;:&quot;&quot;,&quot;camera&quot;:&quot;&quot;,&quot;caption&quot;:&quot;&quot;,&quot;created_timestamp&quot;:&quot;0&quot;,&quot;copyright&quot;:&quot;&quot;,&quot;focal_length&quot;:&quot;0&quot;,&quot;iso&quot;:&quot;0&quot;,&quot;shutter_speed&quot;:&quot;0&quot;,&quot;title&quot;:&quot;&quot;,&quot;orientation&quot;:&quot;0&quot;}\" data-image-title=\"blai\" data-image-description=\"\" data-image-caption=\"\" data-medium-file=\"https:\/\/i0.wp.com\/blogdalucianaoliveira.com.br\/blog\/wp-content\/uploads\/2017\/12\/blai.jpg?fit=300%2C200\" data-large-file=\"https:\/\/i0.wp.com\/blogdalucianaoliveira.com.br\/blog\/wp-content\/uploads\/2017\/12\/blai.jpg?fit=600%2C399\" class=\"alignnone size-full wp-image-15674\" src=\"https:\/\/i0.wp.com\/blogdalucianaoliveira.com.br\/blog\/wp-content\/uploads\/2017\/12\/blai.jpg?resize=600%2C399\" alt=\"blai\" width=\"600\" height=\"399\" srcset=\"https:\/\/i0.wp.com\/blogdalucianaoliveira.com.br\/blog\/wp-content\/uploads\/2017\/12\/blai.jpg?w=640 640w, https:\/\/i0.wp.com\/blogdalucianaoliveira.com.br\/blog\/wp-content\/uploads\/2017\/12\/blai.jpg?resize=300%2C200 300w, https:\/\/i0.wp.com\/blogdalucianaoliveira.com.br\/blog\/wp-content\/uploads\/2017\/12\/blai.jpg?resize=451%2C300 451w\" sizes=\"auto, (max-width: 600px) 100vw, 600px\" \/><\/p>\n<p>Pautas do agroneg\u00f3cio foram usadas como moeda de troca por Michel Temer para tentar aprovar reforma da Previd\u00eancia<!--more--><\/p>\n<p>Brasil de Fato | S\u00e3o Paulo (SP)<\/p>\n<p>Em 2017, a bancada ruralista fez uma s\u00e9rie de tentativas \u2014 e, em alguns casos, conseguiu \u2014 emplacar uma s\u00e9rie de retrocessos no campo.<\/p>\n<p>Durante todo o ano, o governo golpista de Michel Temer (PMDB) buscou agradar os parlamentares ligados ao agroneg\u00f3cio para tentar aprovar sua principal agenda econ\u00f4mica, a reforma da Previd\u00eancia.<\/p>\n<p>Enquanto prop\u00f4s o al\u00edvio das d\u00edvidas previdenci\u00e1rias dos ruralistas, o governo reduziu drasticamente o or\u00e7amento para a reforma agr\u00e1ria e demarca\u00e7\u00e3o de terras ind\u00edgenas e quilombolas em 2018.<\/p>\n<p>No Congresso Nacional, a bancada ruralista, que representa mais de 40% dos parlamentares da C\u00e2mara dos Deputados, tamb\u00e9m conseguiu agilizar a tramita\u00e7\u00e3o de propostas que v\u00e3o flexibilizar leis sobre agrot\u00f3xicos.<\/p>\n<p>Venda de terras para estrangeiros<br \/>\nNo in\u00edcio do ano, o governo golpista retomou a discuss\u00e3o do PL 4059\/2012, de autoria do atual ministro da Agricultura, Blairo Maggi.<\/p>\n<p>A proposta quer liberar a venda de terras por empresas estrangeiras, assim como empresas nacionais com participa\u00e7\u00e3o de capital estrangeiro \u2014 hoje a op\u00e7\u00e3o n\u00e3o \u00e9 permitida pela lei brasileira.<\/p>\n<p>Os movimentos populares afirmam que a proposta amea\u00e7a a soberania nacional, que comprometeria os recursos naturais e a reforma agr\u00e1ria. A proposta ficou paralisada por diverg\u00eancias entre integrantes do governo quanto \u00e0 forma e ao conte\u00fado do projeto.<\/p>\n<p>Aprova\u00e7\u00e3o do relat\u00f3rio da CPI da Funai e do Incra<br \/>\nA bancada ruralista aprofundou neste ano a persegui\u00e7\u00e3o e criminaliza\u00e7\u00e3o da luta pela garantia dos direitos ind\u00edgenas. Em maio, deputados aprovaram o relat\u00f3rio da CPI da Funai (Funda\u00e7\u00e3o Nacional do \u00cdndio) e do Incra (Instituto Nacional de Coloniza\u00e7\u00e3o e Reforma Agr\u00e1ria). O texto pede o indiciamento de mais de 70 pessoas, entre ind\u00edgenas, antrop\u00f3logos, servidores e gestores do Incra e da Funai, professores universit\u00e1rios e membros de organiza\u00e7\u00f5es n\u00e3o governamentais.<\/p>\n<p><img data-recalc-dims=\"1\" loading=\"lazy\" decoding=\"async\" data-attachment-id=\"15675\" data-permalink=\"http:\/\/blogdalucianaoliveira.com.br\/blog\/2017\/12\/19\/retrospectiva-2017-bancada-ruralista-promoveu-ano-de-retrocessos-no-campo\/fu\/\" data-orig-file=\"https:\/\/i0.wp.com\/blogdalucianaoliveira.com.br\/blog\/wp-content\/uploads\/2017\/12\/fu.jpg?fit=640%2C426\" data-orig-size=\"640,426\" data-comments-opened=\"0\" data-image-meta=\"{&quot;aperture&quot;:&quot;0&quot;,&quot;credit&quot;:&quot;&quot;,&quot;camera&quot;:&quot;&quot;,&quot;caption&quot;:&quot;&quot;,&quot;created_timestamp&quot;:&quot;0&quot;,&quot;copyright&quot;:&quot;&quot;,&quot;focal_length&quot;:&quot;0&quot;,&quot;iso&quot;:&quot;0&quot;,&quot;shutter_speed&quot;:&quot;0&quot;,&quot;title&quot;:&quot;&quot;,&quot;orientation&quot;:&quot;0&quot;}\" data-image-title=\"fu\" data-image-description=\"\" data-image-caption=\"\" data-medium-file=\"https:\/\/i0.wp.com\/blogdalucianaoliveira.com.br\/blog\/wp-content\/uploads\/2017\/12\/fu.jpg?fit=300%2C200\" data-large-file=\"https:\/\/i0.wp.com\/blogdalucianaoliveira.com.br\/blog\/wp-content\/uploads\/2017\/12\/fu.jpg?fit=600%2C399\" src=\"https:\/\/i0.wp.com\/blogdalucianaoliveira.com.br\/blog\/wp-content\/uploads\/2017\/12\/fu.jpg?resize=600%2C399\" alt=\"fu\" width=\"600\" height=\"399\" class=\"alignnone size-full wp-image-15675\" srcset=\"https:\/\/i0.wp.com\/blogdalucianaoliveira.com.br\/blog\/wp-content\/uploads\/2017\/12\/fu.jpg?w=640 640w, https:\/\/i0.wp.com\/blogdalucianaoliveira.com.br\/blog\/wp-content\/uploads\/2017\/12\/fu.jpg?resize=300%2C200 300w, https:\/\/i0.wp.com\/blogdalucianaoliveira.com.br\/blog\/wp-content\/uploads\/2017\/12\/fu.jpg?resize=451%2C300 451w\" sizes=\"auto, (max-width: 600px) 100vw, 600px\" \/><br \/>\nInd\u00edgenas protestam contra CPI da Funai e do Incra. Foto: M\u00eddia Ninja<\/p>\n<p>O documento tamb\u00e9m menciona \u201cfalsos \u00edndios\u201d que se teriam se beneficiado com concess\u00e3o de terras. Para entidades que atuam na defesa dos direitos humanos, a articula\u00e7\u00e3o da CPI est\u00e1 conectada ao contexto de aumento da viol\u00eancia no campo.<\/p>\n<p>Os pedidos de indiciamento foram encaminhados ao Minist\u00e9rio P\u00fablico Federal e \u00e0 Pol\u00edcia Federal.<\/p>\n<p>Aprova\u00e7\u00e3o da Lei de Regulariza\u00e7\u00e3o Fundi\u00e1ria<br \/>\nOutro dos grandes retrocessos no campo neste ano, foi a aprova\u00e7\u00e3o em julho da Medida Provis\u00f3ria 759, de 2016, que trata da regulariza\u00e7\u00e3o fundi\u00e1ria rural e urbana, que foi sancionada por Temer na forma da Lei 13.465\/2017.<\/p>\n<p>Durante a tramita\u00e7\u00e3o, a proposta ficou conhecida como &#8220;MP da Grilagem&#8221;, por privilegiar a especula\u00e7\u00e3o de terras, o desmatamento e prejudicar a reforma agr\u00e1ria.<\/p>\n<p>Na vis\u00e3o de especialistas e dos movimentos populares do campo, a nova lei vai acirrar conflitos de terra, que s\u00f3 neste ano deixaram quase 50 mortos no pa\u00eds.<\/p>\n<p>Bloqueio de novas demarca\u00e7\u00f5es de terras ind\u00edgenas e quilombolas<br \/>\nTamb\u00e9m em julho, o presidente golpista assinou um parecer da Advocacia Geral da Uni\u00e3o (AGU) que pode bloquear novas demarca\u00e7\u00f5es de terras ind\u00edgenas e quilombolas no pa\u00eds.<\/p>\n<p>Isso porque o texto imp\u00f5e a todos os \u00f3rg\u00e3os do Executivo federal a orienta\u00e7\u00e3o do &#8220;marco temporal&#8221;. A tese afirma que as comunidades ind\u00edgenas s\u00f3 t\u00eam direito aos seus territ\u00f3rios caso estivessem em posse deles na data da promulga\u00e7\u00e3o da Constitui\u00e7\u00e3o Federal, 5 de outubro de 1988.<\/p>\n<p>A proposta se alinha \u00e0 Proposta de Emenda \u00e0 Constitui\u00e7\u00e3o (PEC) 215, que transfere ao Legislativo as demarca\u00e7\u00f5es de terras.<\/p>\n<p>Proposta de anistia \u00e0s d\u00edvidas previdenci\u00e1rias dos latifundi\u00e1rios<br \/>\nEm busca de apoio para tentar aprovar a reforma da Previd\u00eancia, Temer publicou, em agosto, uma MP que aliviava as d\u00edvidas previdenci\u00e1rias dos ruralistas.<\/p>\n<p>O setor mant\u00e9m uma d\u00edvida bilion\u00e1ria em tributos atrasados para os cofres p\u00fablicos, avaliada no total de R$ 8 bilh\u00f5es a R$ 10 bilh\u00f5es.<\/p>\n<p>A medida tamb\u00e9m previa a diminui\u00e7\u00e3o em quase pela metade do percentual da al\u00edquota paga para o Fundo de Assist\u00eancia ao Trabalhador Rural (Funrural), que \u00e9 a contribui\u00e7\u00e3o previdenci\u00e1ria do setor agr\u00edcola, passando de uma contribui\u00e7\u00e3o de 2,1% para 1,3%.<\/p>\n<p>No entanto, os deputados n\u00e3o conseguiram votar a proposta dentro do prazo, que perdeu a validade e o Planalto ter\u00e1 que enviar uma nova proposta ao Congresso Nacional.<\/p>\n<p>Explora\u00e7\u00e3o de reserva na Amaz\u00f4nia por mineradoras<br \/>\nEm setembro, Temer tentou permitir a explora\u00e7\u00e3o de mineradoras na Reserva Nacional de Cobre e Associados (Renca), \u00e1rea de prote\u00e7\u00e3o ambiental na Amaz\u00f4nia que abrange territ\u00f3rios ind\u00edgenas.<\/p>\n<p>O an\u00fancio foi feito sem a consulta pr\u00e9via dos povos ind\u00edgenas e foi criticado por ambientalistas e movimentos populares. Por causa de rea\u00e7\u00f5es negativas, o presidente golpista revogou a extin\u00e7\u00e3o da Renca por 120 dias.<\/p>\n<p>Tentativa de acabar com o combate ao trabalho escravo<br \/>\nUma decis\u00e3o que gerou muita pol\u00eamica foi a tentativa de altera\u00e7\u00f5es sobre a legisla\u00e7\u00e3o do trabalho escravo no pa\u00eds.<\/p>\n<p>Em outubro, ainda sob press\u00e3o da bancada ruralista para a aprova\u00e7\u00e3o da agenda de reformas, o governo tentou dificultar a fiscaliza\u00e7\u00e3o do trabalho an\u00e1logo \u00e0 escravid\u00e3o e divulga\u00e7\u00e3o da chamada Lista Suja, por meio de uma portaria no Di\u00e1rio Oficial da Uni\u00e3o.<\/p>\n<p>O texto afirmava que, para que o trabalho seja considerado trabalho for\u00e7ado, \u00e9 necess\u00e1ria a comprova\u00e7\u00e3o de priva\u00e7\u00e3o do direito de ir e vir \u2014 o que contraria o C\u00f3digo Penal.<\/p>\n<p>A ministra do Supremo Tribunal Federal (STF), Rosa Weber, concedeu uma decis\u00e3o liminar que suspendeu a proposta.<\/p>\n<p>Avan\u00e7o da discuss\u00e3o da Lei de cultivares<br \/>\nNeste ano, a discuss\u00e3o em torno do Projeto de Lei (PL) 827\/2015 avan\u00e7ou na C\u00e2mara dos Deputados. Conhecido como Projeto de Lei de Prote\u00e7\u00e3o aos Cultivares, a proposta pretende passar o controle sobre o uso de sementes, plantas e mudas modificadas para grandes empresas.<\/p>\n<p>No in\u00edcio de dezembro, a comiss\u00e3o especial se reuniu para discutir pontos do parecer do relator, deputado Nilson Leit\u00e3o (PSDB-MT), deputado da bancada ruralista defensor dos interesses de grandes empresas no Congresso. A vota\u00e7\u00e3o do relat\u00f3rio ainda n\u00e3o tem data marcada para acontecer.<\/p>\n<p>De acordo com o projeto, a comercializa\u00e7\u00e3o do produto que for obtido na colheita depender\u00e1 da autoriza\u00e7\u00e3o do detentor das chamadas cultivares, que s\u00e3o plantas que tiveram alguma modifica\u00e7\u00e3o pela a\u00e7\u00e3o humana, como as h\u00edbridas, por exemplo.<\/p>\n<p>Diminui\u00e7\u00e3o do or\u00e7amento para reforma agr\u00e1ria<br \/>\nNas primeiras semanas de dezembro, o Congresso Nacional aprovou a proposta or\u00e7ament\u00e1ria de 2018, a primeira sob a Emenda Constitucional 95, que instituiu um teto para os gastos p\u00fablicos.<\/p>\n<p>O Projeto de Lei Or\u00e7ament\u00e1ria Anual de 2018 promoveu cortes severos em a\u00e7\u00f5es estrat\u00e9gicas para a popula\u00e7\u00e3o do campo, quilombolas e ind\u00edgenas. A queda no or\u00e7amento enviado por Temer ao Congresso Nacional pode chegar a 95%, quando comparado a 2015.<\/p>\n<p>O valor destinado \u00e0 obten\u00e7\u00e3o de terras para a reforma agr\u00e1ria para 2018 ser\u00e1 de R$ 34,2 milh\u00f5es. Em 2015, ainda no governo da presidenta petista Dilma Rousseff, esse valor chegou a R$ 800 milh\u00f5es.<\/p>\n<p>Em outubro, movimentos populares do campo realizaram uma s\u00e9rie de manifesta\u00e7\u00f5es, durante uma semana, contra os cortes na \u00e1rea.<\/p>\n<p><img data-recalc-dims=\"1\" loading=\"lazy\" decoding=\"async\" data-attachment-id=\"15676\" data-permalink=\"http:\/\/blogdalucianaoliveira.com.br\/blog\/2017\/12\/19\/retrospectiva-2017-bancada-ruralista-promoveu-ano-de-retrocessos-no-campo\/agro-2\/\" data-orig-file=\"https:\/\/i0.wp.com\/blogdalucianaoliveira.com.br\/blog\/wp-content\/uploads\/2017\/12\/agro.jpg?fit=640%2C480\" data-orig-size=\"640,480\" data-comments-opened=\"0\" data-image-meta=\"{&quot;aperture&quot;:&quot;0&quot;,&quot;credit&quot;:&quot;&quot;,&quot;camera&quot;:&quot;&quot;,&quot;caption&quot;:&quot;&quot;,&quot;created_timestamp&quot;:&quot;0&quot;,&quot;copyright&quot;:&quot;&quot;,&quot;focal_length&quot;:&quot;0&quot;,&quot;iso&quot;:&quot;0&quot;,&quot;shutter_speed&quot;:&quot;0&quot;,&quot;title&quot;:&quot;&quot;,&quot;orientation&quot;:&quot;0&quot;}\" data-image-title=\"agro\" data-image-description=\"\" data-image-caption=\"\" data-medium-file=\"https:\/\/i0.wp.com\/blogdalucianaoliveira.com.br\/blog\/wp-content\/uploads\/2017\/12\/agro.jpg?fit=300%2C225\" data-large-file=\"https:\/\/i0.wp.com\/blogdalucianaoliveira.com.br\/blog\/wp-content\/uploads\/2017\/12\/agro.jpg?fit=600%2C450\" src=\"https:\/\/i0.wp.com\/blogdalucianaoliveira.com.br\/blog\/wp-content\/uploads\/2017\/12\/agro.jpg?resize=600%2C450\" alt=\"agro\" width=\"600\" height=\"450\" class=\"alignnone size-full wp-image-15676\" srcset=\"https:\/\/i0.wp.com\/blogdalucianaoliveira.com.br\/blog\/wp-content\/uploads\/2017\/12\/agro.jpg?w=640 640w, https:\/\/i0.wp.com\/blogdalucianaoliveira.com.br\/blog\/wp-content\/uploads\/2017\/12\/agro.jpg?resize=300%2C225 300w, https:\/\/i0.wp.com\/blogdalucianaoliveira.com.br\/blog\/wp-content\/uploads\/2017\/12\/agro.jpg?resize=400%2C300 400w\" sizes=\"auto, (max-width: 600px) 100vw, 600px\" \/><\/p>\n<p>Trabalhadores ocupam o Minist\u00e9rio do Planejamento, em Bras\u00edlia, contra cortes no or\u00e7amento de 2018. Foto: MST<\/p>\n<p>Tramita\u00e7\u00e3o de projetos favor\u00e1veis aos agrot\u00f3xicos<br \/>\nNo Senado, os parlamentares discutem a flexibiliza\u00e7\u00e3o da rotulagem dos transg\u00eanicos. Um projeto de lei estabelece que o lacre dos produtos n\u00e3o precise informar a exist\u00eancia de organismos geneticamente modificados, caso eles tenham concentra\u00e7\u00e3o inferior a 1% do total.<\/p>\n<p>J\u00e1 na C\u00e2mara dos Deputados uma s\u00e9rie de projetos apensados conhecido como &#8220;Pacote do Veneno&#8221;. Entre eles est\u00e1 o PL 6299\/2002, projeto que altera as regras da lei do uso, pesquisa, produ\u00e7\u00e3o e comercializa\u00e7\u00e3o dos agrot\u00f3xicos; e o PL 3.200\/2015, que veta o termo &#8220;agrot\u00f3xico&#8221;.<\/p>\n<p>Pelo texto, os venenos passar\u00e3o a chamados de &#8220;defensivos fitossanit\u00e1rios&#8221;. O projeto j\u00e1 foi aprovado pelo Senado.<\/p>\n<p>Edi\u00e7\u00e3o: Mauro Ramos<\/p>\n","protected":false},"excerpt":{"rendered":"<p>Pautas do agroneg\u00f3cio foram usadas como moeda de troca por Michel Temer para tentar aprovar reforma da Previd\u00eancia<\/p>\n","protected":false},"author":1,"featured_media":0,"comment_status":"closed","ping_status":"open","sticky":false,"template":"","format":"standard","meta":{"_exactmetrics_skip_tracking":false,"_exactmetrics_sitenote_active":false,"_exactmetrics_sitenote_note":"","_exactmetrics_sitenote_category":0,"jetpack_post_was_ever_published":false,"_jetpack_newsletter_access":"","_jetpack_dont_email_post_to_subs":false,"_jetpack_newsletter_tier_id":0,"_jetpack_memberships_contains_paywalled_content":false,"_jetpack_memberships_contains_paid_content":false,"footnotes":"","jetpack_publicize_message":"","jetpack_publicize_feature_enabled":true,"jetpack_social_post_already_shared":true,"jetpack_social_options":{"image_generator_settings":{"template":"highway","enabled":false},"version":2}},"categories":[1],"tags":[],"class_list":["post-15673","post","type-post","status-publish","format-standard","hentry","category-notas"],"jetpack_publicize_connections":[],"jetpack_sharing_enabled":true,"jetpack_featured_media_url":"","jetpack_shortlink":"https:\/\/wp.me\/p7wKYW-44N","jetpack-related-posts":[],"_links":{"self":[{"href":"http:\/\/blogdalucianaoliveira.com.br\/blog\/wp-json\/wp\/v2\/posts\/15673","targetHints":{"allow":["GET"]}}],"collection":[{"href":"http:\/\/blogdalucianaoliveira.com.br\/blog\/wp-json\/wp\/v2\/posts"}],"about":[{"href":"http:\/\/blogdalucianaoliveira.com.br\/blog\/wp-json\/wp\/v2\/types\/post"}],"author":[{"embeddable":true,"href":"http:\/\/blogdalucianaoliveira.com.br\/blog\/wp-json\/wp\/v2\/users\/1"}],"replies":[{"embeddable":true,"href":"http:\/\/blogdalucianaoliveira.com.br\/blog\/wp-json\/wp\/v2\/comments?post=15673"}],"version-history":[{"count":1,"href":"http:\/\/blogdalucianaoliveira.com.br\/blog\/wp-json\/wp\/v2\/posts\/15673\/revisions"}],"predecessor-version":[{"id":15677,"href":"http:\/\/blogdalucianaoliveira.com.br\/blog\/wp-json\/wp\/v2\/posts\/15673\/revisions\/15677"}],"wp:attachment":[{"href":"http:\/\/blogdalucianaoliveira.com.br\/blog\/wp-json\/wp\/v2\/media?parent=15673"}],"wp:term":[{"taxonomy":"category","embeddable":true,"href":"http:\/\/blogdalucianaoliveira.com.br\/blog\/wp-json\/wp\/v2\/categories?post=15673"},{"taxonomy":"post_tag","embeddable":true,"href":"http:\/\/blogdalucianaoliveira.com.br\/blog\/wp-json\/wp\/v2\/tags?post=15673"}],"curies":[{"name":"wp","href":"https:\/\/api.w.org\/{rel}","templated":true}]}}