{"id":15688,"date":"2017-12-20T07:36:14","date_gmt":"2017-12-20T11:36:14","guid":{"rendered":"http:\/\/blogdalucianaoliveira.com.br\/blog\/?p=15688"},"modified":"2017-12-20T07:36:14","modified_gmt":"2017-12-20T11:36:14","slug":"aumento-do-encarceramento-feminino-revela-racismo-estrutural-nas-prisoes","status":"publish","type":"post","link":"http:\/\/blogdalucianaoliveira.com.br\/blog\/2017\/12\/20\/aumento-do-encarceramento-feminino-revela-racismo-estrutural-nas-prisoes\/","title":{"rendered":"Aumento do encarceramento feminino revela racismo estrutural nas pris\u00f5es"},"content":{"rendered":"<p><img data-recalc-dims=\"1\" loading=\"lazy\" decoding=\"async\" data-attachment-id=\"15689\" data-permalink=\"http:\/\/blogdalucianaoliveira.com.br\/blog\/2017\/12\/20\/aumento-do-encarceramento-feminino-revela-racismo-estrutural-nas-prisoes\/bbfedba1-c19d-4df6-a1fc-33ff0f13107c\/\" data-orig-file=\"https:\/\/i0.wp.com\/blogdalucianaoliveira.com.br\/blog\/wp-content\/uploads\/2017\/12\/BBFEDBA1-C19D-4DF6-A1FC-33FF0F13107C.jpeg?fit=580%2C388\" data-orig-size=\"580,388\" data-comments-opened=\"0\" data-image-meta=\"{&quot;aperture&quot;:&quot;0&quot;,&quot;credit&quot;:&quot;&quot;,&quot;camera&quot;:&quot;&quot;,&quot;caption&quot;:&quot;&quot;,&quot;created_timestamp&quot;:&quot;0&quot;,&quot;copyright&quot;:&quot;&quot;,&quot;focal_length&quot;:&quot;0&quot;,&quot;iso&quot;:&quot;0&quot;,&quot;shutter_speed&quot;:&quot;0&quot;,&quot;title&quot;:&quot;&quot;,&quot;orientation&quot;:&quot;0&quot;}\" data-image-title=\"BBFEDBA1-C19D-4DF6-A1FC-33FF0F13107C\" data-image-description=\"\" data-image-caption=\"\" data-medium-file=\"https:\/\/i0.wp.com\/blogdalucianaoliveira.com.br\/blog\/wp-content\/uploads\/2017\/12\/BBFEDBA1-C19D-4DF6-A1FC-33FF0F13107C.jpeg?fit=300%2C201\" data-large-file=\"https:\/\/i0.wp.com\/blogdalucianaoliveira.com.br\/blog\/wp-content\/uploads\/2017\/12\/BBFEDBA1-C19D-4DF6-A1FC-33FF0F13107C.jpeg?fit=580%2C388\" src=\"https:\/\/i0.wp.com\/blogdalucianaoliveira.com.br\/blog\/wp-content\/uploads\/2017\/12\/BBFEDBA1-C19D-4DF6-A1FC-33FF0F13107C.jpeg?resize=580%2C388\" alt=\"BBFEDBA1-C19D-4DF6-A1FC-33FF0F13107C\" width=\"580\" height=\"388\" class=\"alignnone size-full wp-image-15689\" srcset=\"https:\/\/i0.wp.com\/blogdalucianaoliveira.com.br\/blog\/wp-content\/uploads\/2017\/12\/BBFEDBA1-C19D-4DF6-A1FC-33FF0F13107C.jpeg?w=580 580w, https:\/\/i0.wp.com\/blogdalucianaoliveira.com.br\/blog\/wp-content\/uploads\/2017\/12\/BBFEDBA1-C19D-4DF6-A1FC-33FF0F13107C.jpeg?resize=300%2C201 300w, https:\/\/i0.wp.com\/blogdalucianaoliveira.com.br\/blog\/wp-content\/uploads\/2017\/12\/BBFEDBA1-C19D-4DF6-A1FC-33FF0F13107C.jpeg?resize=448%2C300 448w\" sizes=\"auto, (max-width: 580px) 100vw, 580px\" \/><\/p>\n<p>Livro &#8220;O Que \u00e9 Encarceramento em Massa&#8221; discute tema com base em intelectuais negras como Sueli Carneiro e Angela Davis<!--more--><\/p>\n<p>Norma Odara<br \/>\nBrasil de Fato | S\u00e3o Paulo<\/p>\n<p>&#8220;O Que \u00e9 Encarceramento em Massa&#8221; \u00e9 o nome do livro da s\u00e9rie Feminismos Plurais, que discute a fus\u00e3o entre aprisionamento, seletividade penal e racial no Brasil e feminismo negro. A obra tem como base as teorias de inteletuais negras como Sueli Carneiro e a estadunidense Angela Davis.<\/p>\n<p>A pesquisadora em Antropologia na Funda\u00e7\u00e3o Escola de Sociologia e Pol\u00edtica de S\u00e3o Paulo (FESPSP), Juliana Borges, que tamb\u00e9m foi secret\u00e1ria-Adjunta da Secretaria Municipal de Pol\u00edticas para as Mulheres da Prefeitura de S\u00e3o Paulo, em 2014  recebeu o convite da fil\u00f3sofa Djamila Ribeiro para abordar o tema sobre seguran\u00e7a p\u00fablica no livro.<\/p>\n<p>Na obra, a autora alerta para o aumento do encarceramento feminino, que aumentou 567,4% entre 2006 e 2014.<\/p>\n<p>Juliana, que foi uma das organizadoras do Encontro Nacional da Juventude Negra, em 2007, fala a Radioag\u00eancia Brasil de Fato sobre os temas centrais do livro.<\/p>\n<p>Leia a \u00edntegra da entrevista:<\/p>\n<p>Brasil de Fato: O livro &#8220;O que \u00e9 encarceramento em massa&#8221; busca analisar o racismo estrutural que se reflete tamb\u00e9m no sistema prisional. Como \u00e9 poss\u00edvel analisar e tra\u00e7ar paralelos entre o encarceramento e  o punitivismo penal com a quest\u00e3o do feminismo negro?<\/p>\n<p>Juliana Borges: Tem tudo a ver, a princ\u00edpio quando a gente vai pensar na tem\u00e1tica do encarceramento em massa, a gente acaba pensando muito nas pris\u00f5es masculinas, que, de fato, s\u00e3o a maioria das pris\u00f5es no cen\u00e1rio. No \u00faltimo relat\u00f3rio, a gente tem mais de 700 mil pessoas em situa\u00e7\u00e3o prisional, destes mais de 90% s\u00e3o homens. Ent\u00e3o, a gente acaba sempre pensando esse assunto ligado a quest\u00e3o masculina. S\u00f3 que se a gente for pensar no aumento dos encarceramentos hoje no mundo, a gente vai perceber que a tend\u00eancia de maior aumento tem sido do encarceramento de mulheres. Ent\u00e3o, no caso do Brasil, no \u00faltimo relat\u00f3rio de 2006 a 2014, a gente teve um aumento de mais de 500% do encarceramento feminino. <\/p>\n<p>No livro s\u00e3o citadas intelectuais brasileiras como Sueli Carneiro, Thula Pires, mas tamb\u00e9m Angela Davis, essencial para o movimento dos Panteras Negras nos Estados Unidos. Como o pensamento dessas intelectuais contribuem com o tema? E qual solu\u00e7\u00e3o \u00e9 gerada a partir delas?<\/p>\n<p>Eu utilizei muito as formula\u00e7\u00f5es da Sueli Carneiro numa parte em que eu trato sobre ideologia, sobre o porqu\u00ea a gente precisa compreender o racismo como uma opress\u00e3o, que ele \u00e9 uma ideologia, que perpassa toda a estrutura\u00e7\u00e3o do Estado brasileiro. A Angela Davis \u00e9 uma militante e intelectual que \u00e9 fundamental na quest\u00e3o do abolicionismo penal. Da import\u00e2ncia de se pensar n\u00e3o mais nas pris\u00f5es como espa\u00e7os cab\u00edveis para puni\u00e7\u00e3o, ou n\u00e3o pensar mais na puni\u00e7\u00e3o como maneira de resolver conflitos, de resolver problemas.<\/p>\n<p>A gente pensa a figura dessa pessoa [encarcerada] que quebrou algum contrato social, acha que privando ela de liberdade, sem nenhuma discuss\u00e3o sobre aquilo, sem nenhuma problematiza\u00e7\u00e3o do que \u00e9 crime e do que n\u00e3o \u00e9, a gente apartando essa pessoa da sociedade, a gente vai resolver isso. Na verdade, o que se tem provado historicamente n\u00e3o \u00e9 isso, n\u00e3o se resolvem os problemas. Ent\u00e3o a gente precisa discutir radicalmente solu\u00e7\u00f5es para este tema, para essa quest\u00e3o.<\/p>\n<p>Todo dia vemos pautas conservadoras ganhando espa\u00e7o na sociedade. Segundo o Anu\u00e1rio Brasileiro de Seguran\u00e7a P\u00fablica, em 2014, mais de 600 mil pessoas estavam presas no Brasil. Como voc\u00ea enxerga este elevado n\u00famero de encarceramentos e como eles refletem uma vis\u00e3o de que a pris\u00e3o \u00e9 a solu\u00e7\u00e3o dos problemas da viol\u00eancia? Como isso pode ser desmistificado para a sociedade?<\/p>\n<p>No relat\u00f3rio, est\u00e1vamos em quarto lugar no ranking de pa\u00edses que mais encarceram no mundo. Agora, n\u00f3s infelizmente passamos a R\u00fassia e estamos em terceiro lugar, com mais de 700 mil pessoas [encarceradas] no Brasil. O racismo, ele \u00e9 uma v\u00e9rtebra fundamental para a experi\u00eancia do colonialismo, nas Am\u00e9ricas e no Brasil. Acho que estes n\u00fameros v\u00e3o se refletindo de uma vis\u00e3o brasileira violenta, mas que principalmente se acentua a partir de 2006, quando agente tem a aprova\u00e7\u00e3o da nova lei de drogas. Essa legisla\u00e7\u00e3o \u00e9 um divisor de \u00e1guas da gente ter uma ascens\u00e3o t\u00e3o grande no n\u00famero de encarcerados. Se a gente for olhar grande parte das pessoas em situa\u00e7\u00e3o prisional, cerca de 40%, n\u00e3o passaram por julgamento, s\u00e3o pessoas que poderiam estar passando pelo julgamento em liberdade.  <\/p>\n<p>Como o caso do ex-catador de latinhas, Rafael Braga, que contraiu tuberculose em uma superlotada pris\u00e3o e foi condenado a 11 anos e 3 meses de pris\u00e3o por tr\u00e1fico e associa\u00e7\u00e3o ao tr\u00e1fico,  podem ser inseridos neste contexto de seletividade penal ?<\/p>\n<p>Eu acho o caso do Rafael emblem\u00e1tico. O movimento negro brasileiro ter compreendido essa quest\u00e3o e abra\u00e7ado com seriedade a campanha para problematizar, questionar e pedir a liberdade do Rafael Braga foi importante. Porque n\u00e3o \u00e9 s\u00f3 pedir a liberdade dele, mas escancarar todas as contradi\u00e7\u00f5es e problemas no sistema de justi\u00e7a criminal.<\/p>\n<p>Edi\u00e7\u00e3o: Camila Salm\u00e1zio<\/p>\n","protected":false},"excerpt":{"rendered":"<p>Livro &#8220;O Que \u00e9 Encarceramento em Massa&#8221; discute tema com base em intelectuais negras como Sueli Carneiro e Angela Davis<\/p>\n","protected":false},"author":1,"featured_media":0,"comment_status":"closed","ping_status":"open","sticky":false,"template":"","format":"standard","meta":{"_exactmetrics_skip_tracking":false,"_exactmetrics_sitenote_active":false,"_exactmetrics_sitenote_note":"","_exactmetrics_sitenote_category":0,"jetpack_post_was_ever_published":false,"_jetpack_newsletter_access":"","_jetpack_dont_email_post_to_subs":false,"_jetpack_newsletter_tier_id":0,"_jetpack_memberships_contains_paywalled_content":false,"_jetpack_memberships_contains_paid_content":false,"footnotes":"","jetpack_publicize_message":"","jetpack_publicize_feature_enabled":true,"jetpack_social_post_already_shared":true,"jetpack_social_options":{"image_generator_settings":{"template":"highway","enabled":false},"version":2}},"categories":[1],"tags":[],"class_list":["post-15688","post","type-post","status-publish","format-standard","hentry","category-notas"],"jetpack_publicize_connections":[],"jetpack_sharing_enabled":true,"jetpack_featured_media_url":"","jetpack_shortlink":"https:\/\/wp.me\/p7wKYW-452","jetpack-related-posts":[],"_links":{"self":[{"href":"http:\/\/blogdalucianaoliveira.com.br\/blog\/wp-json\/wp\/v2\/posts\/15688","targetHints":{"allow":["GET"]}}],"collection":[{"href":"http:\/\/blogdalucianaoliveira.com.br\/blog\/wp-json\/wp\/v2\/posts"}],"about":[{"href":"http:\/\/blogdalucianaoliveira.com.br\/blog\/wp-json\/wp\/v2\/types\/post"}],"author":[{"embeddable":true,"href":"http:\/\/blogdalucianaoliveira.com.br\/blog\/wp-json\/wp\/v2\/users\/1"}],"replies":[{"embeddable":true,"href":"http:\/\/blogdalucianaoliveira.com.br\/blog\/wp-json\/wp\/v2\/comments?post=15688"}],"version-history":[{"count":1,"href":"http:\/\/blogdalucianaoliveira.com.br\/blog\/wp-json\/wp\/v2\/posts\/15688\/revisions"}],"predecessor-version":[{"id":15690,"href":"http:\/\/blogdalucianaoliveira.com.br\/blog\/wp-json\/wp\/v2\/posts\/15688\/revisions\/15690"}],"wp:attachment":[{"href":"http:\/\/blogdalucianaoliveira.com.br\/blog\/wp-json\/wp\/v2\/media?parent=15688"}],"wp:term":[{"taxonomy":"category","embeddable":true,"href":"http:\/\/blogdalucianaoliveira.com.br\/blog\/wp-json\/wp\/v2\/categories?post=15688"},{"taxonomy":"post_tag","embeddable":true,"href":"http:\/\/blogdalucianaoliveira.com.br\/blog\/wp-json\/wp\/v2\/tags?post=15688"}],"curies":[{"name":"wp","href":"https:\/\/api.w.org\/{rel}","templated":true}]}}