{"id":1569,"date":"2016-06-09T10:38:03","date_gmt":"2016-06-09T14:38:03","guid":{"rendered":"http:\/\/blogdalucianaoliveira.com.br\/blog\/?p=1569"},"modified":"2016-06-09T10:38:03","modified_gmt":"2016-06-09T14:38:03","slug":"atolado-em-escandalos-por-corrupcao-vilhena-aparece-como-o-5o-pior-municipio-no-ranking-da-transparencia","status":"publish","type":"post","link":"http:\/\/blogdalucianaoliveira.com.br\/blog\/2016\/06\/09\/atolado-em-escandalos-por-corrupcao-vilhena-aparece-como-o-5o-pior-municipio-no-ranking-da-transparencia\/","title":{"rendered":"Atolado em esc\u00e2ndalos por corrup\u00e7\u00e3o, Vilhena aparece como o 5\u00ba pior munic\u00edpio no Ranking da Transpar\u00eancia"},"content":{"rendered":"<p><img data-recalc-dims=\"1\" loading=\"lazy\" decoding=\"async\" data-attachment-id=\"1568\" data-permalink=\"http:\/\/blogdalucianaoliveira.com.br\/blog\/?attachment_id=1568\" data-orig-file=\"https:\/\/i0.wp.com\/blogdalucianaoliveira.com.br\/blog\/wp-content\/uploads\/2016\/06\/image-34.jpeg?fit=410%2C265\" data-orig-size=\"410,265\" data-comments-opened=\"0\" data-image-meta=\"{&quot;aperture&quot;:&quot;0&quot;,&quot;credit&quot;:&quot;&quot;,&quot;camera&quot;:&quot;&quot;,&quot;caption&quot;:&quot;&quot;,&quot;created_timestamp&quot;:&quot;0&quot;,&quot;copyright&quot;:&quot;&quot;,&quot;focal_length&quot;:&quot;0&quot;,&quot;iso&quot;:&quot;0&quot;,&quot;shutter_speed&quot;:&quot;0&quot;,&quot;title&quot;:&quot;&quot;,&quot;orientation&quot;:&quot;0&quot;}\" data-image-title=\"image\" data-image-description=\"\" data-image-caption=\"\" data-medium-file=\"https:\/\/i0.wp.com\/blogdalucianaoliveira.com.br\/blog\/wp-content\/uploads\/2016\/06\/image-34.jpeg?fit=300%2C194\" data-large-file=\"https:\/\/i0.wp.com\/blogdalucianaoliveira.com.br\/blog\/wp-content\/uploads\/2016\/06\/image-34.jpeg?fit=410%2C265\" src=\"https:\/\/i0.wp.com\/blogdalucianaoliveira.com.br\/blog\/wp-content\/uploads\/2016\/06\/image-34.jpeg?resize=410%2C265\" alt=\"image\" width=\"410\" height=\"265\" class=\"alignnone size-full wp-image-1568\" srcset=\"https:\/\/i0.wp.com\/blogdalucianaoliveira.com.br\/blog\/wp-content\/uploads\/2016\/06\/image-34.jpeg?w=410 410w, https:\/\/i0.wp.com\/blogdalucianaoliveira.com.br\/blog\/wp-content\/uploads\/2016\/06\/image-34.jpeg?resize=300%2C194 300w\" sizes=\"auto, (max-width: 410px) 100vw, 410px\" \/><\/p>\n<p>Saiu o Ranking Nacional da Transpar\u00eancia, o levantamento que mostra quais estados e munic\u00edpios brasileiros cumprem com mais efici\u00eancia a Lei de Acesso \u00e0 Informa\u00e7\u00e3o.<!--more--><\/p>\n<p>A escala revela quais portais institucionais e demais mecanismos, disponibilizam melhor informa\u00e7\u00f5es das a\u00e7\u00f5es do executivo permitem \u00e0 Controladoria Geral da Uni\u00e3o, avaliar o grau de cumprimento de dispositivos da Lei.<br \/>\nMais que isso, permitem \u00e0 sociedade n\u00e3o s\u00f3 acompanhar o grau de transpar\u00eancia de uma gest\u00e3o p\u00fablica, tamb\u00e9m colaborar no combate \u00e0 corrup\u00e7\u00e3o. <\/p>\n<p>Foi gra\u00e7as a essa ferramenta de controle que mais de 3 mil recomenda\u00e7\u00f5es foram emitidas e  a m\u00e9dia de notas alcan\u00e7adas por todos os munic\u00edpios e estados brasileiros &#8211; subiu de 3,92, em 2015, para 5,15, em 2016.<br \/>\n&#8220;Foram avaliados portais de 5.567 munic\u00edpios, 26 estados e o Distrito Federal. O MPF espera que o projeto seja um marco para as Leis da Transpar\u00eancia no Brasil.&#8221;<\/p>\n<p>Dos portais analisados em 2015, apenas um estado conquistou nota 10 na avalia\u00e7\u00e3o \u2013 Esp\u00edrito Santo. E agora, nos primeiros seis meses, numa segunda avalia\u00e7\u00e3o, mais dois estados tiveram nota 10: Rond\u00f4nia e Cear\u00e1.<\/p>\n<p>A vergonha ficou pro munic\u00edpio de Vilhena, que curiosamente \u00e9 o mais civilizado. Ficou em 48 lugar com 1% no ranking. <\/p>\n<p>Chama a aten\u00e7\u00e3o que a popula\u00e7\u00e3o n\u00e3o d\u00ea import\u00e2ncia \u00e0 transpar\u00eancia no munic\u00edpio e cobre o cumprimento da Lei de Acesso \u00e0 Informa\u00e7\u00e3o. <\/p>\n<p>Em 2015, a Opera\u00e7\u00e3o \u201cStigma\u201d prendeu cinco e investiga outros em suspeita por v\u00e1rios crimes, entre eles: peculato, forma\u00e7\u00e3o de quadrilha, falsidade, organiza\u00e7\u00e3o criminosa e corrup\u00e7\u00e3o ativa e passiva. <\/p>\n<p><img data-recalc-dims=\"1\" loading=\"lazy\" decoding=\"async\" data-attachment-id=\"1570\" data-permalink=\"http:\/\/blogdalucianaoliveira.com.br\/blog\/2016\/06\/09\/atolado-em-escandalos-por-corrupcao-vilhena-aparece-como-o-5o-pior-municipio-no-ranking-da-transparencia\/image-339\/\" data-orig-file=\"https:\/\/i0.wp.com\/blogdalucianaoliveira.com.br\/blog\/wp-content\/uploads\/2016\/06\/image-35.jpeg?fit=640%2C360\" data-orig-size=\"640,360\" data-comments-opened=\"0\" data-image-meta=\"{&quot;aperture&quot;:&quot;0&quot;,&quot;credit&quot;:&quot;&quot;,&quot;camera&quot;:&quot;&quot;,&quot;caption&quot;:&quot;&quot;,&quot;created_timestamp&quot;:&quot;0&quot;,&quot;copyright&quot;:&quot;&quot;,&quot;focal_length&quot;:&quot;0&quot;,&quot;iso&quot;:&quot;0&quot;,&quot;shutter_speed&quot;:&quot;0&quot;,&quot;title&quot;:&quot;&quot;,&quot;orientation&quot;:&quot;0&quot;}\" data-image-title=\"image\" data-image-description=\"\" data-image-caption=\"\" data-medium-file=\"https:\/\/i0.wp.com\/blogdalucianaoliveira.com.br\/blog\/wp-content\/uploads\/2016\/06\/image-35.jpeg?fit=300%2C169\" data-large-file=\"https:\/\/i0.wp.com\/blogdalucianaoliveira.com.br\/blog\/wp-content\/uploads\/2016\/06\/image-35.jpeg?fit=600%2C338\" src=\"https:\/\/i0.wp.com\/blogdalucianaoliveira.com.br\/blog\/wp-content\/uploads\/2016\/06\/image-35.jpeg?resize=600%2C338\" alt=\"image\" width=\"600\" height=\"338\" class=\"alignnone size-full wp-image-1570\" srcset=\"https:\/\/i0.wp.com\/blogdalucianaoliveira.com.br\/blog\/wp-content\/uploads\/2016\/06\/image-35.jpeg?w=640 640w, https:\/\/i0.wp.com\/blogdalucianaoliveira.com.br\/blog\/wp-content\/uploads\/2016\/06\/image-35.jpeg?resize=300%2C169 300w, https:\/\/i0.wp.com\/blogdalucianaoliveira.com.br\/blog\/wp-content\/uploads\/2016\/06\/image-35.jpeg?resize=533%2C300 533w\" sizes=\"auto, (max-width: 600px) 100vw, 600px\" \/><\/p>\n<p>No in\u00edcio deste m\u00eas, o prefeito de Vilhena (RO), Jos\u00e9 Luiz Rover (PP), foi condenado pela Justi\u00e7a por improbidade administrativa devido \u00e0 pr\u00e1tica de nepotismo. Rover contratou familiares do vice-prefeito, Jacier Rosa Dias (PSC), para exercerem cargos p\u00fablicos comissionados. <\/p>\n","protected":false},"excerpt":{"rendered":"<p>Saiu o Ranking Nacional da Transpar\u00eancia, o levantamento que mostra quais estados e munic\u00edpios brasileiros cumprem com mais efici\u00eancia a Lei de Acesso \u00e0 Informa\u00e7\u00e3o.<\/p>\n","protected":false},"author":1,"featured_media":0,"comment_status":"closed","ping_status":"open","sticky":false,"template":"","format":"standard","meta":{"_exactmetrics_skip_tracking":false,"_exactmetrics_sitenote_active":false,"_exactmetrics_sitenote_note":"","_exactmetrics_sitenote_category":0,"jetpack_post_was_ever_published":false,"_jetpack_newsletter_access":"","_jetpack_dont_email_post_to_subs":false,"_jetpack_newsletter_tier_id":0,"_jetpack_memberships_contains_paywalled_content":false,"_jetpack_memberships_contains_paid_content":false,"footnotes":"","jetpack_publicize_message":"","jetpack_publicize_feature_enabled":true,"jetpack_social_post_already_shared":true,"jetpack_social_options":{"image_generator_settings":{"template":"highway","enabled":false},"version":2}},"categories":[1],"tags":[],"class_list":["post-1569","post","type-post","status-publish","format-standard","hentry","category-notas"],"jetpack_publicize_connections":[],"jetpack_sharing_enabled":true,"jetpack_featured_media_url":"","jetpack_shortlink":"https:\/\/wp.me\/p7wKYW-pj","jetpack-related-posts":[],"_links":{"self":[{"href":"http:\/\/blogdalucianaoliveira.com.br\/blog\/wp-json\/wp\/v2\/posts\/1569","targetHints":{"allow":["GET"]}}],"collection":[{"href":"http:\/\/blogdalucianaoliveira.com.br\/blog\/wp-json\/wp\/v2\/posts"}],"about":[{"href":"http:\/\/blogdalucianaoliveira.com.br\/blog\/wp-json\/wp\/v2\/types\/post"}],"author":[{"embeddable":true,"href":"http:\/\/blogdalucianaoliveira.com.br\/blog\/wp-json\/wp\/v2\/users\/1"}],"replies":[{"embeddable":true,"href":"http:\/\/blogdalucianaoliveira.com.br\/blog\/wp-json\/wp\/v2\/comments?post=1569"}],"version-history":[{"count":1,"href":"http:\/\/blogdalucianaoliveira.com.br\/blog\/wp-json\/wp\/v2\/posts\/1569\/revisions"}],"predecessor-version":[{"id":1571,"href":"http:\/\/blogdalucianaoliveira.com.br\/blog\/wp-json\/wp\/v2\/posts\/1569\/revisions\/1571"}],"wp:attachment":[{"href":"http:\/\/blogdalucianaoliveira.com.br\/blog\/wp-json\/wp\/v2\/media?parent=1569"}],"wp:term":[{"taxonomy":"category","embeddable":true,"href":"http:\/\/blogdalucianaoliveira.com.br\/blog\/wp-json\/wp\/v2\/categories?post=1569"},{"taxonomy":"post_tag","embeddable":true,"href":"http:\/\/blogdalucianaoliveira.com.br\/blog\/wp-json\/wp\/v2\/tags?post=1569"}],"curies":[{"name":"wp","href":"https:\/\/api.w.org\/{rel}","templated":true}]}}