{"id":15691,"date":"2017-12-20T07:41:56","date_gmt":"2017-12-20T11:41:56","guid":{"rendered":"http:\/\/blogdalucianaoliveira.com.br\/blog\/?p=15691"},"modified":"2017-12-20T07:41:56","modified_gmt":"2017-12-20T11:41:56","slug":"barroso-e-gilmar-mendes-batem-boca-no-supremo-sobre-investigacao-da-pgr","status":"publish","type":"post","link":"http:\/\/blogdalucianaoliveira.com.br\/blog\/2017\/12\/20\/barroso-e-gilmar-mendes-batem-boca-no-supremo-sobre-investigacao-da-pgr\/","title":{"rendered":"Barroso e Gilmar Mendes batem boca no Supremo sobre investiga\u00e7\u00e3o da PGR"},"content":{"rendered":"<p><img data-recalc-dims=\"1\" loading=\"lazy\" decoding=\"async\" data-attachment-id=\"15692\" data-permalink=\"http:\/\/blogdalucianaoliveira.com.br\/blog\/2017\/12\/20\/barroso-e-gilmar-mendes-batem-boca-no-supremo-sobre-investigacao-da-pgr\/9bd1d3f2-4484-4478-82cf-e737e14f1ffb\/\" data-orig-file=\"https:\/\/i0.wp.com\/blogdalucianaoliveira.com.br\/blog\/wp-content\/uploads\/2017\/12\/9BD1D3F2-4484-4478-82CF-E737E14F1FFB.jpeg?fit=640%2C600\" data-orig-size=\"640,600\" data-comments-opened=\"0\" data-image-meta=\"{&quot;aperture&quot;:&quot;0&quot;,&quot;credit&quot;:&quot;&quot;,&quot;camera&quot;:&quot;&quot;,&quot;caption&quot;:&quot;&quot;,&quot;created_timestamp&quot;:&quot;0&quot;,&quot;copyright&quot;:&quot;&quot;,&quot;focal_length&quot;:&quot;0&quot;,&quot;iso&quot;:&quot;0&quot;,&quot;shutter_speed&quot;:&quot;0&quot;,&quot;title&quot;:&quot;&quot;,&quot;orientation&quot;:&quot;0&quot;}\" data-image-title=\"9BD1D3F2-4484-4478-82CF-E737E14F1FFB\" data-image-description=\"\" data-image-caption=\"\" data-medium-file=\"https:\/\/i0.wp.com\/blogdalucianaoliveira.com.br\/blog\/wp-content\/uploads\/2017\/12\/9BD1D3F2-4484-4478-82CF-E737E14F1FFB.jpeg?fit=300%2C281\" data-large-file=\"https:\/\/i0.wp.com\/blogdalucianaoliveira.com.br\/blog\/wp-content\/uploads\/2017\/12\/9BD1D3F2-4484-4478-82CF-E737E14F1FFB.jpeg?fit=600%2C563\" src=\"https:\/\/i0.wp.com\/blogdalucianaoliveira.com.br\/blog\/wp-content\/uploads\/2017\/12\/9BD1D3F2-4484-4478-82CF-E737E14F1FFB.jpeg?resize=600%2C563\" alt=\"9BD1D3F2-4484-4478-82CF-E737E14F1FFB\" width=\"600\" height=\"563\" class=\"alignnone size-full wp-image-15692\" srcset=\"https:\/\/i0.wp.com\/blogdalucianaoliveira.com.br\/blog\/wp-content\/uploads\/2017\/12\/9BD1D3F2-4484-4478-82CF-E737E14F1FFB.jpeg?w=640 640w, https:\/\/i0.wp.com\/blogdalucianaoliveira.com.br\/blog\/wp-content\/uploads\/2017\/12\/9BD1D3F2-4484-4478-82CF-E737E14F1FFB.jpeg?resize=300%2C281 300w, https:\/\/i0.wp.com\/blogdalucianaoliveira.com.br\/blog\/wp-content\/uploads\/2017\/12\/9BD1D3F2-4484-4478-82CF-E737E14F1FFB.jpeg?resize=320%2C300 320w\" sizes=\"auto, (max-width: 600px) 100vw, 600px\" \/><\/p>\n<p>Felipe Pontes, Ag\u00eancia Brasil &#8211; Os ministros do Supremo Tribunal Federal (STF) Lu\u00eds Roberto Barroso e Gilmar Mendes protagonizaram hoje (19) mais um embate no plen\u00e1rio da Corte em torno de quest\u00f5es relativas a investiga\u00e7\u00f5es contra pol\u00edticos.<!--more--><\/p>\n<p>Ap\u00f3s Mendes repetir cr\u00edticas contra o trabalho da Procuradoria-Geral da Rep\u00fablica (PGR) nas den\u00fancias contra o presidente Michel Temer, Barroso ergueu o tom de voz para afirmar que \u201cvivemos uma trag\u00e9dia brasileira, a trag\u00e9dia da corrup\u00e7\u00e3o que se espalhou de alto a baixo sem cerim\u00f4nia\u201d.<\/p>\n<p>Barroso recorreu aos elementos de prova anexados \u00e0 den\u00fancia para defender o trabalho da PGR. \u201cEu gostaria de dizer que eu ouvi o \u00e1udio \u2018tem que manter isso a\u00ed, viu\u2019. Eu quero dizer que eu vi a fita, eu vi a mala de dinheiro, eu vi a corridinha na televis\u00e3o. Eu li o depoimento de Youssef. Eu li o depoimento de Funaro\u201d, disse o ministro ao citar epis\u00f3dios recentes.<\/p>\n<p>\u201cEu n\u00e3o acho que h\u00e1 uma investiga\u00e7\u00e3o irrespons\u00e1vel. H\u00e1 um pa\u00eds que se perdeu pelo caminho, naturalizou as coisas erradas, e n\u00f3s temos o dever de enfrentar isso e de fazer um novo pa\u00eds, de ensinar as novas gera\u00e7\u00f5es de que vale a pena fazer honesto, sem punitivismo, sem vingadores mascarados, mas tamb\u00e9m sem achar que ricos criminosos t\u00eam imunidade\u201d, acrescentou o ministro.<\/p>\n<p>Antes, Gilmar Mendes havia classificado a investiga\u00e7\u00e3o conduzida, no caso pelo ex-procurador-geral da Rep\u00fablica, Rodrigo Janot, de ca\u00f3tica, contradit\u00f3ria e mal feita, representando \u201cvexame institucional completo de gente que n\u00e3o sabe investigar. O que n\u00f3s estamos vendo aqui na verdade \u00e9 um grande caos. Uma grande bagun\u00e7a. Servi\u00e7o mal feito, apressado, de corta e cola\u201d.<\/p>\n<p>\u201cAs pessoas ficam entusiasmadas, havia aqui inclusive no plen\u00e1rio uns poucos janozistas\u201d, disse Gilmar Mendes.<\/p>\n<p>Controv\u00e9rsia<\/p>\n<p>Um dos principais pontos de discord\u00e2ncia entre os ministros diz respeito a uma grava\u00e7\u00e3o feita pelo empres\u00e1rio Joesley Batista, da JBS, de uma conversa com Temer, na qual o presidente diz a frase \u201ctem que manter isso a\u00ed\u201d, que, para Janot configura anu\u00eancia para a compra de sil\u00eancio do deputado cassado Eduardo Cunha (PMDB-RJ).<\/p>\n<p>O \u00e1udio foi anexado por Janot a uma den\u00fancia de obstru\u00e7\u00e3o das investiga\u00e7\u00f5es contra Temer, mas depois teve sua autenticidade questionada por n\u00e3o ter sido alvo de uma per\u00edcia pr\u00e9via pela Pol\u00edcia Federal (PF).<\/p>\n<p>A discuss\u00e3o entre Mendes e Barroso se deu durante o julgamento, na manh\u00e3 desta ter\u00e7a-feira, sobre a continuidade das investiga\u00e7\u00f5es contra os denunciados sem foro privilegiado no STF, ap\u00f3s a C\u00e2mara ter decidido, em outubro, barrar o prosseguimento da den\u00fancia por organiza\u00e7\u00e3o criminosa contra o presidente Michel Temer.<\/p>\n<div class=\"fb-post\" data-href=\"https:\/\/www.facebook.com\/rubens.coutinho\/posts\/1635156613189670\" data-width=\"552\"><\/div>\n","protected":false},"excerpt":{"rendered":"<p>Felipe Pontes, Ag\u00eancia Brasil &#8211; Os ministros do Supremo Tribunal Federal (STF) Lu\u00eds Roberto Barroso e Gilmar Mendes protagonizaram hoje (19) mais um embate no plen\u00e1rio da Corte em torno de quest\u00f5es relativas a investiga\u00e7\u00f5es contra pol\u00edticos.<\/p>\n","protected":false},"author":1,"featured_media":0,"comment_status":"closed","ping_status":"open","sticky":false,"template":"","format":"standard","meta":{"_exactmetrics_skip_tracking":false,"_exactmetrics_sitenote_active":false,"_exactmetrics_sitenote_note":"","_exactmetrics_sitenote_category":0,"jetpack_post_was_ever_published":false,"_jetpack_newsletter_access":"","_jetpack_dont_email_post_to_subs":false,"_jetpack_newsletter_tier_id":0,"_jetpack_memberships_contains_paywalled_content":false,"_jetpack_memberships_contains_paid_content":false,"footnotes":"","jetpack_publicize_message":"","jetpack_publicize_feature_enabled":true,"jetpack_social_post_already_shared":true,"jetpack_social_options":{"image_generator_settings":{"template":"highway","enabled":false},"version":2}},"categories":[1],"tags":[],"class_list":["post-15691","post","type-post","status-publish","format-standard","hentry","category-notas"],"jetpack_publicize_connections":[],"jetpack_sharing_enabled":true,"jetpack_featured_media_url":"","jetpack_shortlink":"https:\/\/wp.me\/p7wKYW-455","jetpack-related-posts":[],"_links":{"self":[{"href":"http:\/\/blogdalucianaoliveira.com.br\/blog\/wp-json\/wp\/v2\/posts\/15691","targetHints":{"allow":["GET"]}}],"collection":[{"href":"http:\/\/blogdalucianaoliveira.com.br\/blog\/wp-json\/wp\/v2\/posts"}],"about":[{"href":"http:\/\/blogdalucianaoliveira.com.br\/blog\/wp-json\/wp\/v2\/types\/post"}],"author":[{"embeddable":true,"href":"http:\/\/blogdalucianaoliveira.com.br\/blog\/wp-json\/wp\/v2\/users\/1"}],"replies":[{"embeddable":true,"href":"http:\/\/blogdalucianaoliveira.com.br\/blog\/wp-json\/wp\/v2\/comments?post=15691"}],"version-history":[{"count":1,"href":"http:\/\/blogdalucianaoliveira.com.br\/blog\/wp-json\/wp\/v2\/posts\/15691\/revisions"}],"predecessor-version":[{"id":15693,"href":"http:\/\/blogdalucianaoliveira.com.br\/blog\/wp-json\/wp\/v2\/posts\/15691\/revisions\/15693"}],"wp:attachment":[{"href":"http:\/\/blogdalucianaoliveira.com.br\/blog\/wp-json\/wp\/v2\/media?parent=15691"}],"wp:term":[{"taxonomy":"category","embeddable":true,"href":"http:\/\/blogdalucianaoliveira.com.br\/blog\/wp-json\/wp\/v2\/categories?post=15691"},{"taxonomy":"post_tag","embeddable":true,"href":"http:\/\/blogdalucianaoliveira.com.br\/blog\/wp-json\/wp\/v2\/tags?post=15691"}],"curies":[{"name":"wp","href":"https:\/\/api.w.org\/{rel}","templated":true}]}}