{"id":15694,"date":"2017-12-20T11:31:05","date_gmt":"2017-12-20T15:31:05","guid":{"rendered":"http:\/\/blogdalucianaoliveira.com.br\/blog\/?p=15694"},"modified":"2017-12-20T12:07:41","modified_gmt":"2017-12-20T16:07:41","slug":"senador-valdir-raupp-foge-da-globo","status":"publish","type":"post","link":"http:\/\/blogdalucianaoliveira.com.br\/blog\/2017\/12\/20\/senador-valdir-raupp-foge-da-globo\/","title":{"rendered":"SENADOR VALDIR RAUPP FOGE DA GLOBO"},"content":{"rendered":"<p><img data-recalc-dims=\"1\" loading=\"lazy\" decoding=\"async\" data-attachment-id=\"15695\" data-permalink=\"http:\/\/blogdalucianaoliveira.com.br\/blog\/2017\/12\/20\/senador-valdir-raupp-foge-da-globo\/valdir-raupp-senado-presidente-pmdb-20110725-original2\/\" data-orig-file=\"https:\/\/i0.wp.com\/blogdalucianaoliveira.com.br\/blog\/wp-content\/uploads\/2017\/12\/valdir-raupp-senado-presidente-pmdb-20110725-original2.jpeg?fit=620%2C349\" data-orig-size=\"620,349\" data-comments-opened=\"0\" data-image-meta=\"{&quot;aperture&quot;:&quot;0&quot;,&quot;credit&quot;:&quot;&quot;,&quot;camera&quot;:&quot;&quot;,&quot;caption&quot;:&quot;&quot;,&quot;created_timestamp&quot;:&quot;0&quot;,&quot;copyright&quot;:&quot;&quot;,&quot;focal_length&quot;:&quot;0&quot;,&quot;iso&quot;:&quot;0&quot;,&quot;shutter_speed&quot;:&quot;0&quot;,&quot;title&quot;:&quot;&quot;,&quot;orientation&quot;:&quot;0&quot;}\" data-image-title=\"valdir-raupp-senado-presidente-pmdb-20110725-original2\" data-image-description=\"\" data-image-caption=\"\" data-medium-file=\"https:\/\/i0.wp.com\/blogdalucianaoliveira.com.br\/blog\/wp-content\/uploads\/2017\/12\/valdir-raupp-senado-presidente-pmdb-20110725-original2.jpeg?fit=300%2C169\" data-large-file=\"https:\/\/i0.wp.com\/blogdalucianaoliveira.com.br\/blog\/wp-content\/uploads\/2017\/12\/valdir-raupp-senado-presidente-pmdb-20110725-original2.jpeg?fit=600%2C338\" src=\"https:\/\/i0.wp.com\/blogdalucianaoliveira.com.br\/blog\/wp-content\/uploads\/2017\/12\/valdir-raupp-senado-presidente-pmdb-20110725-original2.jpeg?resize=600%2C338\" alt=\"valdir-raupp-senado-presidente-pmdb-20110725-original2\" width=\"600\" height=\"338\" class=\"alignnone size-full wp-image-15695\" srcset=\"https:\/\/i0.wp.com\/blogdalucianaoliveira.com.br\/blog\/wp-content\/uploads\/2017\/12\/valdir-raupp-senado-presidente-pmdb-20110725-original2.jpeg?w=620 620w, https:\/\/i0.wp.com\/blogdalucianaoliveira.com.br\/blog\/wp-content\/uploads\/2017\/12\/valdir-raupp-senado-presidente-pmdb-20110725-original2.jpeg?resize=300%2C169 300w, https:\/\/i0.wp.com\/blogdalucianaoliveira.com.br\/blog\/wp-content\/uploads\/2017\/12\/valdir-raupp-senado-presidente-pmdb-20110725-original2.jpeg?resize=533%2C300 533w\" sizes=\"auto, (max-width: 600px) 100vw, 600px\" \/><\/p>\n<p>Quem viu, quem v\u00ea.<\/p>\n<p>O senador Valdir Raupp (PMDB-RO) j\u00e1 ocupou um dos metros quadrados mais disputados pela imprensa nacional. O cacique regional que j\u00e1 presidiu o partido com mais filiados no Brasil \u2013 14,3% ou 16,7 milh\u00f5es &#8211; segundo o Tribunal Superior Eleitoral, agora foge de jornalistas.<!--more--><\/p>\n<p>O acanhamento ocorre desde que Raupp come\u00e7ou a ser citado por delatores em esquemas de corrup\u00e7\u00e3o, o que o levou \u00e0 condi\u00e7\u00e3o de r\u00e9u na Opera\u00e7\u00e3o Lava Jato e a ser denunciado pelo ex-procurador geral da Rep\u00fablica, Rodrigo Janot, como membro do \u2018quadrilh\u00e3o&#8217; do PMDB. <\/p>\n<p>Ao ser questionado por um jornalista da Globo sobre os esc\u00e2ndalos em que se meteu, Raupp apressou o passo e recusou respostas.<\/p>\n<div class=\"fb-video\" data-allowfullscreen=\"true\" data-href=\"https:\/\/www.facebook.com\/Lucianaoliveirapvh\/videos\/1541607459240658\/\"><\/div>\n<p>Ele \u00e9 um dos 30 senadores numa lista com 172 parlamentares investigados ou r\u00e9us na pesquisa feita pela emissora.<\/p>\n<p>Na C\u00e2mara, quase 30% est\u00e3o enrolados na justi\u00e7a e no Senado, perto de 40%.<\/p>\n<p>Como destaque no \u2018quadrilh\u00e3o\u2019 que teria desviado recursos p\u00fablicos e obtido vantagens indevidas, Valdir Raupp vem experimentando o \u2018vazio de n\u00e3o ser\u2019 mais um poderoso cacique da pol\u00edtica brasileira. <\/p>\n<p>Em Rond\u00f4nia, a perda de protagonismo favorece nomes novos como o do pastor Aloisio Vidal (Rede) na disputa por uma das duas vagas que ser\u00e3o abertas ao Senado em 2018. A chance do novato que teve 70  mil votos em 2014, sem estrutura partid\u00e1ria e grana, aumentou consideravelmente com o desgaste de Raupp. O segundo voto como certo ao pastor est\u00e1 cada vez mais presente na boca do povo.<\/p>\n<p>O regabofe de fim de ano que h\u00e1 mais de duas d\u00e9cadas \u00e9 oferecido \u00e0 imprensa por Raupp e a esposa, deputada Marinha Raupp, atraiu bem menos profissionais da comunica\u00e7\u00e3o.<\/p>\n<p><img data-recalc-dims=\"1\" loading=\"lazy\" decoding=\"async\" data-attachment-id=\"15701\" data-permalink=\"http:\/\/blogdalucianaoliveira.com.br\/blog\/2017\/12\/20\/senador-valdir-raupp-foge-da-globo\/qui\/\" data-orig-file=\"https:\/\/i0.wp.com\/blogdalucianaoliveira.com.br\/blog\/wp-content\/uploads\/2017\/12\/qui.jpg?fit=960%2C720\" data-orig-size=\"960,720\" data-comments-opened=\"0\" data-image-meta=\"{&quot;aperture&quot;:&quot;0&quot;,&quot;credit&quot;:&quot;&quot;,&quot;camera&quot;:&quot;&quot;,&quot;caption&quot;:&quot;&quot;,&quot;created_timestamp&quot;:&quot;0&quot;,&quot;copyright&quot;:&quot;&quot;,&quot;focal_length&quot;:&quot;0&quot;,&quot;iso&quot;:&quot;0&quot;,&quot;shutter_speed&quot;:&quot;0&quot;,&quot;title&quot;:&quot;&quot;,&quot;orientation&quot;:&quot;0&quot;}\" data-image-title=\"qui\" data-image-description=\"\" data-image-caption=\"\" data-medium-file=\"https:\/\/i0.wp.com\/blogdalucianaoliveira.com.br\/blog\/wp-content\/uploads\/2017\/12\/qui.jpg?fit=300%2C225\" data-large-file=\"https:\/\/i0.wp.com\/blogdalucianaoliveira.com.br\/blog\/wp-content\/uploads\/2017\/12\/qui.jpg?fit=600%2C450\" src=\"https:\/\/i0.wp.com\/blogdalucianaoliveira.com.br\/blog\/wp-content\/uploads\/2017\/12\/qui.jpg?resize=600%2C450\" alt=\"qui\" width=\"600\" height=\"450\" class=\"alignnone size-full wp-image-15701\" srcset=\"https:\/\/i0.wp.com\/blogdalucianaoliveira.com.br\/blog\/wp-content\/uploads\/2017\/12\/qui.jpg?w=960 960w, https:\/\/i0.wp.com\/blogdalucianaoliveira.com.br\/blog\/wp-content\/uploads\/2017\/12\/qui.jpg?resize=300%2C225 300w, https:\/\/i0.wp.com\/blogdalucianaoliveira.com.br\/blog\/wp-content\/uploads\/2017\/12\/qui.jpg?resize=768%2C576 768w, https:\/\/i0.wp.com\/blogdalucianaoliveira.com.br\/blog\/wp-content\/uploads\/2017\/12\/qui.jpg?resize=400%2C300 400w\" sizes=\"auto, (max-width: 600px) 100vw, 600px\" \/><\/p>\n<p>\u201cFui pra comer e falar mal, mesmo! Esse pessoal j\u00e1 nos sacaneou muito, nunca deixou nada pra Rond\u00f4nia que n\u00e3o tivesse tirado sua parte\u201d, divulgou o blog do Carlos Caldeira como coment\u00e1rio sobre o jantar.<\/p>\n<p>Valdir Raupp se negando a aparecer na Globo n\u00e3o \u00e9 por c\u00e9rebro oco sacolejando na cabe\u00e7a, mas para evitar mais constrangimento.<\/p>\n<p>O ex-cacique agora atrai a aten\u00e7\u00e3o da imprensa s\u00f3 com pauta negativa.<\/p>\n<p>O PMDB foi o partido que mais encolheu em 2017, perdendo quase 5 mil filiados em um ano.<\/p>\n<p>Assim segue Raupp, diminuindo.<\/p>\n","protected":false},"excerpt":{"rendered":"<p>Quem viu, quem v\u00ea. O senador Valdir Raupp (PMDB-RO) j\u00e1 ocupou um dos metros quadrados mais disputados pela imprensa nacional. O cacique regional que j\u00e1 presidiu o partido com mais filiados no Brasil \u2013 14,3% ou 16,7 milh\u00f5es &#8211; segundo o Tribunal Superior Eleitoral, agora foge de jornalistas.<\/p>\n","protected":false},"author":1,"featured_media":0,"comment_status":"closed","ping_status":"open","sticky":false,"template":"","format":"standard","meta":{"_exactmetrics_skip_tracking":false,"_exactmetrics_sitenote_active":false,"_exactmetrics_sitenote_note":"","_exactmetrics_sitenote_category":0,"jetpack_post_was_ever_published":false,"_jetpack_newsletter_access":"","_jetpack_dont_email_post_to_subs":false,"_jetpack_newsletter_tier_id":0,"_jetpack_memberships_contains_paywalled_content":false,"_jetpack_memberships_contains_paid_content":false,"footnotes":"","jetpack_publicize_message":"","jetpack_publicize_feature_enabled":true,"jetpack_social_post_already_shared":true,"jetpack_social_options":{"image_generator_settings":{"template":"highway","enabled":false},"version":2}},"categories":[1],"tags":[],"class_list":["post-15694","post","type-post","status-publish","format-standard","hentry","category-notas"],"jetpack_publicize_connections":[],"jetpack_sharing_enabled":true,"jetpack_featured_media_url":"","jetpack_shortlink":"https:\/\/wp.me\/p7wKYW-458","jetpack-related-posts":[],"_links":{"self":[{"href":"http:\/\/blogdalucianaoliveira.com.br\/blog\/wp-json\/wp\/v2\/posts\/15694","targetHints":{"allow":["GET"]}}],"collection":[{"href":"http:\/\/blogdalucianaoliveira.com.br\/blog\/wp-json\/wp\/v2\/posts"}],"about":[{"href":"http:\/\/blogdalucianaoliveira.com.br\/blog\/wp-json\/wp\/v2\/types\/post"}],"author":[{"embeddable":true,"href":"http:\/\/blogdalucianaoliveira.com.br\/blog\/wp-json\/wp\/v2\/users\/1"}],"replies":[{"embeddable":true,"href":"http:\/\/blogdalucianaoliveira.com.br\/blog\/wp-json\/wp\/v2\/comments?post=15694"}],"version-history":[{"count":6,"href":"http:\/\/blogdalucianaoliveira.com.br\/blog\/wp-json\/wp\/v2\/posts\/15694\/revisions"}],"predecessor-version":[{"id":15702,"href":"http:\/\/blogdalucianaoliveira.com.br\/blog\/wp-json\/wp\/v2\/posts\/15694\/revisions\/15702"}],"wp:attachment":[{"href":"http:\/\/blogdalucianaoliveira.com.br\/blog\/wp-json\/wp\/v2\/media?parent=15694"}],"wp:term":[{"taxonomy":"category","embeddable":true,"href":"http:\/\/blogdalucianaoliveira.com.br\/blog\/wp-json\/wp\/v2\/categories?post=15694"},{"taxonomy":"post_tag","embeddable":true,"href":"http:\/\/blogdalucianaoliveira.com.br\/blog\/wp-json\/wp\/v2\/tags?post=15694"}],"curies":[{"name":"wp","href":"https:\/\/api.w.org\/{rel}","templated":true}]}}