{"id":15703,"date":"2017-12-20T13:47:12","date_gmt":"2017-12-20T17:47:12","guid":{"rendered":"http:\/\/blogdalucianaoliveira.com.br\/blog\/?p=15703"},"modified":"2017-12-20T13:47:12","modified_gmt":"2017-12-20T17:47:12","slug":"velho-carta-fora-do-baralho-maluf-e-preso-ja-aecio-e-temer-agem-a-luz-do-dia","status":"publish","type":"post","link":"http:\/\/blogdalucianaoliveira.com.br\/blog\/2017\/12\/20\/velho-carta-fora-do-baralho-maluf-e-preso-ja-aecio-e-temer-agem-a-luz-do-dia\/","title":{"rendered":"Velho, carta fora do baralho, Maluf \u00e9 preso. J\u00e1 A\u00e9cio e Temer agem \u00e0 luz do dia"},"content":{"rendered":"<p><img data-recalc-dims=\"1\" loading=\"lazy\" decoding=\"async\" data-attachment-id=\"15704\" data-permalink=\"http:\/\/blogdalucianaoliveira.com.br\/blog\/2017\/12\/20\/velho-carta-fora-do-baralho-maluf-e-preso-ja-aecio-e-temer-agem-a-luz-do-dia\/82fc74df-2156-4ac4-85ad-a209633aa8a4\/\" data-orig-file=\"https:\/\/i0.wp.com\/blogdalucianaoliveira.com.br\/blog\/wp-content\/uploads\/2017\/12\/82FC74DF-2156-4AC4-85AD-A209633AA8A4.jpeg?fit=434%2C339\" data-orig-size=\"434,339\" data-comments-opened=\"0\" data-image-meta=\"{&quot;aperture&quot;:&quot;0&quot;,&quot;credit&quot;:&quot;&quot;,&quot;camera&quot;:&quot;&quot;,&quot;caption&quot;:&quot;&quot;,&quot;created_timestamp&quot;:&quot;0&quot;,&quot;copyright&quot;:&quot;&quot;,&quot;focal_length&quot;:&quot;0&quot;,&quot;iso&quot;:&quot;0&quot;,&quot;shutter_speed&quot;:&quot;0&quot;,&quot;title&quot;:&quot;&quot;,&quot;orientation&quot;:&quot;0&quot;}\" data-image-title=\"82FC74DF-2156-4AC4-85AD-A209633AA8A4\" data-image-description=\"\" data-image-caption=\"\" data-medium-file=\"https:\/\/i0.wp.com\/blogdalucianaoliveira.com.br\/blog\/wp-content\/uploads\/2017\/12\/82FC74DF-2156-4AC4-85AD-A209633AA8A4.jpeg?fit=300%2C234\" data-large-file=\"https:\/\/i0.wp.com\/blogdalucianaoliveira.com.br\/blog\/wp-content\/uploads\/2017\/12\/82FC74DF-2156-4AC4-85AD-A209633AA8A4.jpeg?fit=434%2C339\" src=\"https:\/\/i0.wp.com\/blogdalucianaoliveira.com.br\/blog\/wp-content\/uploads\/2017\/12\/82FC74DF-2156-4AC4-85AD-A209633AA8A4.jpeg?resize=434%2C339\" alt=\"82FC74DF-2156-4AC4-85AD-A209633AA8A4\" width=\"434\" height=\"339\" class=\"alignnone size-full wp-image-15704\" srcset=\"https:\/\/i0.wp.com\/blogdalucianaoliveira.com.br\/blog\/wp-content\/uploads\/2017\/12\/82FC74DF-2156-4AC4-85AD-A209633AA8A4.jpeg?w=434 434w, https:\/\/i0.wp.com\/blogdalucianaoliveira.com.br\/blog\/wp-content\/uploads\/2017\/12\/82FC74DF-2156-4AC4-85AD-A209633AA8A4.jpeg?resize=300%2C234 300w, https:\/\/i0.wp.com\/blogdalucianaoliveira.com.br\/blog\/wp-content\/uploads\/2017\/12\/82FC74DF-2156-4AC4-85AD-A209633AA8A4.jpeg?resize=384%2C300 384w\" sizes=\"auto, (max-width: 434px) 100vw, 434px\" \/><\/p>\n<p>No DCM, por Joaquim de Carvalho &#8211; Conhe\u00e7o muita gente que passou anos esperando o dia da pris\u00e3o de Maluf para comemorar. Mas ouvi de um deles hoje que n\u00e3o ficou feliz. \u201cMaluf \u00e9 carta fora do baralho\u201d, disse. \u201cE tem algo muito errado quando o MBL comemora a pris\u00e3o de algu\u00e9m. Acho que querem mudar o foco\u201d, acrescentou.<!--more--><\/p>\n<p>Maluf tem 86 anos de idade e haveria outras formas de puni\u00e7\u00e3o que n\u00e3o o xadrez. Mas, ainda que seja preso, qual o sentido do c\u00e1rcere? A reeduca\u00e7\u00e3o n\u00e3o pode ser \u2014 ele \u00e9 velho demais para isso. Talvez a retribui\u00e7\u00e3o pelo que fez.<\/p>\n<p>Mas creio que o sentido \u00e9 outro. Uma demonstra\u00e7\u00e3o caricata de que as institui\u00e7\u00f5es funcionam. Parece mais a carca\u00e7a que o STF atira aos le\u00f5es depois que deixou escapar dois fil\u00e9s, Temer e A\u00e9cio Neves. <\/p>\n<p>No caso de Temer, o STF n\u00e3o tinha muito o que fazer, j\u00e1 que constitucionalmente cabe \u00e0 C\u00e2mara dos Deputados a \u00faltima palavra sobre den\u00fancia contra o presidente.<\/p>\n<p>Mas e A\u00e9cio?<\/p>\n<p>Foi o pr\u00f3prio Supremo que decidiu \u2014 contrariando o voto de Edson Fachin, diga-se \u2014 que ele deveria retomar a vaga no Senado, sem ser submetido a nenhum controle, nem recolhimento noturno, mesmo depois de ser flagrado em conversa gravada na qual pedia dinheiro a um not\u00f3rio corruptor.<\/p>\n<p>Manter A\u00e9cio no Senado, com poder, equivale a deixar solto, sem nenhum controle, estuprador ou ped\u00f3filo. Vai voltar a delinquir.<\/p>\n<p>\u00c9 nesse cen\u00e1rio que o quase nonagen\u00e1rio Maluf \u00e9 preso. Fez-se justi\u00e7a. Mas que justi\u00e7a? Maluf deveria ser contido l\u00e1 atr\u00e1s, no fim dos anos 70, quando deu mostras de que comprou apoio para se eleger governador pelo voto indireto.<\/p>\n<p>Ou in\u00edcio dos anos 80, quando deixou rastro de corrup\u00e7\u00e3o na campanha para presid\u00eancia da Rep\u00fablica pelo voto indireto.<\/p>\n<p>Ou nos anos 90, quando mantinha uma estrutura organizada para recolher doa\u00e7\u00f5es ilegais para suas campanhas, sob a dire\u00e7\u00e3o do maestro Jo\u00e3o Carlos Martins, o da Pau Brasil.<\/p>\n<p>Tamb\u00e9m nos anos 90, quando prefeito, Maluf superfaturou obras, lavou dinheiro, comprou vereadores, deixou a corrup\u00e7\u00e3o correr solta na cidade, manteve a engenharia da emiss\u00e3o fraudulenta de t\u00edtulos dos precat\u00f3rios.<\/p>\n<p>Enfim, Maluf pintou a bordou \u2014 malufar se tornou verbo, incorporado ao vocabul\u00e1rio nacional como sin\u00f4nimo de desonestidade \u2013, assim como Temer e A\u00e9cio agora. Mas prend\u00ea-lo aos 86 anos enquanto os dois governam o Brasil sob evid\u00eancias gritantes de corrup\u00e7\u00e3o parece piada.<\/p>\n<p>E o pior: Temer e A\u00e9cio est\u00e3o na linha de frente de um agressivo projeto de reforma da Constitui\u00e7\u00e3o e da venda de ativos do Estado, que pertencem ao povo.<\/p>\n<p>Temer e A\u00e9cio agem \u00e0 luz do dia, A\u00e9cio com o aval expl\u00edcito do Supremo, enquanto Maluf vai ver o sol nascer quadrado. Tardiamente, como pr\u00eamio de consola\u00e7\u00e3o num pa\u00eds com sede de espet\u00e1culo punitivo, mas sem efeito pr\u00e1tico no controle da corrup\u00e7\u00e3o, que vive dias de intensa atividade.<\/p>\n","protected":false},"excerpt":{"rendered":"<p>No DCM, por Joaquim de Carvalho &#8211; Conhe\u00e7o muita gente que passou anos esperando o dia da pris\u00e3o de Maluf para comemorar. Mas ouvi de um deles hoje que n\u00e3o ficou feliz. \u201cMaluf \u00e9 carta fora do baralho\u201d, disse. \u201cE tem algo muito errado quando o MBL comemora a pris\u00e3o de algu\u00e9m. Acho que querem&#8230;<a class=\"more-link\" href=\"http:\/\/blogdalucianaoliveira.com.br\/blog\/2017\/12\/20\/velho-carta-fora-do-baralho-maluf-e-preso-ja-aecio-e-temer-agem-a-luz-do-dia\/\">Continue a leitura <span class=\"meta-nav\">&raquo;<\/span><\/a><\/p>\n","protected":false},"author":1,"featured_media":0,"comment_status":"closed","ping_status":"open","sticky":false,"template":"","format":"standard","meta":{"_exactmetrics_skip_tracking":false,"_exactmetrics_sitenote_active":false,"_exactmetrics_sitenote_note":"","_exactmetrics_sitenote_category":0,"jetpack_post_was_ever_published":false,"_jetpack_newsletter_access":"","_jetpack_dont_email_post_to_subs":false,"_jetpack_newsletter_tier_id":0,"_jetpack_memberships_contains_paywalled_content":false,"_jetpack_memberships_contains_paid_content":false,"footnotes":"","jetpack_publicize_message":"","jetpack_publicize_feature_enabled":true,"jetpack_social_post_already_shared":true,"jetpack_social_options":{"image_generator_settings":{"template":"highway","enabled":false},"version":2}},"categories":[1],"tags":[],"class_list":["post-15703","post","type-post","status-publish","format-standard","hentry","category-notas"],"jetpack_publicize_connections":[],"jetpack_sharing_enabled":true,"jetpack_featured_media_url":"","jetpack_shortlink":"https:\/\/wp.me\/p7wKYW-45h","jetpack-related-posts":[],"_links":{"self":[{"href":"http:\/\/blogdalucianaoliveira.com.br\/blog\/wp-json\/wp\/v2\/posts\/15703","targetHints":{"allow":["GET"]}}],"collection":[{"href":"http:\/\/blogdalucianaoliveira.com.br\/blog\/wp-json\/wp\/v2\/posts"}],"about":[{"href":"http:\/\/blogdalucianaoliveira.com.br\/blog\/wp-json\/wp\/v2\/types\/post"}],"author":[{"embeddable":true,"href":"http:\/\/blogdalucianaoliveira.com.br\/blog\/wp-json\/wp\/v2\/users\/1"}],"replies":[{"embeddable":true,"href":"http:\/\/blogdalucianaoliveira.com.br\/blog\/wp-json\/wp\/v2\/comments?post=15703"}],"version-history":[{"count":1,"href":"http:\/\/blogdalucianaoliveira.com.br\/blog\/wp-json\/wp\/v2\/posts\/15703\/revisions"}],"predecessor-version":[{"id":15705,"href":"http:\/\/blogdalucianaoliveira.com.br\/blog\/wp-json\/wp\/v2\/posts\/15703\/revisions\/15705"}],"wp:attachment":[{"href":"http:\/\/blogdalucianaoliveira.com.br\/blog\/wp-json\/wp\/v2\/media?parent=15703"}],"wp:term":[{"taxonomy":"category","embeddable":true,"href":"http:\/\/blogdalucianaoliveira.com.br\/blog\/wp-json\/wp\/v2\/categories?post=15703"},{"taxonomy":"post_tag","embeddable":true,"href":"http:\/\/blogdalucianaoliveira.com.br\/blog\/wp-json\/wp\/v2\/tags?post=15703"}],"curies":[{"name":"wp","href":"https:\/\/api.w.org\/{rel}","templated":true}]}}