{"id":15714,"date":"2017-12-22T08:40:11","date_gmt":"2017-12-22T12:40:11","guid":{"rendered":"http:\/\/blogdalucianaoliveira.com.br\/blog\/?p=15714"},"modified":"2017-12-22T08:40:11","modified_gmt":"2017-12-22T12:40:11","slug":"desaprovacao-a-moro-e-a-melhor-noticia-do-ano","status":"publish","type":"post","link":"http:\/\/blogdalucianaoliveira.com.br\/blog\/2017\/12\/22\/desaprovacao-a-moro-e-a-melhor-noticia-do-ano\/","title":{"rendered":"DESAPROVA\u00c7\u00c3O A MORO \u00c9 A MELHOR NOT\u00cdCIA DO ANO"},"content":{"rendered":"<p><img data-recalc-dims=\"1\" loading=\"lazy\" decoding=\"async\" data-attachment-id=\"15715\" data-permalink=\"http:\/\/blogdalucianaoliveira.com.br\/blog\/2017\/12\/22\/desaprovacao-a-moro-e-a-melhor-noticia-do-ano\/0f467558-3997-4713-ac16-6362c0010761\/\" data-orig-file=\"https:\/\/i0.wp.com\/blogdalucianaoliveira.com.br\/blog\/wp-content\/uploads\/2017\/12\/0F467558-3997-4713-AC16-6362C0010761.jpeg?fit=490%2C280\" data-orig-size=\"490,280\" data-comments-opened=\"0\" data-image-meta=\"{&quot;aperture&quot;:&quot;0&quot;,&quot;credit&quot;:&quot;&quot;,&quot;camera&quot;:&quot;&quot;,&quot;caption&quot;:&quot;&quot;,&quot;created_timestamp&quot;:&quot;0&quot;,&quot;copyright&quot;:&quot;&quot;,&quot;focal_length&quot;:&quot;0&quot;,&quot;iso&quot;:&quot;0&quot;,&quot;shutter_speed&quot;:&quot;0&quot;,&quot;title&quot;:&quot;&quot;,&quot;orientation&quot;:&quot;0&quot;}\" data-image-title=\"0F467558-3997-4713-AC16-6362C0010761\" data-image-description=\"\" data-image-caption=\"\" data-medium-file=\"https:\/\/i0.wp.com\/blogdalucianaoliveira.com.br\/blog\/wp-content\/uploads\/2017\/12\/0F467558-3997-4713-AC16-6362C0010761.jpeg?fit=300%2C171\" data-large-file=\"https:\/\/i0.wp.com\/blogdalucianaoliveira.com.br\/blog\/wp-content\/uploads\/2017\/12\/0F467558-3997-4713-AC16-6362C0010761.jpeg?fit=490%2C280\" src=\"https:\/\/i0.wp.com\/blogdalucianaoliveira.com.br\/blog\/wp-content\/uploads\/2017\/12\/0F467558-3997-4713-AC16-6362C0010761.jpeg?resize=490%2C280\" alt=\"0F467558-3997-4713-AC16-6362C0010761\" width=\"490\" height=\"280\" class=\"alignnone size-full wp-image-15715\" srcset=\"https:\/\/i0.wp.com\/blogdalucianaoliveira.com.br\/blog\/wp-content\/uploads\/2017\/12\/0F467558-3997-4713-AC16-6362C0010761.jpeg?w=490 490w, https:\/\/i0.wp.com\/blogdalucianaoliveira.com.br\/blog\/wp-content\/uploads\/2017\/12\/0F467558-3997-4713-AC16-6362C0010761.jpeg?resize=300%2C171 300w\" sizes=\"auto, (max-width: 490px) 100vw, 490px\" \/><\/p>\n<p>247, por Bepe Damasco &#8211; Tr\u00eas anos de Opera\u00e7\u00e3o Lava Jato. Tr\u00eas anos nos quais o arb\u00edtrio e o atropelo sist\u00eamico dos direitos e garantias fundamentais mergulharam o pa\u00eds no estado de exce\u00e7\u00e3o dos dias atuais. Tr\u00eas anos que arruinaram os setores de petr\u00f3leo, g\u00e1s e constru\u00e7\u00e3o civil. Tr\u00eas anos de quebra de empresas e desemprego em massa.  Na certa, os historiadores e cientistas sociais do futuro envolver\u00e3o a Lava Jato com a moldura adequada. <!--more--><\/p>\n<p>Um dia os estudantes receber\u00e3o ensinamentos sobre os brutais preju\u00edzos que um certo juiz de 1\u00aa inst\u00e2ncia e um punhado de procuradores fascistas causaram \u00e0 ordem democr\u00e1tica e \u00e0 economia do Brasil.<\/p>\n<p>A m\u00e1 not\u00edcia de fim de ano para os inquisidores do Tribunal do Santo Of\u00edcio de Curitiba, como sempre se refere \u00e0 Lava Jato o bravo jornalista Mino Carta, \u00e9 que esse dia n\u00e3o deve demorar a chegar. Pesquisa do instituto Ipsos divulgada nesta quarta-feira, 20 de dezembro, aponta que pela primeira vez a desaprova\u00e7\u00e3o aos m\u00e9todos de Moro superou a aprova\u00e7\u00e3o.<\/p>\n<p>Com toda a blindagem midi\u00e1tica e apoio cego da legi\u00e3o de imbecilizados produzida pela Globo, al\u00e9m da cumplicidade de enorme fra\u00e7\u00e3o do sistema criminal de justi\u00e7a, 53% dos brasileiros e brasileiras consultados o desaprovam, enquanto 40% o aprovam. \u00c9 importante assinalar que h\u00e1 um m\u00eas Moro era apoiado por 50% dos entrevistados.<\/p>\n<p>Moral da hist\u00f3ria: quanto mais ele persegue e ca\u00e7a implacavelmente o Lula, mais o ex-presidente cresce nas pesquisas e se firma como favorito para as elei\u00e7\u00f5es de 2018. E j\u00e1 se ouve em qualquer esquina o reconhecimento das pessoas acerca do objetivo real do ataque ao maior l\u00edder popular do pa\u00eds, que \u00e9 alij\u00e1-lo das elei\u00e7\u00f5es e impedir que o Brasil volte a trilhar o caminho do desenvolvimento, da inclus\u00e3o social e da soberania.<\/p>\n<p>O desgaste crescente de Moro traz \u00e0 tona uma fa\u00e7anha digna de nota: com perseveran\u00e7a e combatividade \u00e9 poss\u00edvel furar a bolha na qual o monop\u00f3lio da m\u00eddia abriga seus protegidos. Claro que \u00e9 uma parada indigesta para qualquer um duelar com Lula, que tem grande m\u00e9rito no esclarecimento da sociedade sobre o que est\u00e1 em jogo nos processos fraudulentos contra ele.<\/p>\n<p>A firme e corajosa atua\u00e7\u00e3o de alguns parlamentares, dentre eles os deputados petistas Wadih Damous e Paulo Pimenta, no enfrentamento do modus operandi de Moro, Dallagnol e companhia, tamb\u00e9m contribuiu para levar a c\u00fapula da Lava Jato para as cordas. Travaram ainda o bom combate centrais sindicais, movimentos sociais, partidos de esquerda, al\u00e9m de estudantes, acad\u00eamicos, artistas e lutadores sociais e pol\u00edticos.<\/p>\n<p>Mas sem a incans\u00e1vel guerrilha virtual da milit\u00e2ncia democr\u00e1tica e progressista na blogosfera e nas redes sociais, certamente Moro estaria hoje ainda nadando de bra\u00e7ada no conceito popular. N\u00e3o custa lembrar que ele j\u00e1 chegou a obter 92% de aprova\u00e7\u00e3o, beirando a unanimidade.<\/p>\n<p>N\u00e3o \u00e9 pouca coisa a virada deste jogo. Em um aut\u00eantico David versus Golias, a narrativa das poderosas plataformas das nove fam\u00edlias que controlam a m\u00eddia comercial vai sofrendo uma fragorosa derrota. H\u00e1 muita luta ainda a ser travada at\u00e9 que a democracia seja resgatada em nosso pa\u00eds, mas que as placas tect\u00f4nicas da cidadania est\u00e3o se movendo n\u00e3o h\u00e1 a menor d\u00favida.<\/p>\n","protected":false},"excerpt":{"rendered":"<p>247, por Bepe Damasco &#8211; Tr\u00eas anos de Opera\u00e7\u00e3o Lava Jato. Tr\u00eas anos nos quais o arb\u00edtrio e o atropelo sist\u00eamico dos direitos e garantias fundamentais mergulharam o pa\u00eds no estado de exce\u00e7\u00e3o dos dias atuais. Tr\u00eas anos que arruinaram os setores de petr\u00f3leo, g\u00e1s e constru\u00e7\u00e3o civil. Tr\u00eas anos de quebra de empresas e&#8230;<a class=\"more-link\" href=\"http:\/\/blogdalucianaoliveira.com.br\/blog\/2017\/12\/22\/desaprovacao-a-moro-e-a-melhor-noticia-do-ano\/\">Continue a leitura <span class=\"meta-nav\">&raquo;<\/span><\/a><\/p>\n","protected":false},"author":1,"featured_media":0,"comment_status":"closed","ping_status":"open","sticky":false,"template":"","format":"standard","meta":{"_exactmetrics_skip_tracking":false,"_exactmetrics_sitenote_active":false,"_exactmetrics_sitenote_note":"","_exactmetrics_sitenote_category":0,"jetpack_post_was_ever_published":false,"_jetpack_newsletter_access":"","_jetpack_dont_email_post_to_subs":false,"_jetpack_newsletter_tier_id":0,"_jetpack_memberships_contains_paywalled_content":false,"_jetpack_memberships_contains_paid_content":false,"footnotes":"","jetpack_publicize_message":"","jetpack_publicize_feature_enabled":true,"jetpack_social_post_already_shared":true,"jetpack_social_options":{"image_generator_settings":{"template":"highway","enabled":false},"version":2}},"categories":[1],"tags":[],"class_list":["post-15714","post","type-post","status-publish","format-standard","hentry","category-notas"],"jetpack_publicize_connections":[],"jetpack_sharing_enabled":true,"jetpack_featured_media_url":"","jetpack_shortlink":"https:\/\/wp.me\/p7wKYW-45s","jetpack-related-posts":[],"_links":{"self":[{"href":"http:\/\/blogdalucianaoliveira.com.br\/blog\/wp-json\/wp\/v2\/posts\/15714","targetHints":{"allow":["GET"]}}],"collection":[{"href":"http:\/\/blogdalucianaoliveira.com.br\/blog\/wp-json\/wp\/v2\/posts"}],"about":[{"href":"http:\/\/blogdalucianaoliveira.com.br\/blog\/wp-json\/wp\/v2\/types\/post"}],"author":[{"embeddable":true,"href":"http:\/\/blogdalucianaoliveira.com.br\/blog\/wp-json\/wp\/v2\/users\/1"}],"replies":[{"embeddable":true,"href":"http:\/\/blogdalucianaoliveira.com.br\/blog\/wp-json\/wp\/v2\/comments?post=15714"}],"version-history":[{"count":1,"href":"http:\/\/blogdalucianaoliveira.com.br\/blog\/wp-json\/wp\/v2\/posts\/15714\/revisions"}],"predecessor-version":[{"id":15720,"href":"http:\/\/blogdalucianaoliveira.com.br\/blog\/wp-json\/wp\/v2\/posts\/15714\/revisions\/15720"}],"wp:attachment":[{"href":"http:\/\/blogdalucianaoliveira.com.br\/blog\/wp-json\/wp\/v2\/media?parent=15714"}],"wp:term":[{"taxonomy":"category","embeddable":true,"href":"http:\/\/blogdalucianaoliveira.com.br\/blog\/wp-json\/wp\/v2\/categories?post=15714"},{"taxonomy":"post_tag","embeddable":true,"href":"http:\/\/blogdalucianaoliveira.com.br\/blog\/wp-json\/wp\/v2\/tags?post=15714"}],"curies":[{"name":"wp","href":"https:\/\/api.w.org\/{rel}","templated":true}]}}