{"id":15721,"date":"2017-12-22T08:48:08","date_gmt":"2017-12-22T12:48:08","guid":{"rendered":"http:\/\/blogdalucianaoliveira.com.br\/blog\/?p=15721"},"modified":"2017-12-22T08:48:08","modified_gmt":"2017-12-22T12:48:08","slug":"golpista-corrupto-e-mentiroso-e-assim-que-cristovam-buarque-entrara-para-a-historia","status":"publish","type":"post","link":"http:\/\/blogdalucianaoliveira.com.br\/blog\/2017\/12\/22\/golpista-corrupto-e-mentiroso-e-assim-que-cristovam-buarque-entrara-para-a-historia\/","title":{"rendered":"Golpista, corrupto e mentiroso: \u00e9 assim que Cristovam Buarque entrar\u00e1 para a hist\u00f3ria"},"content":{"rendered":"<p><img data-recalc-dims=\"1\" loading=\"lazy\" decoding=\"async\" data-attachment-id=\"15722\" data-permalink=\"http:\/\/blogdalucianaoliveira.com.br\/blog\/2017\/12\/22\/golpista-corrupto-e-mentiroso-e-assim-que-cristovam-buarque-entrara-para-a-historia\/01fb06e0-ceb2-4991-b41a-639dcfeecee3\/\" data-orig-file=\"https:\/\/i0.wp.com\/blogdalucianaoliveira.com.br\/blog\/wp-content\/uploads\/2017\/12\/01FB06E0-CEB2-4991-B41A-639DCFEECEE3.jpeg?fit=600%2C400\" data-orig-size=\"600,400\" data-comments-opened=\"0\" data-image-meta=\"{&quot;aperture&quot;:&quot;0&quot;,&quot;credit&quot;:&quot;&quot;,&quot;camera&quot;:&quot;&quot;,&quot;caption&quot;:&quot;&quot;,&quot;created_timestamp&quot;:&quot;0&quot;,&quot;copyright&quot;:&quot;&quot;,&quot;focal_length&quot;:&quot;0&quot;,&quot;iso&quot;:&quot;0&quot;,&quot;shutter_speed&quot;:&quot;0&quot;,&quot;title&quot;:&quot;&quot;,&quot;orientation&quot;:&quot;0&quot;}\" data-image-title=\"01FB06E0-CEB2-4991-B41A-639DCFEECEE3\" data-image-description=\"\" data-image-caption=\"\" data-medium-file=\"https:\/\/i0.wp.com\/blogdalucianaoliveira.com.br\/blog\/wp-content\/uploads\/2017\/12\/01FB06E0-CEB2-4991-B41A-639DCFEECEE3.jpeg?fit=300%2C200\" data-large-file=\"https:\/\/i0.wp.com\/blogdalucianaoliveira.com.br\/blog\/wp-content\/uploads\/2017\/12\/01FB06E0-CEB2-4991-B41A-639DCFEECEE3.jpeg?fit=600%2C400\" src=\"https:\/\/i0.wp.com\/blogdalucianaoliveira.com.br\/blog\/wp-content\/uploads\/2017\/12\/01FB06E0-CEB2-4991-B41A-639DCFEECEE3.jpeg?resize=600%2C400\" alt=\"01FB06E0-CEB2-4991-B41A-639DCFEECEE3\" width=\"600\" height=\"400\" class=\"alignnone size-full wp-image-15722\" srcset=\"https:\/\/i0.wp.com\/blogdalucianaoliveira.com.br\/blog\/wp-content\/uploads\/2017\/12\/01FB06E0-CEB2-4991-B41A-639DCFEECEE3.jpeg?w=600 600w, https:\/\/i0.wp.com\/blogdalucianaoliveira.com.br\/blog\/wp-content\/uploads\/2017\/12\/01FB06E0-CEB2-4991-B41A-639DCFEECEE3.jpeg?resize=300%2C200 300w, https:\/\/i0.wp.com\/blogdalucianaoliveira.com.br\/blog\/wp-content\/uploads\/2017\/12\/01FB06E0-CEB2-4991-B41A-639DCFEECEE3.jpeg?resize=450%2C300 450w\" sizes=\"auto, (max-width: 600px) 100vw, 600px\" \/><\/p>\n<p>DCM, por Joaquim de Carvalho &#8211; Cristovam Buarque passou boa parte da vida tentando criar um personagem: o senador da Educa\u00e7\u00e3o. Mas ele passar\u00e1 \u00e0 hist\u00f3ria como golpista. H\u00e1 evid\u00eancias para consider\u00e1-lo tamb\u00e9m corrupto e mentiroso.<!--more--><\/p>\n<p>\u201cPosso ser golpista para voc\u00ea, mas n\u00e3o sou corrupto perante minha consci\u00eancia e perante o Brasil\u201d, escreveu no Twitter.<\/p>\n<p>N\u00e3o \u00e9 bem assim.<\/p>\n<p>As hist\u00f3rias que relacionam Cristovam \u00e0 corrup\u00e7\u00e3o s\u00e3o antigas e se mant\u00eam ao longo do tempo.<\/p>\n<p>Em1994, Cristovam, ent\u00e3o filiado ao PT, gerou uma crise no partido quando se descobriu que ele havia aceitado 400 mil reais (o equivalente a 500 mil d\u00f3lares na \u00e9poca, o equivalente a 2 milh\u00f5es de reais hoje) de doa\u00e7\u00e3o da Odebrecht para sua campanha a governador.<\/p>\n<p>Quem fez a doa\u00e7\u00e3o foi o ent\u00e3o diretor de contratos da empreiteira, Ricardo Ferraz, cujo nome voltou \u00e0 tona na dela\u00e7\u00e3o do ex-vice-presidente da Odebrecht, Cl\u00e1udio Melo Filho, no ano passado.<\/p>\n<p>Ricardo Ferraz \u00e9 o RF das planilhas da empreiteira, e ele aparece como ve\u00edculo para a entrega de recursos a um certo Reitor, que seria o apelido de Cristovam nos registros de contabilidade clandestina da Odebrecht.<\/p>\n<p>Em 2006, quando foi candidato a presidente pelo PDT, recebeu recursos n\u00e3o contabilizados de um ex-banqueiro, por indica\u00e7\u00e3o do governador Geraldo Alckmin.<\/p>\n<p>A revela\u00e7\u00e3o foi feita por um dos ex-coordenadores de sua campanha, o jornalista Luiz Fernando Emediato.<\/p>\n<p>\u201cCristovam infelizmente foi obrigado pelas circunst\u00e2ncias a aceitar doa\u00e7\u00f5es n\u00e3o contabilizadas de pelo menos uma empreiteira, de um ex-banqueiro, por recomenda\u00e7\u00e3o da campanha de Geraldo Alckmin, tamb\u00e9m candidato \u00e0 presid\u00eancia, e da pr\u00f3pria campanha de Alckmin, em troca de apoio no segundo no segundo turno contra Lula\u201d, disse Emediato.<\/p>\n<p>Em 2010, o presidente do PDT no Distrito Federal, Ezequiel Nascimento, tamb\u00e9m denunciou o caixa 2 na campanha de Cristovam Buarque. Segundo Ezequiel, ele teria recebido doa\u00e7\u00f5es no valor de R$ 950 mil, mas deste valor apenas R$ 250 mil foram contabilizados.<\/p>\n<p>Na \u00e9poca em que fez a den\u00fancia, Ezequiel Nascimento se colocou \u00e0 disposi\u00e7\u00e3o do Conselho de \u00c9tica do Senado para dar outras informa\u00e7\u00f5es. Por\u00e9m nunca foi chamado.<\/p>\n<p>Num perfil devastador de Cristovam Buaque, de Robert Max Steffens, publicado pelo GGN, mostra que a corrup\u00e7\u00e3o tamb\u00e9m atingiu o entorno do senador.<\/p>\n<p>Veja um trecho da reportagem:<\/p>\n<p>Marcelo Aguiar, pupilo do Senador Cristovam at\u00e9 pouco tempo, assume a Secretaria Extraordin\u00e1ria de Ensino Integral, por indica\u00e7\u00e3o do Senador Cristovam, durante o governo Jos\u00e9 Roberto Arruda (ex-DEM). O Instituto Sangari, do amigo pessoal de Cristovam, Jorge Werthein, que contribuiu para sua campanha ao Senado em 2010, com ao menos 200 mil reais oficialmente, foi contratado pelo governo do Distrito Federal por quase R$ 300 milh\u00f5es, sem licita\u00e7\u00e3o, e suspeito de participar do esquema de arrecada\u00e7\u00e3o paralela do ent\u00e3o governador Arruda, quando a secretaria de Educa\u00e7\u00e3o do DF terceirizou, na pr\u00e1tica, o ensino cient\u00edfico das escolas p\u00fablicas para a Sangari do Brasil (vinculada ao Instituto Sangari), citada no inqu\u00e9rito da Opera\u00e7\u00e3o Caixa de Pandora.<\/p>\n<p>Em auditoria a Segunda Divis\u00e3o de Auditoria da Secretaria de Auditoria do Tribunal de Contas do Distrito Federal afirma que em raz\u00e3o das evid\u00eancias de inexecu\u00e7\u00e3o contratual pela empresa SANGARI DO BRASIL LTDA., defende-se a proposta de determinar \u00e0 Secretaria de Educa\u00e7\u00e3o a instaura\u00e7\u00e3o de processo administrativo, com vistas \u00e0 aplica\u00e7\u00e3o das san\u00e7\u00f5es previstas no art. 87 da Lei de Licita\u00e7\u00f5es. Tamb\u00e9m se apresenta a sugest\u00e3o de alertar \u00e0 Secretaria de Educa\u00e7\u00e3o que a execu\u00e7\u00e3o dos contratos no \u00e2mbito dessa Secretaria deve ser precedida da implementa\u00e7\u00e3o de estrutura de acompanhamento e controle, compat\u00edvel com as caracter\u00edsticas e valor do objeto, de modo a garantir a regular liquida\u00e7\u00e3o e pagamento das despesas.<\/p>\n<p>O mesmo Tribunal afirma que a omiss\u00e3o dos gestores, dentre eles Marcelo Aguiar, que deixaram de adotar medidas corretivas para sanar as irregularidades na execu\u00e7\u00e3o do Programa Ci\u00eancia em Foco e para promover as necess\u00e1rias altera\u00e7\u00f5es contratuais. O fato de o TCDF, por meio da Decis\u00e3o n.\u00ba 4.571\/09, ter determinado expressamente a necessidade de reavalia\u00e7\u00e3o do Programa em termos quantitativos e qualitativos, al\u00e9m de caracterizar o descumprimento da Decis\u00e3o Plen\u00e1ria, agrava a conduta negligente dos gestores, aplicando-se, no caso, o art. 60 da Lei Org\u00e2nica do TCDF. O UAG, na condi\u00e7\u00e3o de ordenador de despesas, e o Secret\u00e1rio, em raz\u00e3o da relev\u00e2ncia do Programa, tinham ci\u00eancia da situa\u00e7\u00e3o e permitiram a continuidade do Programa, mesmo diante das irregularidades apontados em diversos relat\u00f3rios.<\/p>\n<p>Os fatos mostram que Cristovam Buaque nunca foi o que talvez ele pense ser. Ou queira ser. Ou finge ser.<\/p>\n<p>Vaidoso, mant\u00e9m em seu gabinete no Senado um espa\u00e7o com arquivos de sua hist\u00f3ria pessoal, como se fosse um Darcy Ribeiro, fundador da Universidade Federal de Bras\u00edlia, a UnB, onde ele foi reitor.<\/p>\n<p>Darcy e Cristovam eram interlocutores de Fernando Henrique Cardoso, quando este era presidente.<\/p>\n<p>Darcy no PDT e Cristovam no PT, partidos que lhe faziam oposi\u00e7\u00e3o.<\/p>\n<p>Nas mem\u00f3rias de Fernando Henrique, Darcy, ent\u00e3o senador, aparece como instigante, intelectual de ideias originais e entusiasmante.<\/p>\n<p>J\u00e1 Cristovam, na \u00e9poca governador, mostrava nos encontros noturnos com Fernando Henrique a personalidade que agora se torna conhecida de todos.<\/p>\n<p>O PT era contra o projeto de emenda da reelei\u00e7\u00e3o, Cristovam a favor. O ent\u00e3o governador do Distrito Federal tamb\u00e9m era favor\u00e1vel a reformas constitucionais de Fernando Henrique Cardoso, mas lamentava n\u00e3o poder dizer isso publicamente. Falava mal dos sindicalistas e do PT, para aparentemente deleite de Fernando Henrique Cardoso, a quem incentivava para assumir papel de lideran\u00e7a no mundo.<\/p>\n<p>Cristovam quis entrar para hist\u00f3ria como um quadro da educa\u00e7\u00e3o, mas ser\u00e1, no m\u00e1ximo, citado como nota de rodap\u00e9, como pol\u00edtico provinciano, nada confi\u00e1vel, golpista, com um p\u00e9 na corrup\u00e7\u00e3o e sem nenhum compromisso com a verdade.<\/p>\n","protected":false},"excerpt":{"rendered":"<p>DCM, por Joaquim de Carvalho &#8211; Cristovam Buarque passou boa parte da vida tentando criar um personagem: o senador da Educa\u00e7\u00e3o. Mas ele passar\u00e1 \u00e0 hist\u00f3ria como golpista. H\u00e1 evid\u00eancias para consider\u00e1-lo tamb\u00e9m corrupto e mentiroso.<\/p>\n","protected":false},"author":1,"featured_media":0,"comment_status":"closed","ping_status":"open","sticky":false,"template":"","format":"standard","meta":{"_exactmetrics_skip_tracking":false,"_exactmetrics_sitenote_active":false,"_exactmetrics_sitenote_note":"","_exactmetrics_sitenote_category":0,"jetpack_post_was_ever_published":false,"_jetpack_newsletter_access":"","_jetpack_dont_email_post_to_subs":false,"_jetpack_newsletter_tier_id":0,"_jetpack_memberships_contains_paywalled_content":false,"_jetpack_memberships_contains_paid_content":false,"footnotes":"","jetpack_publicize_message":"","jetpack_publicize_feature_enabled":true,"jetpack_social_post_already_shared":true,"jetpack_social_options":{"image_generator_settings":{"template":"highway","enabled":false},"version":2}},"categories":[1],"tags":[],"class_list":["post-15721","post","type-post","status-publish","format-standard","hentry","category-notas"],"jetpack_publicize_connections":[],"jetpack_sharing_enabled":true,"jetpack_featured_media_url":"","jetpack_shortlink":"https:\/\/wp.me\/p7wKYW-45z","jetpack-related-posts":[],"_links":{"self":[{"href":"http:\/\/blogdalucianaoliveira.com.br\/blog\/wp-json\/wp\/v2\/posts\/15721","targetHints":{"allow":["GET"]}}],"collection":[{"href":"http:\/\/blogdalucianaoliveira.com.br\/blog\/wp-json\/wp\/v2\/posts"}],"about":[{"href":"http:\/\/blogdalucianaoliveira.com.br\/blog\/wp-json\/wp\/v2\/types\/post"}],"author":[{"embeddable":true,"href":"http:\/\/blogdalucianaoliveira.com.br\/blog\/wp-json\/wp\/v2\/users\/1"}],"replies":[{"embeddable":true,"href":"http:\/\/blogdalucianaoliveira.com.br\/blog\/wp-json\/wp\/v2\/comments?post=15721"}],"version-history":[{"count":1,"href":"http:\/\/blogdalucianaoliveira.com.br\/blog\/wp-json\/wp\/v2\/posts\/15721\/revisions"}],"predecessor-version":[{"id":15723,"href":"http:\/\/blogdalucianaoliveira.com.br\/blog\/wp-json\/wp\/v2\/posts\/15721\/revisions\/15723"}],"wp:attachment":[{"href":"http:\/\/blogdalucianaoliveira.com.br\/blog\/wp-json\/wp\/v2\/media?parent=15721"}],"wp:term":[{"taxonomy":"category","embeddable":true,"href":"http:\/\/blogdalucianaoliveira.com.br\/blog\/wp-json\/wp\/v2\/categories?post=15721"},{"taxonomy":"post_tag","embeddable":true,"href":"http:\/\/blogdalucianaoliveira.com.br\/blog\/wp-json\/wp\/v2\/tags?post=15721"}],"curies":[{"name":"wp","href":"https:\/\/api.w.org\/{rel}","templated":true}]}}