{"id":15736,"date":"2017-12-22T17:05:52","date_gmt":"2017-12-22T21:05:52","guid":{"rendered":"http:\/\/blogdalucianaoliveira.com.br\/blog\/?p=15736"},"modified":"2017-12-22T17:05:52","modified_gmt":"2017-12-22T21:05:52","slug":"longe-de-mim-gente-ruim","status":"publish","type":"post","link":"http:\/\/blogdalucianaoliveira.com.br\/blog\/2017\/12\/22\/longe-de-mim-gente-ruim\/","title":{"rendered":"Longe de mim, gente ruim!"},"content":{"rendered":"<p><img data-recalc-dims=\"1\" loading=\"lazy\" decoding=\"async\" data-attachment-id=\"15737\" data-permalink=\"http:\/\/blogdalucianaoliveira.com.br\/blog\/2017\/12\/22\/longe-de-mim-gente-ruim\/092fcb2c-7266-428d-9c25-ff86f5dbdb40\/\" data-orig-file=\"https:\/\/i0.wp.com\/blogdalucianaoliveira.com.br\/blog\/wp-content\/uploads\/2017\/12\/092FCB2C-7266-428D-9C25-FF86F5DBDB40.jpeg?fit=293%2C400\" data-orig-size=\"293,400\" data-comments-opened=\"0\" data-image-meta=\"{&quot;aperture&quot;:&quot;0&quot;,&quot;credit&quot;:&quot;&quot;,&quot;camera&quot;:&quot;&quot;,&quot;caption&quot;:&quot;&quot;,&quot;created_timestamp&quot;:&quot;0&quot;,&quot;copyright&quot;:&quot;&quot;,&quot;focal_length&quot;:&quot;0&quot;,&quot;iso&quot;:&quot;0&quot;,&quot;shutter_speed&quot;:&quot;0&quot;,&quot;title&quot;:&quot;&quot;,&quot;orientation&quot;:&quot;0&quot;}\" data-image-title=\"092FCB2C-7266-428D-9C25-FF86F5DBDB40\" data-image-description=\"\" data-image-caption=\"\" data-medium-file=\"https:\/\/i0.wp.com\/blogdalucianaoliveira.com.br\/blog\/wp-content\/uploads\/2017\/12\/092FCB2C-7266-428D-9C25-FF86F5DBDB40.jpeg?fit=220%2C300\" data-large-file=\"https:\/\/i0.wp.com\/blogdalucianaoliveira.com.br\/blog\/wp-content\/uploads\/2017\/12\/092FCB2C-7266-428D-9C25-FF86F5DBDB40.jpeg?fit=293%2C400\" src=\"https:\/\/i0.wp.com\/blogdalucianaoliveira.com.br\/blog\/wp-content\/uploads\/2017\/12\/092FCB2C-7266-428D-9C25-FF86F5DBDB40.jpeg?resize=293%2C400\" alt=\"092FCB2C-7266-428D-9C25-FF86F5DBDB40\" width=\"293\" height=\"400\" class=\"alignnone size-full wp-image-15737\" srcset=\"https:\/\/i0.wp.com\/blogdalucianaoliveira.com.br\/blog\/wp-content\/uploads\/2017\/12\/092FCB2C-7266-428D-9C25-FF86F5DBDB40.jpeg?w=293 293w, https:\/\/i0.wp.com\/blogdalucianaoliveira.com.br\/blog\/wp-content\/uploads\/2017\/12\/092FCB2C-7266-428D-9C25-FF86F5DBDB40.jpeg?resize=220%2C300 220w\" sizes=\"auto, (max-width: 293px) 100vw, 293px\" \/><\/p>\n<p>Jesus denunciaria esses pol\u00edticos capitalistas que s\u00f3 no Natal acham que pobre deve comer, se vestir e ganhar presentinho. <!--more--><\/p>\n<p>Pol\u00edticos vagabundos que d\u00e3o com uma m\u00e3o e tiram com outra na hora de votar pol\u00edticas inclusivas.<br \/>\nProva disso \u00e9 que a pobreza extrema no pa\u00eds aumentou 53% de 2014 pra c\u00e1. <\/p>\n<p>Jesus ficaria puto n\u00e3o s\u00f3 com pol\u00edticos capitalistas, mas com todos que desprezam justi\u00e7a social e quando chega dezembro se lan\u00e7am em campanhas solid\u00e1rias pra todo lado. <\/p>\n<p>N\u00e3o me marquem! <\/p>\n<p>Passei o ano inteiro tentando enfiar na cabe\u00e7a de voc\u00eas que pol\u00edtica social \u00e9 uma necessidade num pa\u00eds t\u00e3o desigual como o nosso. <\/p>\n<p>Longe de mim, gente ruim!<\/p>\n","protected":false},"excerpt":{"rendered":"<p>Jesus denunciaria esses pol\u00edticos capitalistas que s\u00f3 no Natal acham que pobre deve comer, se vestir e ganhar presentinho.<\/p>\n","protected":false},"author":1,"featured_media":0,"comment_status":"closed","ping_status":"open","sticky":false,"template":"","format":"standard","meta":{"_exactmetrics_skip_tracking":false,"_exactmetrics_sitenote_active":false,"_exactmetrics_sitenote_note":"","_exactmetrics_sitenote_category":0,"jetpack_post_was_ever_published":false,"_jetpack_newsletter_access":"","_jetpack_dont_email_post_to_subs":false,"_jetpack_newsletter_tier_id":0,"_jetpack_memberships_contains_paywalled_content":false,"_jetpack_memberships_contains_paid_content":false,"footnotes":"","jetpack_publicize_message":"","jetpack_publicize_feature_enabled":true,"jetpack_social_post_already_shared":true,"jetpack_social_options":{"image_generator_settings":{"template":"highway","enabled":false},"version":2}},"categories":[1],"tags":[],"class_list":["post-15736","post","type-post","status-publish","format-standard","hentry","category-notas"],"jetpack_publicize_connections":[],"jetpack_sharing_enabled":true,"jetpack_featured_media_url":"","jetpack_shortlink":"https:\/\/wp.me\/p7wKYW-45O","jetpack-related-posts":[],"_links":{"self":[{"href":"http:\/\/blogdalucianaoliveira.com.br\/blog\/wp-json\/wp\/v2\/posts\/15736","targetHints":{"allow":["GET"]}}],"collection":[{"href":"http:\/\/blogdalucianaoliveira.com.br\/blog\/wp-json\/wp\/v2\/posts"}],"about":[{"href":"http:\/\/blogdalucianaoliveira.com.br\/blog\/wp-json\/wp\/v2\/types\/post"}],"author":[{"embeddable":true,"href":"http:\/\/blogdalucianaoliveira.com.br\/blog\/wp-json\/wp\/v2\/users\/1"}],"replies":[{"embeddable":true,"href":"http:\/\/blogdalucianaoliveira.com.br\/blog\/wp-json\/wp\/v2\/comments?post=15736"}],"version-history":[{"count":1,"href":"http:\/\/blogdalucianaoliveira.com.br\/blog\/wp-json\/wp\/v2\/posts\/15736\/revisions"}],"predecessor-version":[{"id":15738,"href":"http:\/\/blogdalucianaoliveira.com.br\/blog\/wp-json\/wp\/v2\/posts\/15736\/revisions\/15738"}],"wp:attachment":[{"href":"http:\/\/blogdalucianaoliveira.com.br\/blog\/wp-json\/wp\/v2\/media?parent=15736"}],"wp:term":[{"taxonomy":"category","embeddable":true,"href":"http:\/\/blogdalucianaoliveira.com.br\/blog\/wp-json\/wp\/v2\/categories?post=15736"},{"taxonomy":"post_tag","embeddable":true,"href":"http:\/\/blogdalucianaoliveira.com.br\/blog\/wp-json\/wp\/v2\/tags?post=15736"}],"curies":[{"name":"wp","href":"https:\/\/api.w.org\/{rel}","templated":true}]}}