{"id":15744,"date":"2017-12-23T15:14:27","date_gmt":"2017-12-23T19:14:27","guid":{"rendered":"http:\/\/blogdalucianaoliveira.com.br\/blog\/?p=15744"},"modified":"2017-12-23T15:14:27","modified_gmt":"2017-12-23T19:14:27","slug":"melhores-livros-de-2017-de-samba-futebol-de-varzea-a-heroinas-negras-o-ano-pede-espaco-na-estante","status":"publish","type":"post","link":"http:\/\/blogdalucianaoliveira.com.br\/blog\/2017\/12\/23\/melhores-livros-de-2017-de-samba-futebol-de-varzea-a-heroinas-negras-o-ano-pede-espaco-na-estante\/","title":{"rendered":"Melhores livros de 2017: de samba, futebol de v\u00e1rzea a hero\u00ednas negras, o ano pede espa\u00e7o na estante"},"content":{"rendered":"<p><img data-recalc-dims=\"1\" loading=\"lazy\" decoding=\"async\" data-attachment-id=\"15743\" data-permalink=\"http:\/\/blogdalucianaoliveira.com.br\/blog\/08a4220f-15b1-4060-8307-3172ed2fbb71\/\" data-orig-file=\"https:\/\/i0.wp.com\/blogdalucianaoliveira.com.br\/blog\/wp-content\/uploads\/2017\/12\/08A4220F-15B1-4060-8307-3172ED2FBB71.jpeg?fit=980%2C549\" data-orig-size=\"980,549\" data-comments-opened=\"0\" data-image-meta=\"{&quot;aperture&quot;:&quot;0&quot;,&quot;credit&quot;:&quot;&quot;,&quot;camera&quot;:&quot;&quot;,&quot;caption&quot;:&quot;&quot;,&quot;created_timestamp&quot;:&quot;0&quot;,&quot;copyright&quot;:&quot;&quot;,&quot;focal_length&quot;:&quot;0&quot;,&quot;iso&quot;:&quot;0&quot;,&quot;shutter_speed&quot;:&quot;0&quot;,&quot;title&quot;:&quot;&quot;,&quot;orientation&quot;:&quot;0&quot;}\" data-image-title=\"08A4220F-15B1-4060-8307-3172ED2FBB71\" data-image-description=\"\" data-image-caption=\"\" data-medium-file=\"https:\/\/i0.wp.com\/blogdalucianaoliveira.com.br\/blog\/wp-content\/uploads\/2017\/12\/08A4220F-15B1-4060-8307-3172ED2FBB71.jpeg?fit=300%2C168\" data-large-file=\"https:\/\/i0.wp.com\/blogdalucianaoliveira.com.br\/blog\/wp-content\/uploads\/2017\/12\/08A4220F-15B1-4060-8307-3172ED2FBB71.jpeg?fit=600%2C336\" src=\"https:\/\/i0.wp.com\/blogdalucianaoliveira.com.br\/blog\/wp-content\/uploads\/2017\/12\/08A4220F-15B1-4060-8307-3172ED2FBB71.jpeg?resize=600%2C336\" alt=\"08A4220F-15B1-4060-8307-3172ED2FBB71\" width=\"600\" height=\"336\" class=\"alignnone size-full wp-image-15743\" srcset=\"https:\/\/i0.wp.com\/blogdalucianaoliveira.com.br\/blog\/wp-content\/uploads\/2017\/12\/08A4220F-15B1-4060-8307-3172ED2FBB71.jpeg?w=980 980w, https:\/\/i0.wp.com\/blogdalucianaoliveira.com.br\/blog\/wp-content\/uploads\/2017\/12\/08A4220F-15B1-4060-8307-3172ED2FBB71.jpeg?resize=300%2C168 300w, https:\/\/i0.wp.com\/blogdalucianaoliveira.com.br\/blog\/wp-content\/uploads\/2017\/12\/08A4220F-15B1-4060-8307-3172ED2FBB71.jpeg?resize=768%2C430 768w, https:\/\/i0.wp.com\/blogdalucianaoliveira.com.br\/blog\/wp-content\/uploads\/2017\/12\/08A4220F-15B1-4060-8307-3172ED2FBB71.jpeg?resize=536%2C300 536w\" sizes=\"auto, (max-width: 600px) 100vw, 600px\" \/><\/p>\n<p>O EL PA\u00cdS perguntou a tr\u00eas cr\u00edticos e curadores com forma\u00e7\u00f5es e atua\u00e7\u00f5es diferentes no mercado cultural brasileiro quais foram os cinco melhores lan\u00e7amentos de 2017. <!--more--><\/p>\n<p>A lista, que n\u00e3o se limita a literatura, forma um panorama amplo que abarca t\u00edtulos de autores consagrados at\u00e9 os menos conhecidos. H\u00e1 espa\u00e7o para as grandes editoras e tamb\u00e9m para as pequenas e m\u00e9dias. A seguir, as indica\u00e7\u00f5es e uma breve apresenta\u00e7\u00e3o de quem as escolheu.<\/p>\n<p>Manuel da Costa Pinto \u00e9 jornalista, colunista do jornal Folha de S. Paulo, mestre em teoria liter\u00e1ria e literatura comparada pela USP e foi um dos fundadores da revista Cult.<\/p>\n<p>A Noite da Espera, de Milton Hatoum (Companhia das Letras). Na primeira parte da trilogia O Lugar Mais Sombrio, o renomado autor conta a hist\u00f3ria de Martim, um jovem que vive em Bras\u00edlia o in\u00edcio da ditadura militar brasileira.<br \/>\nNoite Dentro da Noite, de Joca Reiner Terron (Companhia das Letras). O novo romance do autor conta a hist\u00f3ria familiar de um garoto de 11 anos que, depois de sofrer um trauma, perde suas mem\u00f3rias e esquece quem \u00e9.<br \/>\nO Livro da Imita\u00e7\u00e3o e do Esquecimento, de Luis Krausz (Benvir\u00e1). Novo romance do professor de literatura hebraica e judaica da Universidade S\u00e3o Paulo, fala sobre Manfred Braunfels, um historiador que est\u00e1 empenhado em publicar uma pesquisa sobre escravos na Palestina durante o dom\u00ednio romano.<br \/>\nAdeus, Cavalo, de Nuno Ramos (Iluminuras). Novo livro do escritor e artista pl\u00e1stico, fala sobre o papel do artista em um texto h\u00edbrido que fica entre o conto e a dramaturgia.<br \/>\nUma Hist\u00f3ria do Samba (Vol. 1), de Lira Neto (Companhia das Letras). Novo livro do autor de uma aclamada biografia de Get\u00falio Vargas \u00e9 a primeira parte de uma trilogia que pretende contar a hist\u00f3ria do samba no Brasil.<br \/>\nJos\u00e9lia Aguiar \u00e9 jornalista cultural, historiadora e atual curadora da Festa Liter\u00e1ria Internacional de Paraty (Flip). Na edi\u00e7\u00e3o atual do evento, trouxe mais diversidade para a programa\u00e7\u00e3o ao equiparar o n\u00famero de autores homens e mulheres convidados para os debates, al\u00e9m de dar mais destaque para a literatura produzida por escritores negros.<\/p>\n<p>Ode a Mauro Shampoo e Outras Hist\u00f3rias da V\u00e1rzea, de Luiz Antonio Simas (Morula). Shampoo foi o centroavante do pior time de futebol do mundo, o Ibis. E isso basta para saber do que se trata o livro de Simas: um corol\u00e1rio aos vencidos e perdedores do esporte mais amado do pa\u00eds.<br \/>\nLima Barreto \u2013 Triste Vision\u00e1rio, de Lilia Moritz Schwarcz (Companhia das Letras). A biografia do autor homenageado na Festa Liter\u00e1ria Internacional de Paraty veio para colocar luz em uma faceta pouco explorada de sua obra: a luta de Lima Barreto contra o racismo e a escravid\u00e3o<br \/>\nO Martelo, de Aledaide Iv\u00e1nova (Garupa). Terceiro livro de poesia da jornalista, tradutora e fot\u00f3grafa que nasceu no Recife, Pernambuco, em 1982. Os textos tratam de machismo, estupro e da liberdade sexual feminina.<br \/>\nComo se Fosse a Casa: Uma Correspond\u00eancia, de Ana Martins Marques e Eduardo Jorge (Relic\u00e1rio). O livro se constr\u00f3i a partir de poesias trocadas como forma de correspond\u00eancia entre os autores. Ela escrevia de Belo Horizonte no apartamento de Jorge, enquanto ele viajava pela Fran\u00e7a.<br \/>\nqvasi, de Eduardo de Almeida Pereira (Editora 34). Com v\u00e1rios livros publicados, o autor re\u00fane no \u00faltimo lan\u00e7amento os principais pontos de sua pesquisa po\u00e9tica: literatura, antropologia, cultura popular e religiosidade.<br \/>\nKetty Valencio \u00e9 bibliotec\u00e1ria, gestora cultural e tem uma pesquisa acad\u00eamica sobre g\u00eanero e diversidade sexual. No come\u00e7o de dezembro, Valencio abriu um espa\u00e7o f\u00edsico de sua Livraria Africanidades, dedicada exclusivamente \u00e0 literatura feita por mulheres negras.<\/p>\n<p>Hero\u00ednas Negras Brasileiras em 15 Cord\u00e9is, de Jarid Arraes (Pol\u00e9n). Atrav\u00e9s de cord\u00e9is, o livro conta a hist\u00f3ria de 15 mulheres negras brasileiras, como as escritoras Maria Carolina de Jesus, de Quarto de Despejo, e Maria Firmina dos Reis, autora do primeiro romance abolicionista do Brasil.<br \/>\nTudo Nela Brilha e Queima: Poemas de Luta e Amor, de Ryane Le\u00e3o (Planeta). Livro de estreia da autora de Cuiab\u00e1 traz poesias que d\u00e3o enfoque ao ambiente urbano e o cotidiano de lutas e opress\u00f5es de mulheres negras.<br \/>\nO Punho Fechado no Fio da Navalha, de Patr\u00edcia Naia (Castanha Mec\u00e2nica). Primeiro livro de poesia da escritora fala sobre suas viv\u00eancias em Recife e foi lan\u00e7ado pela editora artesanal Castanha Mec\u00e2nica.<br \/>\nDe L\u00e1grimas, Revides e Futuros, de Vagner Souza (Edi\u00e7\u00f5es Incendi\u00e1rias). Livro de estreia de poesias do autor que participa do Sarau Poesia na Brasa, na Vila Brasil\u00e2ndia, periferia na zona Norte de S\u00e3o Paulo.<br \/>\nAntologia Jovem Afro (Quilombhoje Literatura). Quatorze autores integram essa colet\u00e2nea de jovens escritores negros entre 18 e 24 anos. O lan\u00e7amento, em outubro, aconteceu em ocasi\u00e3o do Dia da Consci\u00eancia Negra.<\/p>\n","protected":false},"excerpt":{"rendered":"<p>O EL PA\u00cdS perguntou a tr\u00eas cr\u00edticos e curadores com forma\u00e7\u00f5es e atua\u00e7\u00f5es diferentes no mercado cultural brasileiro quais foram os cinco melhores lan\u00e7amentos de 2017.<\/p>\n","protected":false},"author":1,"featured_media":0,"comment_status":"closed","ping_status":"open","sticky":false,"template":"","format":"standard","meta":{"_exactmetrics_skip_tracking":false,"_exactmetrics_sitenote_active":false,"_exactmetrics_sitenote_note":"","_exactmetrics_sitenote_category":0,"jetpack_post_was_ever_published":false,"_jetpack_newsletter_access":"","_jetpack_dont_email_post_to_subs":false,"_jetpack_newsletter_tier_id":0,"_jetpack_memberships_contains_paywalled_content":false,"_jetpack_memberships_contains_paid_content":false,"footnotes":"","jetpack_publicize_message":"","jetpack_publicize_feature_enabled":true,"jetpack_social_post_already_shared":true,"jetpack_social_options":{"image_generator_settings":{"template":"highway","enabled":false},"version":2}},"categories":[1],"tags":[],"class_list":["post-15744","post","type-post","status-publish","format-standard","hentry","category-notas"],"jetpack_publicize_connections":[],"jetpack_sharing_enabled":true,"jetpack_featured_media_url":"","jetpack_shortlink":"https:\/\/wp.me\/p7wKYW-45W","jetpack-related-posts":[],"_links":{"self":[{"href":"http:\/\/blogdalucianaoliveira.com.br\/blog\/wp-json\/wp\/v2\/posts\/15744","targetHints":{"allow":["GET"]}}],"collection":[{"href":"http:\/\/blogdalucianaoliveira.com.br\/blog\/wp-json\/wp\/v2\/posts"}],"about":[{"href":"http:\/\/blogdalucianaoliveira.com.br\/blog\/wp-json\/wp\/v2\/types\/post"}],"author":[{"embeddable":true,"href":"http:\/\/blogdalucianaoliveira.com.br\/blog\/wp-json\/wp\/v2\/users\/1"}],"replies":[{"embeddable":true,"href":"http:\/\/blogdalucianaoliveira.com.br\/blog\/wp-json\/wp\/v2\/comments?post=15744"}],"version-history":[{"count":1,"href":"http:\/\/blogdalucianaoliveira.com.br\/blog\/wp-json\/wp\/v2\/posts\/15744\/revisions"}],"predecessor-version":[{"id":15745,"href":"http:\/\/blogdalucianaoliveira.com.br\/blog\/wp-json\/wp\/v2\/posts\/15744\/revisions\/15745"}],"wp:attachment":[{"href":"http:\/\/blogdalucianaoliveira.com.br\/blog\/wp-json\/wp\/v2\/media?parent=15744"}],"wp:term":[{"taxonomy":"category","embeddable":true,"href":"http:\/\/blogdalucianaoliveira.com.br\/blog\/wp-json\/wp\/v2\/categories?post=15744"},{"taxonomy":"post_tag","embeddable":true,"href":"http:\/\/blogdalucianaoliveira.com.br\/blog\/wp-json\/wp\/v2\/tags?post=15744"}],"curies":[{"name":"wp","href":"https:\/\/api.w.org\/{rel}","templated":true}]}}