{"id":15757,"date":"2017-12-24T12:47:00","date_gmt":"2017-12-24T16:47:00","guid":{"rendered":"http:\/\/blogdalucianaoliveira.com.br\/blog\/?p=15757"},"modified":"2017-12-24T12:54:10","modified_gmt":"2017-12-24T16:54:10","slug":"sobre-realidade-e-fantasia-no-periodo-natalino","status":"publish","type":"post","link":"http:\/\/blogdalucianaoliveira.com.br\/blog\/2017\/12\/24\/sobre-realidade-e-fantasia-no-periodo-natalino\/","title":{"rendered":"Sobre realidade e fantasia no per\u00edodo natalino"},"content":{"rendered":"<p><img data-recalc-dims=\"1\" loading=\"lazy\" decoding=\"async\" data-attachment-id=\"15755\" data-permalink=\"http:\/\/blogdalucianaoliveira.com.br\/blog\/papa-7\/\" data-orig-file=\"https:\/\/i0.wp.com\/blogdalucianaoliveira.com.br\/blog\/wp-content\/uploads\/2017\/12\/papa.jpg?fit=471%2C632\" data-orig-size=\"471,632\" data-comments-opened=\"0\" data-image-meta=\"{&quot;aperture&quot;:&quot;0&quot;,&quot;credit&quot;:&quot;&quot;,&quot;camera&quot;:&quot;&quot;,&quot;caption&quot;:&quot;&quot;,&quot;created_timestamp&quot;:&quot;0&quot;,&quot;copyright&quot;:&quot;&quot;,&quot;focal_length&quot;:&quot;0&quot;,&quot;iso&quot;:&quot;0&quot;,&quot;shutter_speed&quot;:&quot;0&quot;,&quot;title&quot;:&quot;&quot;,&quot;orientation&quot;:&quot;0&quot;}\" data-image-title=\"papa\" data-image-description=\"\" data-image-caption=\"\" data-medium-file=\"https:\/\/i0.wp.com\/blogdalucianaoliveira.com.br\/blog\/wp-content\/uploads\/2017\/12\/papa.jpg?fit=224%2C300\" data-large-file=\"https:\/\/i0.wp.com\/blogdalucianaoliveira.com.br\/blog\/wp-content\/uploads\/2017\/12\/papa.jpg?fit=471%2C632\" src=\"https:\/\/i0.wp.com\/blogdalucianaoliveira.com.br\/blog\/wp-content\/uploads\/2017\/12\/papa.jpg?resize=471%2C632\" alt=\"papa\" width=\"471\" height=\"632\" class=\"alignnone size-full wp-image-15755\" srcset=\"https:\/\/i0.wp.com\/blogdalucianaoliveira.com.br\/blog\/wp-content\/uploads\/2017\/12\/papa.jpg?w=471 471w, https:\/\/i0.wp.com\/blogdalucianaoliveira.com.br\/blog\/wp-content\/uploads\/2017\/12\/papa.jpg?resize=224%2C300 224w\" sizes=\"auto, (max-width: 471px) 100vw, 471px\" \/><\/p>\n<p>Para minha fam\u00edlia o papai noel nunca foi personagem principal no m\u00eas natalino. Meus pais s\u00e3o cat\u00f3licos e apesar de manter tradi\u00e7\u00f5es como \u00e1rvore, ceia e presentes, o mais importante no natal sempre foi confirmar valores crist\u00e3os.<\/p>\n<p>A gente faz isso na ora\u00e7\u00e3o da fam\u00edlia em torno da mesa e com o poema que papai escreve para lembrar o que Jesus deixou como ensinamento \u00e0 uma vida \u00fatil e feliz.<!--more--><\/p>\n<p>Cedo aprendi que o velhinho carism\u00e1tico e bondoso era s\u00f3 um produto de marketing, mero pretexto para elevar bons sentimentos e justificar o presente a quem foi bacana durante o ano. <\/p>\n<p>O papai noel reflete valores caros como honestidade e respeito. Disso, ningu\u00e9m duvida.<\/p>\n<p>Mas, vi raros casos de crian\u00e7as que de fato ficaram de castigo e com as m\u00e3os abanando por terem sido desrespeitosas ou m\u00e1s.<\/p>\n<p>Tudo se releva no Natal e os exemplos e ensinamentos de papai noel e Jesus Cristo para serem vividos o ano todo, acabam banalizados. <\/p>\n<p>Alguns especialistas garantem que \u00e9 importante estimular crian\u00e7as \u00e0 fantasia de uma noite m\u00e1gica num mundo perfeito.<\/p>\n<p>A partir de quando, cabe a cada um decidir. <\/p>\n<p>Com nossos filhos, decidimos muito cedo.<\/p>\n<p>Aos quatro minha filha j\u00e1 questionava por que papai noel n\u00e3o presenteava crian\u00e7as pobres. \u201cN\u00e3o tem crian\u00e7a pobre que \u00e9 boa o ano inteiro? Toda crian\u00e7a rica merece presente?\u201d.<\/p>\n<p>O senso cr\u00edtico precoce n\u00e3o impediu ela e os irm\u00e3os de curtirem as festas familiares e os fez sonhar ainda mais com um mundo justo e bom para todos e todas.<\/p>\n<p>No poema de natal de 2014 meu pai, Ant\u00f4nio C\u00e2ndido, escreveu: <\/p>\n<p><em>\u201cNa minha inf\u00e2ncia de menino pobre<br \/>\ndeixava meus pedidos na janela<br \/>\nque eram feitos pra Papai Noel<br \/>\ndurante minhas noites de Natal.<br \/>\nE todo ano, ent\u00e3o, se repetia<br \/>\nde eu encontrar molhada do sereno<br \/>\nminha carta deixada na janela<br \/>\ne a velha meia uma vez mais vazia.<\/p>\n<p>Na minha inoc\u00eancia de crian\u00e7a,<br \/>\nverifiquei, depois de muita busca,<br \/>\nn\u00e3o existir de fato uma resposta<br \/>\nque pudesse afinal me convencer.<br \/>\nMenino rico sempre recebia<br \/>\nseu presente na noite de Natal,<br \/>\nenquanto aquele que nascia pobre<br \/>\nnenhum presente tinha a receber.\u201d<\/em><\/p>\n<p>No poema de 2007, lamentou: <\/p>\n<p><em>&#8220;Mas o mundo, Jesus, est\u00e1 perdido.<br \/>\nO amor ao irm\u00e3o foi esquecido<br \/>\ne \u00e9 ser esperto ensinamento novo.<\/p>\n<p>E em outro, pediu:<\/p>\n<p>Seria bom, Jesus, se novamente<br \/>\nvoc\u00ea pudesse entre n\u00f3s nascer<br \/>\ne ao mundo trouxesse humildemente<br \/>\nsuas li\u00e7\u00f5es de como se  viver.<\/p>\n<p>Pois o mundo mudou complemente<br \/>\ncomo por certo voc\u00ea pode ver.<br \/>\nFestejar o seu dia alegremente<br \/>\n\u00e9 s\u00f3 motivo para mais vender.&#8221;<br \/>\n <\/em><\/p>\n<p>E no seguinte, renovou o sonho:<\/p>\n<p><em>&#8220;Sonharia com um mundo novo<br \/>\nonde existisse em cada peito,<br \/>\nem cada alma de todo ser humano,<br \/>\nreinando absoluto o amor,<br \/>\no amor caridade, o amor doa\u00e7\u00e3o.<\/p>\n<p>Sonharia com a f\u00e9 que faz milagres<br \/>\ne que nos leva ao primeiro passo,<br \/>\n\u00e0 decis\u00e3o da primeira atitude<br \/>\nde quem resolve conquistar o mundo.&#8221;<\/p>\n<p><\/em><\/p>\n<p>Eis o que meu pai me ensinou sobre o natal.<\/p>\n<p>O que adquiri al\u00e9m da psicod\u00e9lica festa natalina n\u00e3o foi melhor compreens\u00e3o cognitiva por meio da fantasia, mas raz\u00e3o de viver.<\/p>\n<p>O que desejo a todos \u00e9 mais foco na realidade a ser transformada que na fantasia.<\/p>\n<p>Que a f\u00e9 se converta em coragem e luta por justi\u00e7a social.<\/p>\n","protected":false},"excerpt":{"rendered":"<p>Para minha fam\u00edlia o papai noel nunca foi personagem principal no m\u00eas natalino. Meus pais s\u00e3o cat\u00f3licos e apesar de manter tradi\u00e7\u00f5es como \u00e1rvore, ceia e presentes, o mais importante no natal sempre foi confirmar valores crist\u00e3os. A gente faz isso na ora\u00e7\u00e3o da fam\u00edlia em torno da mesa e com o poema que papai&#8230;<a class=\"more-link\" href=\"http:\/\/blogdalucianaoliveira.com.br\/blog\/2017\/12\/24\/sobre-realidade-e-fantasia-no-periodo-natalino\/\">Continue a leitura <span class=\"meta-nav\">&raquo;<\/span><\/a><\/p>\n","protected":false},"author":1,"featured_media":0,"comment_status":"closed","ping_status":"open","sticky":false,"template":"","format":"standard","meta":{"_exactmetrics_skip_tracking":false,"_exactmetrics_sitenote_active":false,"_exactmetrics_sitenote_note":"","_exactmetrics_sitenote_category":0,"jetpack_post_was_ever_published":false,"_jetpack_newsletter_access":"","_jetpack_dont_email_post_to_subs":false,"_jetpack_newsletter_tier_id":0,"_jetpack_memberships_contains_paywalled_content":false,"_jetpack_memberships_contains_paid_content":false,"footnotes":"","jetpack_publicize_message":"","jetpack_publicize_feature_enabled":true,"jetpack_social_post_already_shared":true,"jetpack_social_options":{"image_generator_settings":{"template":"highway","enabled":false},"version":2}},"categories":[1],"tags":[],"class_list":["post-15757","post","type-post","status-publish","format-standard","hentry","category-notas"],"jetpack_publicize_connections":[],"jetpack_sharing_enabled":true,"jetpack_featured_media_url":"","jetpack_shortlink":"https:\/\/wp.me\/p7wKYW-469","jetpack-related-posts":[],"_links":{"self":[{"href":"http:\/\/blogdalucianaoliveira.com.br\/blog\/wp-json\/wp\/v2\/posts\/15757","targetHints":{"allow":["GET"]}}],"collection":[{"href":"http:\/\/blogdalucianaoliveira.com.br\/blog\/wp-json\/wp\/v2\/posts"}],"about":[{"href":"http:\/\/blogdalucianaoliveira.com.br\/blog\/wp-json\/wp\/v2\/types\/post"}],"author":[{"embeddable":true,"href":"http:\/\/blogdalucianaoliveira.com.br\/blog\/wp-json\/wp\/v2\/users\/1"}],"replies":[{"embeddable":true,"href":"http:\/\/blogdalucianaoliveira.com.br\/blog\/wp-json\/wp\/v2\/comments?post=15757"}],"version-history":[{"count":4,"href":"http:\/\/blogdalucianaoliveira.com.br\/blog\/wp-json\/wp\/v2\/posts\/15757\/revisions"}],"predecessor-version":[{"id":15761,"href":"http:\/\/blogdalucianaoliveira.com.br\/blog\/wp-json\/wp\/v2\/posts\/15757\/revisions\/15761"}],"wp:attachment":[{"href":"http:\/\/blogdalucianaoliveira.com.br\/blog\/wp-json\/wp\/v2\/media?parent=15757"}],"wp:term":[{"taxonomy":"category","embeddable":true,"href":"http:\/\/blogdalucianaoliveira.com.br\/blog\/wp-json\/wp\/v2\/categories?post=15757"},{"taxonomy":"post_tag","embeddable":true,"href":"http:\/\/blogdalucianaoliveira.com.br\/blog\/wp-json\/wp\/v2\/tags?post=15757"}],"curies":[{"name":"wp","href":"https:\/\/api.w.org\/{rel}","templated":true}]}}