{"id":1576,"date":"2016-06-09T15:21:36","date_gmt":"2016-06-09T19:21:36","guid":{"rendered":"http:\/\/blogdalucianaoliveira.com.br\/blog\/?p=1576"},"modified":"2016-06-09T15:21:36","modified_gmt":"2016-06-09T19:21:36","slug":"em-audiencia-publica-advogado-denuncia-grilagem-e-alerta-para-conflito-de-terra-pior-que-o-de-corumbiara","status":"publish","type":"post","link":"http:\/\/blogdalucianaoliveira.com.br\/blog\/2016\/06\/09\/em-audiencia-publica-advogado-denuncia-grilagem-e-alerta-para-conflito-de-terra-pior-que-o-de-corumbiara\/","title":{"rendered":"EM AUDI\u00caNCIA P\u00daBLICA, ADVOGADO DENUNCIA GRILAGEM E ALERTA PARA CONFLITO DE TERRA PIOR QUE O DE CORUMBIARA"},"content":{"rendered":"<div style=\"width: 480px;\" class=\"wp-video\"><video class=\"wp-video-shortcode\" id=\"video-1576-1\" width=\"480\" height=\"480\" preload=\"metadata\" controls=\"controls\"><source type=\"video\/mp4\" src=\"http:\/\/blogdalucianaoliveira.com.br\/blog\/wp-content\/uploads\/2016\/06\/IMG_8166.mp4?_=1\" \/><a href=\"http:\/\/blogdalucianaoliveira.com.br\/blog\/wp-content\/uploads\/2016\/06\/IMG_8166.mp4\">http:\/\/blogdalucianaoliveira.com.br\/blog\/wp-content\/uploads\/2016\/06\/IMG_8166.mp4<\/a><\/video><\/div>\n<p>Audi\u00eancia na ALE-RO trata sobre conflito agr\u00e1rio em Candeias. <!--more--><\/p>\n<p>A Assembleia Legislativa realizou nesta quinta-feira (9) uma audi\u00eancia p\u00fablica sobre o conflito agr\u00e1rio coletivo em Candeias do Jamari, na Linha 45, na regi\u00e3o da Vila Nova Samuel, que envolve os propriet\u00e1rios da Marina Salsalito, que possui duas \u00e1reas de terras fronteiri\u00e7as com a \u00e1rea em lit\u00edgio que \u00e9 de 20.636605 hectares: uma das \u00e1reas \u00e9 denominada \u201cEscalerita\u201d de 5.974.261 hectares e a outra com o nome de \u201cBrasileira\u201d que tem 2.240.277 hectares. <\/p>\n<p>A \u00e1rea em conflito est\u00e1 exatamente entre estas duas propriedades e seus donos querem tomar posse de tudo. Para o advogado Ernande Segismundo que representa v\u00e1rios posseiros que moram na \u00e1rea h\u00e1 v\u00e1rias d\u00e9cadas, cuja ocupa\u00e7\u00e3o se intensificou \u00e0 partir da constru\u00e7\u00e3o da Usina de Samuel na d\u00e9cada de 80. <\/p>\n<p>O advogado relatou que a a\u00e7\u00e3o foi ingressada pelos fazendeiros supostos propriet\u00e1rios em 1997, sendo que em 2005 ela foi transferida \u00e0 Justi\u00e7a Federal, posteriormente em 2015 retornou para a justi\u00e7a Estadual. Segismundo foi categ\u00f3rico, \u201ctrata-se de grilagem de terras devolutas da Uni\u00e3o\u2019, j\u00e1 que os fazendeiros supostos donos n\u00e3o possuem qualquer t\u00edtulo do INCRA sobre aquela \u00e1rea\u201d. <\/p>\n<p>V\u00e1rios representantes dos moradores daquela imensa \u00e1rea usaram a Tribuna para denunciar a situa\u00e7\u00e3o de intranquilidade e verdadeiro temor que os propriet\u00e1rios vivem de que a qualquer momento possa sair uma decis\u00e3o judicial que ir\u00e1 acabar com tudo o que constru\u00edram ao longo de anos e anos. <\/p>\n<p>\u201cQueremos por um fim neste sofrimento, queremos plantar e colher, precisamos desenvolver a nossa Vila de Samuel, n\u00e3o \u00e9 poss\u00edvel que tudo isso seja tirado da gente e passado para um \u00fanico propriet\u00e1rio\u201d, desabafou um dos moradores. <\/p>\n<p>Outro agricultor foi bem claro: \u201cuma desocupa\u00e7\u00e3o nessa \u00e1rea ir\u00e1 causar um novo massacre de Corumbiara em Rond\u00f4nia\u201d Para o presidente da Central \u00danica dos Trabalhadores (CUT) existe em Rond\u00f4nia uma verdadeira ind\u00fastria da grilagem, onde grandes \u00e1reas da Uni\u00e3o s\u00e3o \u201clegalizadas\u201d em Cart\u00f3rio, mesmo que j\u00e1 estejam ocupadas h\u00e1 muitos anos por dezenas, centenas e milhares de fam\u00edlias; como aconteceu em 2012 na Fazenda Dois Pinguins em Chupinguaia, cujo conflito resultou na condena\u00e7\u00e3o de dezoito agricultores, sendo que posteriormente ficou comprovado que se tratava de grilagem e o t\u00edtulo registrado no Cart\u00f3rio foi cancelado pela Uni\u00e3o. <\/p>\n<p>\u201cA grilagem da linha 45 \u00e9 um verdadeiro absurdo, n\u00e3o h\u00e1 sequer t\u00edtulo concedido pelo INCRA; al\u00e9m disso, essas terras, ocupadas por tr\u00eas mil fam\u00edlias, est\u00e3o cumprindo a fun\u00e7\u00e3o social da propriedade previsto na Constitui\u00e7\u00e3o Federal\u201d, denunciou o sindicalista. <\/p>\n<p>A Audi\u00eancia foi presidida pelo deputado Lazinho da Fetagro, com a participa\u00e7\u00e3o do deputado Cleiton Roque. Em sua fala Lazinho manifestou sua revolta com as constantes injusti\u00e7as que s\u00e3o praticadas contra os trabalhadores sem terra. <\/p>\n<p>Denunciou tamb\u00e9m a discrimina\u00e7\u00e3o que h\u00e1 na opini\u00e3o p\u00fablica at\u00e9 entre as autoridades em rela\u00e7\u00e3o a luta pela terra e pela Reforma Agr\u00e1ria, onde os pequenos agricultores sem terra s\u00e3o discriminados e marginalizados, enquanto os grandes grileiros de terras p\u00fablicas, que agem na surdina, nunca despertam a indigna\u00e7\u00e3o da sociedade.<\/p>\n<p>\u201c\u00c9 revoltante que terras da Uni\u00e3o, ocupadas por milhares de fam\u00edlias, seja objeto de uma a\u00e7\u00e3o de despejo para beneficiar um \u00fanico propriet\u00e1rio\u201d, desabafou o parlamemtar. <\/p>\n<p>Fonte: Assessoria\/CUT<\/p>\n","protected":false},"excerpt":{"rendered":"<p>Audi\u00eancia na ALE-RO trata sobre conflito agr\u00e1rio em Candeias.<\/p>\n","protected":false},"author":1,"featured_media":0,"comment_status":"closed","ping_status":"open","sticky":false,"template":"","format":"standard","meta":{"_exactmetrics_skip_tracking":false,"_exactmetrics_sitenote_active":false,"_exactmetrics_sitenote_note":"","_exactmetrics_sitenote_category":0,"jetpack_post_was_ever_published":false,"_jetpack_newsletter_access":"","_jetpack_dont_email_post_to_subs":false,"_jetpack_newsletter_tier_id":0,"_jetpack_memberships_contains_paywalled_content":false,"_jetpack_memberships_contains_paid_content":false,"footnotes":"","jetpack_publicize_message":"","jetpack_publicize_feature_enabled":true,"jetpack_social_post_already_shared":true,"jetpack_social_options":{"image_generator_settings":{"template":"highway","enabled":false},"version":2}},"categories":[1],"tags":[],"class_list":["post-1576","post","type-post","status-publish","format-standard","hentry","category-notas"],"jetpack_publicize_connections":[],"jetpack_sharing_enabled":true,"jetpack_featured_media_url":"","jetpack_shortlink":"https:\/\/wp.me\/p7wKYW-pq","jetpack-related-posts":[],"_links":{"self":[{"href":"http:\/\/blogdalucianaoliveira.com.br\/blog\/wp-json\/wp\/v2\/posts\/1576","targetHints":{"allow":["GET"]}}],"collection":[{"href":"http:\/\/blogdalucianaoliveira.com.br\/blog\/wp-json\/wp\/v2\/posts"}],"about":[{"href":"http:\/\/blogdalucianaoliveira.com.br\/blog\/wp-json\/wp\/v2\/types\/post"}],"author":[{"embeddable":true,"href":"http:\/\/blogdalucianaoliveira.com.br\/blog\/wp-json\/wp\/v2\/users\/1"}],"replies":[{"embeddable":true,"href":"http:\/\/blogdalucianaoliveira.com.br\/blog\/wp-json\/wp\/v2\/comments?post=1576"}],"version-history":[{"count":1,"href":"http:\/\/blogdalucianaoliveira.com.br\/blog\/wp-json\/wp\/v2\/posts\/1576\/revisions"}],"predecessor-version":[{"id":1578,"href":"http:\/\/blogdalucianaoliveira.com.br\/blog\/wp-json\/wp\/v2\/posts\/1576\/revisions\/1578"}],"wp:attachment":[{"href":"http:\/\/blogdalucianaoliveira.com.br\/blog\/wp-json\/wp\/v2\/media?parent=1576"}],"wp:term":[{"taxonomy":"category","embeddable":true,"href":"http:\/\/blogdalucianaoliveira.com.br\/blog\/wp-json\/wp\/v2\/categories?post=1576"},{"taxonomy":"post_tag","embeddable":true,"href":"http:\/\/blogdalucianaoliveira.com.br\/blog\/wp-json\/wp\/v2\/tags?post=1576"}],"curies":[{"name":"wp","href":"https:\/\/api.w.org\/{rel}","templated":true}]}}