{"id":15774,"date":"2017-12-26T12:28:14","date_gmt":"2017-12-26T16:28:14","guid":{"rendered":"http:\/\/blogdalucianaoliveira.com.br\/blog\/?p=15774"},"modified":"2017-12-26T12:31:35","modified_gmt":"2017-12-26T16:31:35","slug":"quem-esta-longe-dos-pobres-esta-longe-de-cristo","status":"publish","type":"post","link":"http:\/\/blogdalucianaoliveira.com.br\/blog\/2017\/12\/26\/quem-esta-longe-dos-pobres-esta-longe-de-cristo\/","title":{"rendered":"Quem est\u00e1 longe dos pobres, est\u00e1 longe de Cristo"},"content":{"rendered":"<p><img data-recalc-dims=\"1\" loading=\"lazy\" decoding=\"async\" data-attachment-id=\"15775\" data-permalink=\"http:\/\/blogdalucianaoliveira.com.br\/blog\/2017\/12\/26\/quem-esta-longe-dos-pobres-esta-longe-de-cristo\/pa-3\/\" data-orig-file=\"https:\/\/i0.wp.com\/blogdalucianaoliveira.com.br\/blog\/wp-content\/uploads\/2017\/12\/pa.jpg?fit=275%2C183\" data-orig-size=\"275,183\" data-comments-opened=\"0\" data-image-meta=\"{&quot;aperture&quot;:&quot;0&quot;,&quot;credit&quot;:&quot;&quot;,&quot;camera&quot;:&quot;&quot;,&quot;caption&quot;:&quot;&quot;,&quot;created_timestamp&quot;:&quot;0&quot;,&quot;copyright&quot;:&quot;&quot;,&quot;focal_length&quot;:&quot;0&quot;,&quot;iso&quot;:&quot;0&quot;,&quot;shutter_speed&quot;:&quot;0&quot;,&quot;title&quot;:&quot;&quot;,&quot;orientation&quot;:&quot;0&quot;}\" data-image-title=\"pa\" data-image-description=\"\" data-image-caption=\"\" data-medium-file=\"https:\/\/i0.wp.com\/blogdalucianaoliveira.com.br\/blog\/wp-content\/uploads\/2017\/12\/pa.jpg?fit=275%2C183\" data-large-file=\"https:\/\/i0.wp.com\/blogdalucianaoliveira.com.br\/blog\/wp-content\/uploads\/2017\/12\/pa.jpg?fit=275%2C183\" src=\"https:\/\/i0.wp.com\/blogdalucianaoliveira.com.br\/blog\/wp-content\/uploads\/2017\/12\/pa.jpg?resize=275%2C183\" alt=\"pa\" width=\"275\" height=\"183\" class=\"alignnone size-full wp-image-15775\" \/><\/p>\n<p>247, por Leonardo Boff &#8211; O Natal nos faz lembrar nossas origens humildes. O Filho de Deus n\u00e3o quis nascer num pal\u00e1cio com tudo o que lhe pertence em pompa e gl\u00f3ria. N\u00e3o preferiu um templo com seus ritos, incensos, velas acesas e c\u00e2nticos. Sequer buscou uma casa minimamente decente. Nasceu l\u00e1 onde comem os animais, numa manjedoura. Os pais eram pobres oper\u00e1rios, do campo e da oficina, a caminho de um recenseamento imposto pelo imperador romano.<!--more--><\/p>\n<p>Esta cena nos remete \u00e0 situa\u00e7\u00e3o presente no pa\u00eds e no mundo: milh\u00f5es e milh\u00f5es de pobres, muitos fam\u00e9licos, outros tantos milh\u00f5es de crian\u00e7as cujos olhos quase saltam do rosto por causa da fome e da fraqueza. A maioria morre antes de atingir 3 anos. Eles atualizam para n\u00f3s a condi\u00e7\u00e3o escolhida pelo Filho de Deus.<\/p>\n<p>Ao escolher aqueles que n\u00e3o s\u00e3o socialmente e os tidos como invis\u00edveis, o Filho de Deus nos quis passar uma mensagem: h\u00e1 uma dignidade divina em todos estes sofredores. Face a eles devemos mostrar solidariedade e compaix\u00e3o, n\u00e3o como pena, mas como forma de participar de sua paix\u00e3o. Sempre haver\u00e1 pobres neste mundo, j\u00e1 o disse a B\u00edblia. Raz\u00e3o a mais para sempre retomarmos a solidariedade e a compaix\u00e3o. Se algu\u00e9m caminha junto, estende a m\u00e3o e levanta o ca\u00eddo, mais ainda, se algu\u00e9m se faz companheiro, quer dizer, aquele que comparte o p\u00e3o, o sofrimento se torna menor e a cruz mais leve. <\/p>\n<p>Quem est\u00e1 longe dos pobres, mesmo o crist\u00e3o mais piedoso, est\u00e1 longe de Cristo. Cabe sempre recordar a palavra do Juiz Supremo: \u201dO que fizer ou deixar de fazer a estes meus meus irm\u00e3os e irm\u00e3s mais pequenos: os famintos, os sedentos, os encarcerados e os nus, foi a mim que o fez ou deixou de fazer (Mt 25,40).<\/p>\n<p>O Natal \u00e9 uma festa da contradi\u00e7\u00e3o: ela nos recorda o mundo que ainda n\u00e3o foi humanizado porque somos cru\u00e9is e sem piedade para com aqueles penalizados pela vida. O Natal nos recorda a mesma situa\u00e7\u00e3o vivida pelo Verbo da vida, o Filho feito carne.<\/p>\n<p>Por outro lado, no Natal nos alegramos que Deus em Jesus \u201cmostrou a sua bondade e jovialidade para conosco\u201d (Ep\u00edstola a Tito 3,4). Alegra-nos saber que Deus se fez crian\u00e7a que n\u00e3o julga nem condena ningu\u00e9m. Quer apenas, como crian\u00e7a, ser acolhido mais que acolher, ser ajudado mais que ajudar.<\/p>\n<p>Apraz-me terminar esta pequena reflex\u00e3o com os versos do grande poeta portugu\u00eas, Fernando Pessoa. Poucos disseram coisas mais belas do que ele sobre o Menino Jesus:<\/p>\n<p>Ele \u00e9 a Eterna Crian\u00e7a, o Deus que faltava.<br \/>\nEle \u00e9 o humano que \u00e9 natural,<br \/>\nEle \u00e9 o divino que sorri e que brinca.<br \/>\nE por isso \u00e9 que eu sei com toda certeza<br \/>\nQue Ele \u00e9 o Menino Jesus verdadeiro.<br \/>\nE a crian\u00e7a t\u00e3o humana que \u00e9 divina.<\/p>\n<p>Damo-nos t\u00e3o bem um com o outro<br \/>\nNa companhia de tudo,<br \/>\nQue nunca pensamos um no outro.<br \/>\nMas vivemos juntos os dois<br \/>\nCom um acordo \u00edntimo,<br \/>\nComo a m\u00e3o direita e a esquerda.<\/p>\n<p>Quando eu morrer, filhinho,<br \/>\nSeja eu a crian\u00e7a, a mais pequena.<br \/>\nPega-me tu ao colo<br \/>\nE leva-me para dentro de tua casa.<br \/>\nDespe o meu ser cansado e humano<br \/>\nE deita-me na tua cama.<\/p>\n<p>E conta-me hist\u00f3rias, caso eu acorde,<br \/>\nPara eu tornar a adormecer.<br \/>\nE d\u00e1-me sonhos teus para eu brincar<br \/>\nAt\u00e9 que nas\u00e7a qualquer dia<br \/>\nQue tu sabes qual \u00e9.<\/p>\n<p>Depois desta beleza singela e verdadeira s\u00f3 me resta desejar um Feliz Natal sereno a todos dentro de nosso mundo t\u00e3o conturbado.<\/p>\n<p>*Leonardo Boff \u00e9 te\u00f3logo e escritor<\/p>\n","protected":false},"excerpt":{"rendered":"<p>247, por Leonardo Boff &#8211; O Natal nos faz lembrar nossas origens humildes. O Filho de Deus n\u00e3o quis nascer num pal\u00e1cio com tudo o que lhe pertence em pompa e gl\u00f3ria. N\u00e3o preferiu um templo com seus ritos, incensos, velas acesas e c\u00e2nticos. Sequer buscou uma casa minimamente decente. Nasceu l\u00e1 onde comem os&#8230;<a class=\"more-link\" href=\"http:\/\/blogdalucianaoliveira.com.br\/blog\/2017\/12\/26\/quem-esta-longe-dos-pobres-esta-longe-de-cristo\/\">Continue a leitura <span class=\"meta-nav\">&raquo;<\/span><\/a><\/p>\n","protected":false},"author":1,"featured_media":15777,"comment_status":"closed","ping_status":"open","sticky":false,"template":"","format":"standard","meta":{"_exactmetrics_skip_tracking":false,"_exactmetrics_sitenote_active":false,"_exactmetrics_sitenote_note":"","_exactmetrics_sitenote_category":0,"jetpack_post_was_ever_published":false,"_jetpack_newsletter_access":"","_jetpack_dont_email_post_to_subs":false,"_jetpack_newsletter_tier_id":0,"_jetpack_memberships_contains_paywalled_content":false,"_jetpack_memberships_contains_paid_content":false,"footnotes":"","jetpack_publicize_message":"","jetpack_publicize_feature_enabled":true,"jetpack_social_post_already_shared":true,"jetpack_social_options":{"image_generator_settings":{"template":"highway","enabled":false},"version":2}},"categories":[1],"tags":[],"class_list":["post-15774","post","type-post","status-publish","format-standard","has-post-thumbnail","hentry","category-notas"],"jetpack_publicize_connections":[],"jetpack_sharing_enabled":true,"jetpack_featured_media_url":"https:\/\/i0.wp.com\/blogdalucianaoliveira.com.br\/blog\/wp-content\/uploads\/2017\/12\/pai.jpg?fit=640%2C453","jetpack_shortlink":"https:\/\/wp.me\/p7wKYW-46q","jetpack-related-posts":[],"_links":{"self":[{"href":"http:\/\/blogdalucianaoliveira.com.br\/blog\/wp-json\/wp\/v2\/posts\/15774","targetHints":{"allow":["GET"]}}],"collection":[{"href":"http:\/\/blogdalucianaoliveira.com.br\/blog\/wp-json\/wp\/v2\/posts"}],"about":[{"href":"http:\/\/blogdalucianaoliveira.com.br\/blog\/wp-json\/wp\/v2\/types\/post"}],"author":[{"embeddable":true,"href":"http:\/\/blogdalucianaoliveira.com.br\/blog\/wp-json\/wp\/v2\/users\/1"}],"replies":[{"embeddable":true,"href":"http:\/\/blogdalucianaoliveira.com.br\/blog\/wp-json\/wp\/v2\/comments?post=15774"}],"version-history":[{"count":1,"href":"http:\/\/blogdalucianaoliveira.com.br\/blog\/wp-json\/wp\/v2\/posts\/15774\/revisions"}],"predecessor-version":[{"id":15776,"href":"http:\/\/blogdalucianaoliveira.com.br\/blog\/wp-json\/wp\/v2\/posts\/15774\/revisions\/15776"}],"wp:featuredmedia":[{"embeddable":true,"href":"http:\/\/blogdalucianaoliveira.com.br\/blog\/wp-json\/wp\/v2\/media\/15777"}],"wp:attachment":[{"href":"http:\/\/blogdalucianaoliveira.com.br\/blog\/wp-json\/wp\/v2\/media?parent=15774"}],"wp:term":[{"taxonomy":"category","embeddable":true,"href":"http:\/\/blogdalucianaoliveira.com.br\/blog\/wp-json\/wp\/v2\/categories?post=15774"},{"taxonomy":"post_tag","embeddable":true,"href":"http:\/\/blogdalucianaoliveira.com.br\/blog\/wp-json\/wp\/v2\/tags?post=15774"}],"curies":[{"name":"wp","href":"https:\/\/api.w.org\/{rel}","templated":true}]}}