{"id":15778,"date":"2017-12-26T12:34:40","date_gmt":"2017-12-26T16:34:40","guid":{"rendered":"http:\/\/blogdalucianaoliveira.com.br\/blog\/?p=15778"},"modified":"2017-12-26T12:34:40","modified_gmt":"2017-12-26T16:34:40","slug":"nem-eleitores-tucanos-querem-privatizacoes","status":"publish","type":"post","link":"http:\/\/blogdalucianaoliveira.com.br\/blog\/2017\/12\/26\/nem-eleitores-tucanos-querem-privatizacoes\/","title":{"rendered":"NEM ELEITORES TUCANOS QUEREM PRIVATIZA\u00c7\u00d5ES"},"content":{"rendered":"<p><img data-recalc-dims=\"1\" loading=\"lazy\" decoding=\"async\" data-attachment-id=\"15779\" data-permalink=\"http:\/\/blogdalucianaoliveira.com.br\/blog\/2017\/12\/26\/nem-eleitores-tucanos-querem-privatizacoes\/capeta-2\/\" data-orig-file=\"https:\/\/i0.wp.com\/blogdalucianaoliveira.com.br\/blog\/wp-content\/uploads\/2017\/12\/capeta.jpg?fit=1001%2C357\" data-orig-size=\"1001,357\" data-comments-opened=\"0\" data-image-meta=\"{&quot;aperture&quot;:&quot;0&quot;,&quot;credit&quot;:&quot;&quot;,&quot;camera&quot;:&quot;&quot;,&quot;caption&quot;:&quot;&quot;,&quot;created_timestamp&quot;:&quot;0&quot;,&quot;copyright&quot;:&quot;&quot;,&quot;focal_length&quot;:&quot;0&quot;,&quot;iso&quot;:&quot;0&quot;,&quot;shutter_speed&quot;:&quot;0&quot;,&quot;title&quot;:&quot;&quot;,&quot;orientation&quot;:&quot;0&quot;}\" data-image-title=\"capeta\" data-image-description=\"\" data-image-caption=\"\" data-medium-file=\"https:\/\/i0.wp.com\/blogdalucianaoliveira.com.br\/blog\/wp-content\/uploads\/2017\/12\/capeta.jpg?fit=300%2C107\" data-large-file=\"https:\/\/i0.wp.com\/blogdalucianaoliveira.com.br\/blog\/wp-content\/uploads\/2017\/12\/capeta.jpg?fit=600%2C214\" src=\"https:\/\/i0.wp.com\/blogdalucianaoliveira.com.br\/blog\/wp-content\/uploads\/2017\/12\/capeta.jpg?resize=600%2C214\" alt=\"capeta\" width=\"600\" height=\"214\" class=\"alignnone size-full wp-image-15779\" srcset=\"https:\/\/i0.wp.com\/blogdalucianaoliveira.com.br\/blog\/wp-content\/uploads\/2017\/12\/capeta.jpg?w=1001 1001w, https:\/\/i0.wp.com\/blogdalucianaoliveira.com.br\/blog\/wp-content\/uploads\/2017\/12\/capeta.jpg?resize=300%2C107 300w, https:\/\/i0.wp.com\/blogdalucianaoliveira.com.br\/blog\/wp-content\/uploads\/2017\/12\/capeta.jpg?resize=768%2C274 768w, https:\/\/i0.wp.com\/blogdalucianaoliveira.com.br\/blog\/wp-content\/uploads\/2017\/12\/capeta.jpg?resize=800%2C285 800w\" sizes=\"auto, (max-width: 600px) 100vw, 600px\" \/><\/p>\n<p>Rede Brasil Atual &#8211; Levantamento realizado pelo instituto Datafolha divulgado nesta ter\u00e7a-feira (26) mostra que 55% dos eleitores do PSDB s\u00e3o contra a privatiza\u00e7\u00e3o de empresas estatais. Entre os tucanos, apenas 37% apoiam a venda do patrim\u00f4nio p\u00fablico e 8% n\u00e3o souberam responder.<!--more--><\/p>\n<p>J\u00e1 entre os eleitores petistas, a imensa maioria (83%) \u00e9 contr\u00e1ria \u00e0 venda de patrim\u00f4nio p\u00fablico, com apenas 11% favor\u00e1veis. Outros 5% s\u00e3o indiferentes ou n\u00e3o responderam.<\/p>\n<p>Esse modelo privatista rejeitado pela popula\u00e7\u00e3o \u00e9 uma das principais bandeiras do governo Temer, que em meados de 2016 chegou anunciar que o ideal era privatizar &#8220;tudo o que for poss\u00edvel&#8221;, e em 2017 anunciou um pacote de privatiza\u00e7\u00f5es que inclui a venda de 57 empresas p\u00fablicas.<\/p>\n<p>Ainda assim, essas medidas tamb\u00e9m n\u00e3o encontram respaldo entre eleitores que dizem preferir o MDB (o partido de Temer). Destes, apenas 17% apoiam a venda do patrim\u00f4nio p\u00fablico e 75% se declararam contr\u00e1rios. Os que n\u00e3o responderam somam 9%.<\/p>\n<p>A recente onda de privatiza\u00e7\u00f5es realizadas pelo governo federal teve in\u00edcio, no Brasil, durante o governo Collor, e ganhou impulso nos governos do ex-presidente Fernando Henrique Cardoso (PSDB), que passou para o capital privado expoentes da ind\u00fastria pesada nacional como a Vale (ent\u00e3o Vale do Rio Doce) e a Companhia Sider\u00fargica Nacional (CNS), al\u00e9m do sistema de telecomunica\u00e7\u00f5es (Telebr\u00e1s), entre outras empresas p\u00fablicas.<\/p>\n<p>Presidenci\u00e1veis<\/p>\n<p>Os maiores \u00edndices de apoio \u00e0s privatiza\u00e7\u00f5es, segundo o levantamento, foram encontrados entre os eleitores que, nas pr\u00f3ximas elei\u00e7\u00f5es, dizem apoiar Bolsonaro \u2013 entre 33% e 35%. Entre os potenciais eleitores do governador de S\u00e3o Paulo e pr\u00e9-candidato tucano Geraldo Alckmin, esse n\u00famero varia entre 31% e 36%. Mesmo entre eles, os que rejeitam \u00e0s privatiza\u00e7\u00f5es somam quase o dobro dos que dizem apoiar.<\/p>\n<p>J\u00e1 entre os que mais rejeitam a venda das estatais est\u00e3o os eleitores do ex-presidente Lula (80% contr\u00e1rios), seguidos pelos simpatizantes de Ciro Gomes (PDT) e Marina Silva (Rede).<\/p>\n<p>Petrobras<\/p>\n<p>Perguntados especificamente sobre eventual privatiza\u00e7\u00e3o da Petrobras, 70% se declararam contr\u00e1rios e 21% favor\u00e1veis \u2013 o restante n\u00e3o respondeu. A reportagem do jornal Folha de S.Paulo aponta que vem aumentando a resist\u00eancia contra a venda da estatal, j\u00e1 que, em 2015, 24% eram a favor da sua venda e 61% era contra.<\/p>\n<p>Dados gerais<\/p>\n<p>Segundo o levantamento, a cada 10 brasileiros ouvidos, sete (70%) se op\u00f5em \u00e0 venda de patrim\u00f4nio p\u00fablico ao capital privado, e apenas 20% s\u00e3o favor\u00e1veis. Outros 10% n\u00e3o souberam responder.<\/p>\n<p>A rejei\u00e7\u00e3o \u00e0 privatiza\u00e7\u00e3o prevalece em todos os os n\u00edveis de escolaridade (de 73% entre aqueles com ensino fundamental a 62% entre aqueles com forma\u00e7\u00e3o superior), e em quase todos os extratos de renda. Apenas os mais ricos (que ganham acima de 10 sal\u00e1rios m\u00ednimos) s\u00e3o majoritariamente a favor da venda das empresas p\u00fablicas (55%).<\/p>\n","protected":false},"excerpt":{"rendered":"<p>Rede Brasil Atual &#8211; Levantamento realizado pelo instituto Datafolha divulgado nesta ter\u00e7a-feira (26) mostra que 55% dos eleitores do PSDB s\u00e3o contra a privatiza\u00e7\u00e3o de empresas estatais. Entre os tucanos, apenas 37% apoiam a venda do patrim\u00f4nio p\u00fablico e 8% n\u00e3o souberam responder.<\/p>\n","protected":false},"author":1,"featured_media":0,"comment_status":"closed","ping_status":"open","sticky":false,"template":"","format":"standard","meta":{"_exactmetrics_skip_tracking":false,"_exactmetrics_sitenote_active":false,"_exactmetrics_sitenote_note":"","_exactmetrics_sitenote_category":0,"jetpack_post_was_ever_published":false,"_jetpack_newsletter_access":"","_jetpack_dont_email_post_to_subs":false,"_jetpack_newsletter_tier_id":0,"_jetpack_memberships_contains_paywalled_content":false,"_jetpack_memberships_contains_paid_content":false,"footnotes":"","jetpack_publicize_message":"","jetpack_publicize_feature_enabled":true,"jetpack_social_post_already_shared":true,"jetpack_social_options":{"image_generator_settings":{"template":"highway","enabled":false},"version":2}},"categories":[1],"tags":[],"class_list":["post-15778","post","type-post","status-publish","format-standard","hentry","category-notas"],"jetpack_publicize_connections":[],"jetpack_sharing_enabled":true,"jetpack_featured_media_url":"","jetpack_shortlink":"https:\/\/wp.me\/p7wKYW-46u","jetpack-related-posts":[],"_links":{"self":[{"href":"http:\/\/blogdalucianaoliveira.com.br\/blog\/wp-json\/wp\/v2\/posts\/15778","targetHints":{"allow":["GET"]}}],"collection":[{"href":"http:\/\/blogdalucianaoliveira.com.br\/blog\/wp-json\/wp\/v2\/posts"}],"about":[{"href":"http:\/\/blogdalucianaoliveira.com.br\/blog\/wp-json\/wp\/v2\/types\/post"}],"author":[{"embeddable":true,"href":"http:\/\/blogdalucianaoliveira.com.br\/blog\/wp-json\/wp\/v2\/users\/1"}],"replies":[{"embeddable":true,"href":"http:\/\/blogdalucianaoliveira.com.br\/blog\/wp-json\/wp\/v2\/comments?post=15778"}],"version-history":[{"count":1,"href":"http:\/\/blogdalucianaoliveira.com.br\/blog\/wp-json\/wp\/v2\/posts\/15778\/revisions"}],"predecessor-version":[{"id":15780,"href":"http:\/\/blogdalucianaoliveira.com.br\/blog\/wp-json\/wp\/v2\/posts\/15778\/revisions\/15780"}],"wp:attachment":[{"href":"http:\/\/blogdalucianaoliveira.com.br\/blog\/wp-json\/wp\/v2\/media?parent=15778"}],"wp:term":[{"taxonomy":"category","embeddable":true,"href":"http:\/\/blogdalucianaoliveira.com.br\/blog\/wp-json\/wp\/v2\/categories?post=15778"},{"taxonomy":"post_tag","embeddable":true,"href":"http:\/\/blogdalucianaoliveira.com.br\/blog\/wp-json\/wp\/v2\/tags?post=15778"}],"curies":[{"name":"wp","href":"https:\/\/api.w.org\/{rel}","templated":true}]}}