{"id":15785,"date":"2017-12-26T16:13:25","date_gmt":"2017-12-26T20:13:25","guid":{"rendered":"http:\/\/blogdalucianaoliveira.com.br\/blog\/?p=15785"},"modified":"2017-12-26T16:13:25","modified_gmt":"2017-12-26T20:13:25","slug":"os-amish-ganham-disputa-com-o-mundo-moderno","status":"publish","type":"post","link":"http:\/\/blogdalucianaoliveira.com.br\/blog\/2017\/12\/26\/os-amish-ganham-disputa-com-o-mundo-moderno\/","title":{"rendered":"Os Amish ganham disputa com o mundo moderno"},"content":{"rendered":"<p><img data-recalc-dims=\"1\" loading=\"lazy\" decoding=\"async\" data-attachment-id=\"15786\" data-permalink=\"http:\/\/blogdalucianaoliveira.com.br\/blog\/2017\/12\/26\/os-amish-ganham-disputa-com-o-mundo-moderno\/ami\/\" data-orig-file=\"https:\/\/i0.wp.com\/blogdalucianaoliveira.com.br\/blog\/wp-content\/uploads\/2017\/12\/ami.jpg?fit=1960%2C1088\" data-orig-size=\"1960,1088\" data-comments-opened=\"0\" data-image-meta=\"{&quot;aperture&quot;:&quot;0&quot;,&quot;credit&quot;:&quot;&quot;,&quot;camera&quot;:&quot;&quot;,&quot;caption&quot;:&quot;&quot;,&quot;created_timestamp&quot;:&quot;0&quot;,&quot;copyright&quot;:&quot;&quot;,&quot;focal_length&quot;:&quot;0&quot;,&quot;iso&quot;:&quot;0&quot;,&quot;shutter_speed&quot;:&quot;0&quot;,&quot;title&quot;:&quot;&quot;,&quot;orientation&quot;:&quot;0&quot;}\" data-image-title=\"ami\" data-image-description=\"\" data-image-caption=\"\" data-medium-file=\"https:\/\/i0.wp.com\/blogdalucianaoliveira.com.br\/blog\/wp-content\/uploads\/2017\/12\/ami.jpg?fit=300%2C167\" data-large-file=\"https:\/\/i0.wp.com\/blogdalucianaoliveira.com.br\/blog\/wp-content\/uploads\/2017\/12\/ami.jpg?fit=600%2C333\" src=\"https:\/\/i0.wp.com\/blogdalucianaoliveira.com.br\/blog\/wp-content\/uploads\/2017\/12\/ami.jpg?resize=600%2C333\" alt=\"ami\" width=\"600\" height=\"333\" class=\"alignnone size-full wp-image-15786\" srcset=\"https:\/\/i0.wp.com\/blogdalucianaoliveira.com.br\/blog\/wp-content\/uploads\/2017\/12\/ami.jpg?w=1960 1960w, https:\/\/i0.wp.com\/blogdalucianaoliveira.com.br\/blog\/wp-content\/uploads\/2017\/12\/ami.jpg?resize=300%2C167 300w, https:\/\/i0.wp.com\/blogdalucianaoliveira.com.br\/blog\/wp-content\/uploads\/2017\/12\/ami.jpg?resize=768%2C426 768w, https:\/\/i0.wp.com\/blogdalucianaoliveira.com.br\/blog\/wp-content\/uploads\/2017\/12\/ami.jpg?resize=1024%2C568 1024w, https:\/\/i0.wp.com\/blogdalucianaoliveira.com.br\/blog\/wp-content\/uploads\/2017\/12\/ami.jpg?resize=540%2C300 540w, https:\/\/i0.wp.com\/blogdalucianaoliveira.com.br\/blog\/wp-content\/uploads\/2017\/12\/ami.jpg?w=1200 1200w, https:\/\/i0.wp.com\/blogdalucianaoliveira.com.br\/blog\/wp-content\/uploads\/2017\/12\/ami.jpg?w=1800 1800w\" sizes=\"auto, (max-width: 600px) 100vw, 600px\" \/><\/p>\n<p>Tentativa de submeter as carro\u00e7as a cavalo \u00e0 regulamenta\u00e7\u00e3o de ve\u00edculos a motor se choca com uma recusa frontal da comunidade religiosa em Wisconsin, nos EUA<!--more--><\/p>\n<p>No El Pa\u00eds &#8211; A batalha come\u00e7ou h\u00e1 duas semanas, quando as autoridades de um pequeno condado de Wisconsin, nos EUA, propuseram colocar as carro\u00e7as a cavalo, utilizadas pelo grupo religioso Amish, sob as regulamenta\u00e7\u00f5es dos ve\u00edculos a motor. O argumento era que obrigando-os a obter uma licen\u00e7a para dirigir e utilizar cintos de seguran\u00e7a e espelhos retrovisores, os acidentes de tr\u00e2nsito e as v\u00edtimas fatais se reduziriam. Mas para os l\u00edderes Amish consideraram que essa mo\u00e7\u00e3o invadia seus valores tradicionais, de acordo com declara\u00e7\u00f5es recolhidas em diversos ve\u00edculos da imprensa local, e amea\u00e7aram com um \u00eaxodo caso a lei n\u00e3o fosse retirada. Na semana passada, o conselho local descartou a proposta.<\/p>\n<p>O objetivo inicial era a seguran\u00e7a das vias. Desde 2009, nove pessoas morreram \u2013 tr\u00eas delas no \u00faltimo ano \u2013 no condado de Wood por acidentes relacionados \u00e0s carro\u00e7as a cavalo da comunidade religiosa. Mas a proposta, que come\u00e7ou ao pedir luzes nas carro\u00e7as, acabou incluindo uma longa lista de exig\u00eancias incompat\u00edveis \u00e0 vida simples dos Amish, uma comunidade com mais de 300.000 pessoas nos Estados Unidos. A lei tamb\u00e9m contemplava a contrata\u00e7\u00e3o de um seguro para a carro\u00e7a, a instala\u00e7\u00e3o de para-brisas e cadeirinhas para as crian\u00e7as. Os maiores de 16 anos deveriam ser aprovados em um exame te\u00f3rico para poder circular.<\/p>\n<p>O que para as autoridades era um assunto pragm\u00e1tico, para os Amish foi uma quest\u00e3o fundamental, que atentava contra seu modo de vida rural, afastado das tecnologias e dos avan\u00e7os. Em uma reuni\u00e3o no conselho local, numerosos cr\u00edticos chamaram a proposta de \u201cest\u00fapida\u201d e \u201cdisparatada\u201d. Um amea\u00e7ou processar os respons\u00e1veis pela iniciativa na Uni\u00e3o de Liberdades Civis dos EUA caso ela fosse aprovada. Outros amea\u00e7aram mudar-se a outro condado. A press\u00e3o surtiu efeito e os Amish obtiveram uma grande vit\u00f3ria.<\/p>\n<p>\u201cAcho que eventualmente surgir\u00e1 outra resolu\u00e7\u00e3o que obrigue as carro\u00e7as a cavalo a instalar algum tipo de luz\u201d, afirmou \u00e0 imprensa local Lance Pliml, o presidente do conselho local que cedeu \u00e0 oposi\u00e7\u00e3o Amish. Tamb\u00e9m admitiu que v\u00e1rias das exig\u00eancias da proposta sa\u00edam do objetivo inicial: melhorar a seguran\u00e7a para os Amish e o restante da popula\u00e7\u00e3o.<\/p>\n<p>Os Amish, que seguindo suas tradi\u00e7\u00f5es educam seus filhos em col\u00e9gios exclusivos para membros de sua comunidade, n\u00e3o conhecem muito bem as leis de tr\u00e2nsito, o que preocupa os pol\u00edticos locais. Diante do bloqueio da medida, Pliml pediu como solu\u00e7\u00e3o a curto prazo que as escolas da comunidade ensinem regras b\u00e1sicas como o significado de uma faixa dupla amarela no asfalto. \u201cExistem crian\u00e7as de menos de 10 anos que dirigem as carro\u00e7as a cavalo e n\u00e3o sabem o que significa um Stop (Pare, em ingl\u00eas)\u201d, afirmou o pol\u00edtico.<\/p>\n<p>Os pol\u00edticos abordar\u00e3o o assunto nos pr\u00f3ximos meses com o objetivo de encontrar um meio termo que permita reduzir as v\u00edtimas fatais nas estradas do condado. \u201c\u00c9 um di\u00e1logo muito c\u00edvico, nos permite saber o que as pessoas acham sobre a quest\u00e3o e nos ajudar\u00e1 a ter discuss\u00f5es melhores no futuro\u201d, afirmou Pliml ap\u00f3s a reuni\u00e3o na qual a proposta foi recusada. Mas para os Amish, alguns dos quais a interpretaram como uma tentativa de expuls\u00e1-los de suas terras, n\u00e3o existir\u00e1 muita flexibilidade na hora de negociar.<\/p>\n","protected":false},"excerpt":{"rendered":"<p>Tentativa de submeter as carro\u00e7as a cavalo \u00e0 regulamenta\u00e7\u00e3o de ve\u00edculos a motor se choca com uma recusa frontal da comunidade religiosa em Wisconsin, nos EUA<\/p>\n","protected":false},"author":1,"featured_media":0,"comment_status":"closed","ping_status":"open","sticky":false,"template":"","format":"standard","meta":{"_exactmetrics_skip_tracking":false,"_exactmetrics_sitenote_active":false,"_exactmetrics_sitenote_note":"","_exactmetrics_sitenote_category":0,"jetpack_post_was_ever_published":false,"_jetpack_newsletter_access":"","_jetpack_dont_email_post_to_subs":false,"_jetpack_newsletter_tier_id":0,"_jetpack_memberships_contains_paywalled_content":false,"_jetpack_memberships_contains_paid_content":false,"footnotes":"","jetpack_publicize_message":"","jetpack_publicize_feature_enabled":true,"jetpack_social_post_already_shared":true,"jetpack_social_options":{"image_generator_settings":{"template":"highway","enabled":false},"version":2}},"categories":[1],"tags":[],"class_list":["post-15785","post","type-post","status-publish","format-standard","hentry","category-notas"],"jetpack_publicize_connections":[],"jetpack_sharing_enabled":true,"jetpack_featured_media_url":"","jetpack_shortlink":"https:\/\/wp.me\/p7wKYW-46B","jetpack-related-posts":[],"_links":{"self":[{"href":"http:\/\/blogdalucianaoliveira.com.br\/blog\/wp-json\/wp\/v2\/posts\/15785","targetHints":{"allow":["GET"]}}],"collection":[{"href":"http:\/\/blogdalucianaoliveira.com.br\/blog\/wp-json\/wp\/v2\/posts"}],"about":[{"href":"http:\/\/blogdalucianaoliveira.com.br\/blog\/wp-json\/wp\/v2\/types\/post"}],"author":[{"embeddable":true,"href":"http:\/\/blogdalucianaoliveira.com.br\/blog\/wp-json\/wp\/v2\/users\/1"}],"replies":[{"embeddable":true,"href":"http:\/\/blogdalucianaoliveira.com.br\/blog\/wp-json\/wp\/v2\/comments?post=15785"}],"version-history":[{"count":1,"href":"http:\/\/blogdalucianaoliveira.com.br\/blog\/wp-json\/wp\/v2\/posts\/15785\/revisions"}],"predecessor-version":[{"id":15787,"href":"http:\/\/blogdalucianaoliveira.com.br\/blog\/wp-json\/wp\/v2\/posts\/15785\/revisions\/15787"}],"wp:attachment":[{"href":"http:\/\/blogdalucianaoliveira.com.br\/blog\/wp-json\/wp\/v2\/media?parent=15785"}],"wp:term":[{"taxonomy":"category","embeddable":true,"href":"http:\/\/blogdalucianaoliveira.com.br\/blog\/wp-json\/wp\/v2\/categories?post=15785"},{"taxonomy":"post_tag","embeddable":true,"href":"http:\/\/blogdalucianaoliveira.com.br\/blog\/wp-json\/wp\/v2\/tags?post=15785"}],"curies":[{"name":"wp","href":"https:\/\/api.w.org\/{rel}","templated":true}]}}